{"id":564515,"date":"2025-11-28T13:15:33","date_gmt":"2025-11-28T13:15:33","guid":{"rendered":"https:\/\/www.europesays.com\/fr\/564515\/"},"modified":"2025-11-28T13:15:33","modified_gmt":"2025-11-28T13:15:33","slug":"un-forfait-navigo-qui-passe-la-barre-des-90-euros-valerie-pecresse-decide-dune-nouvelle-hausse-des-tarifs-des-transports-franciliens","status":"publish","type":"post","link":"https:\/\/www.europesays.com\/fr\/564515\/","title":{"rendered":"Un forfait Navigo qui passe la barre des 90\u00a0euros\u00a0: Val\u00e9rie P\u00e9cresse d\u00e9cide d\u2019une nouvelle hausse des tarifs des transports franciliens"},"content":{"rendered":"<p>Un cap franchi. Le forfait au mois du Pass Navigo, actuellement de 88,80\u00a0euros, atteindra probablement les 90,80\u00a0euros au 1er\u00a0janvier 2026. L\u2019autorit\u00e9 organisatrice des transports dans la r\u00e9gion francilienne, \u00cele-de-France Mobilit\u00e9s, annonce une augmentation de deux euros pour l\u2019an prochain, soit une hausse de 2,30\u00a0%. La proposition reste \u00e0 valider durant un conseil d\u2019administration le 10\u00a0d\u00e9cembre, tout comme la hausse de 22\u00a0euros du Pass Navigo annuel, passant 978,80\u00a0euros \u00e0 998,80\u00a0euros l\u2019an prochain.<\/p>\n<p>Le ticket \u00e0 l\u2019unit\u00e9 conna\u00eet \u00e9galement une \u00e9l\u00e9vation du prix\u00a0: 2,55\u00a0euros en 2026, contre 2,50\u00a0euros actuellement. La hausse ne peut pas d\u00e9passer l\u2019inflation plus 1\u00a0%, pr\u00e9cise le communiqu\u00e9 de IDFM. <a href=\"https:\/\/www.humanite.fr\/politique\/conseil-regional-dile-de-france\/ile-de-france-un-rapport-de-la-chambre-regionale-des-comptes-pointe-les-errements-de-valerie-pecresse\" target=\"_blank\" rel=\"noreferrer noopener\">La pr\u00e9sidente de la r\u00e9gion Val\u00e9rie P\u00e9cresse<\/a> explique ces d\u00e9cisions par le \u00ab\u00a0co\u00fbt important\u00a0\u00bb des agrandissements et des modernisations du r\u00e9seau de transports en \u00cele-de-France. Cette \u00e9volution tarifaire est pr\u00e9vue depuis 2023, \u00e0 la suite d\u2019un accord sign\u00e9 entre IDFM et le gouvernement en place \u00e0 l\u2019\u00e9poque, sous couvert de financer, par exemple, l\u2019ouverture de nouvelles lignes de m\u00e9tro, comme la ligne 15.<\/p>\n<p>Des hausses de tarifs d\u00e9nonc\u00e9es<\/p>\n<p>\u00cele-de-France Mobilit\u00e9s soutient aussi que \u00ab\u00a0l\u2019objectif est de r\u00e9partir\u00a0\u00bb cette hausse \u00ab\u00a0sur l\u2019ensemble des acteurs\u00a0\u00bb, tels que l\u2019\u00c9tat, les collectivit\u00e9s, les entreprises et les usagers \u00ab\u00a0de mani\u00e8re \u00e9quitable\u00a0\u00bb. En fonction des employeurs, le Pass Navigo est rembours\u00e9 entre 50\u00a0% et 100\u00a0% pour les salari\u00e9s.<\/p>\n<p>Si le Medef n\u2019y voit point de scandale, le prix n\u2019\u00e9tant m\u00eame \u00ab\u00a0<a href=\"https:\/\/www.humanite.fr\/social-et-economie\/clement-beaune\/jacques-baudrier-le-risque-dun-pass-navigo-a-100-euros-apres-2024-nest-pas-ecarte\" target=\"_blank\" rel=\"noreferrer noopener\">pas assez \u00e9lev\u00e9<\/a>\u00a0\u00bb selon un article de La Tribune, les associations des usagers, comme la F\u00e9d\u00e9ration nationale d\u2019associations d\u2019usagers des transports (Fnaut), d\u00e9plorent une politique \u00ab\u00a0d\u00e9connect\u00e9e\u00a0\u00bb. \u00ab\u00a0Ces augmentations consid\u00e9rables, dans des proportions in\u00e9dites depuis la cr\u00e9ation de la tarification unifi\u00e9e en 1975, p\u00e8sent lourdement sur le pouvoir d\u2019achat\u00a0\u00bb, abondent les \u00e9lus communistes de la r\u00e9gion dans un communiqu\u00e9 rappelant les pr\u00e9c\u00e9dentes hausses \u00ab\u00a0de +\u00a02,6\u00a0% en 2024 et +\u00a02,8\u00a0% en 2025\u00a0\u00bb.<\/p>\n<p>\u00ab\u00a0C\u2019est <a href=\"https:\/\/www.humanite.fr\/societe\/pass-navigo\/transports-en-ile-de-france-une-degradation-inquietante-mais-a-qui-la-faute\" target=\"_blank\" rel=\"noreferrer noopener\">une succession de mauvais choix politiques<\/a>\u00a0\u00bb, accuse de son c\u00f4t\u00e9, au micro de France 3 Paris \u00cele-de-France, C\u00e9line Malais\u00e9, la pr\u00e9sidente du groupe Gauche Communiste, \u00c9cologiste et Citoyenne \u00e0 la r\u00e9gion. \u00ab\u00a0Des solutions restent sur sa table pour \u00e9pargner les usagers bien que le gouvernement et la Pr\u00e9sidente de R\u00e9gion aient pr\u00e9f\u00e9r\u00e9 ponctionner les usagers massivement et r\u00e9duire simultan\u00e9ment la part du financement des entreprises dans les recettes d\u2019\u00cele-de-France Mobilit\u00e9s\u00a0\u00bb, ajoute le groupe dans son communiqu\u00e9.<\/p>\n<p>\u00ab\u00a0Le co\u00fbt de la privatisation, notamment des bus de la RATP, qui vont basculer dans des op\u00e9rateurs priv\u00e9s, est extr\u00eamement \u00e9lev\u00e9, ajoute-t-elle. Il est de 4,9\u00a0milliards d\u2019euros et le pic d\u2019endettement s\u2019\u00e9l\u00e8ve \u00e0 3,1\u00a0milliards pour l\u2019ann\u00e9e 2026\u00a0\u00bb, compl\u00e8te C\u00e9line Malais\u00e9. Y mettre un terme permettrait d\u2019\u00e9viter de puiser sans fin dans les poches des usagers.<\/p>\n<p><strong>Oui, on s\u2019en doute\u00a0: vous en avez assez<\/strong><\/p>\n<p>Voir ces messages d\u2019appel au don, \u00e7a peut \u00eatre p\u00e9nible. Nous le savons. Et on doit bien vous avouer que nous pr\u00e9f\u00e9rerions ne pas avoir \u00e0 les \u00e9crire\u2026<\/p>\n<p>Mais voil\u00e0\u00a0: c\u2019est crucial pour l\u2019Humanit\u00e9. Si ce titre existe toujours aujourd\u2019hui, c\u2019est gr\u00e2ce au financement r\u00e9gulier de nos lectrices et lecteurs.<\/p>\n<ul class=\"wp-block-list\">\n<li>C\u2019est gr\u00e2ce \u00e0 votre soutien que nous pouvons exercer notre m\u00e9tier avec passion. Nous ne d\u00e9pendons ni des int\u00e9r\u00eats d\u2019un propri\u00e9taire milliardaire, ni de pressions politiques : <strong>personne ne nous dicte ce que nous devons dire ou taire<\/strong>.<\/li>\n<\/ul>\n<ul class=\"wp-block-list\">\n<li>Votre engagement nous lib\u00e8re aussi de la course aux clics et \u00e0 l\u2019audience. <strong>Plut\u00f4t que de chercher \u00e0 capter l\u2019attention \u00e0 tout prix, nous choisissons de traiter les sujets que notre r\u00e9daction juge essentiels<\/strong>\u00a0: parce qu\u2019ils m\u00e9ritent d\u2019\u00eatre lus, compris, partag\u00e9s. Parce que nous estimons qu\u2019ils vous seront utiles<\/li>\n<\/ul>\n<p>\u00c0 l\u2019heure actuelle, <strong>moins d\u2019un quart des lectrices et lecteurs<\/strong> qui viennent plus de 3\u00a0fois sur le site par semaine nous aident \u00e0 financer notre travail, par leur abonnement ou par leurs dons. Si vous voulez prot\u00e9ger le journalisme ind\u00e9pendant, <strong>s\u2019il vous pla\u00eet, rejoignez-les<\/strong>.<\/p>\n","protected":false},"excerpt":{"rendered":"Un cap franchi. Le forfait au mois du Pass Navigo, actuellement de 88,80\u00a0euros, atteindra probablement les 90,80\u00a0euros au&hellip;\n","protected":false},"author":2,"featured_media":564516,"comment_status":"","ping_status":"","sticky":false,"template":"","format":"standard","meta":{"footnotes":""},"categories":[1592],"tags":[1111,11,68034,1777,674,1011,27,662,12,626,14377,25,800],"class_list":{"0":"post-564515","1":"post","2":"type-post","3":"status-publish","4":"format-standard","5":"has-post-thumbnail","7":"category-ile-de-france","8":"tag-actu","9":"tag-actualites","10":"tag-du00e9partements-franciliens","11":"tag-eu","12":"tag-europe","13":"tag-fr","14":"tag-france","15":"tag-ile-de-france","16":"tag-news","17":"tag-paris","18":"tag-pass-navigo","19":"tag-republique-francaise","20":"tag-transports"},"share_on_mastodon":{"url":"https:\/\/pubeurope.com\/@fr\/115627512494327888","error":""},"_links":{"self":[{"href":"https:\/\/www.europesays.com\/fr\/wp-json\/wp\/v2\/posts\/564515","targetHints":{"allow":["GET"]}}],"collection":[{"href":"https:\/\/www.europesays.com\/fr\/wp-json\/wp\/v2\/posts"}],"about":[{"href":"https:\/\/www.europesays.com\/fr\/wp-json\/wp\/v2\/types\/post"}],"author":[{"embeddable":true,"href":"https:\/\/www.europesays.com\/fr\/wp-json\/wp\/v2\/users\/2"}],"replies":[{"embeddable":true,"href":"https:\/\/www.europesays.com\/fr\/wp-json\/wp\/v2\/comments?post=564515"}],"version-history":[{"count":0,"href":"https:\/\/www.europesays.com\/fr\/wp-json\/wp\/v2\/posts\/564515\/revisions"}],"wp:featuredmedia":[{"embeddable":true,"href":"https:\/\/www.europesays.com\/fr\/wp-json\/wp\/v2\/media\/564516"}],"wp:attachment":[{"href":"https:\/\/www.europesays.com\/fr\/wp-json\/wp\/v2\/media?parent=564515"}],"wp:term":[{"taxonomy":"category","embeddable":true,"href":"https:\/\/www.europesays.com\/fr\/wp-json\/wp\/v2\/categories?post=564515"},{"taxonomy":"post_tag","embeddable":true,"href":"https:\/\/www.europesays.com\/fr\/wp-json\/wp\/v2\/tags?post=564515"}],"curies":[{"name":"wp","href":"https:\/\/api.w.org\/{rel}","templated":true}]}}