{"id":564517,"date":"2025-11-28T13:17:17","date_gmt":"2025-11-28T13:17:17","guid":{"rendered":"https:\/\/www.europesays.com\/fr\/564517\/"},"modified":"2025-11-28T13:17:17","modified_gmt":"2025-11-28T13:17:17","slug":"nouvelle-audience-au-tribunal-pour-ecarter-des-juges-soupconnes-de-manquer-dobjectivite-sur-le-chantier-de-la69","status":"publish","type":"post","link":"https:\/\/www.europesays.com\/fr\/564517\/","title":{"rendered":"nouvelle audience au tribunal pour \u00e9carter des juges soup\u00e7onn\u00e9s de manquer d&rsquo;objectivit\u00e9 sur le chantier de l&rsquo;A69"},"content":{"rendered":"<p class=\"article__intro\">Peut-on juger le fond d&rsquo;un dossier quand on a d\u00e9j\u00e0 valid\u00e9 l&rsquo;urgence des travaux ? Les opposants \u00e0 l&rsquo;A69 ont exig\u00e9 le remplacement de trois magistrats, estimant que la pr\u00e9sence du m\u00eame rapporteur public et du m\u00eame pr\u00e9sident portaient atteinte \u00e0 l&rsquo;impartialit\u00e9 de la future d\u00e9cision sur le fond du dossier. <\/p>\n<p>\n      L\u2019actu des r\u00e9gions\n    <\/p>\n<p>\n      Chaque jour, un tour d\u2019horizon des principales infos de toutes les r\u00e9gions.\n    <\/p>\n<p>    France T\u00e9l\u00e9visions utilise votre adresse e-mail afin de vous envoyer la newsletter \u00ab\u00a0L\u2019actu des r\u00e9gions\u00a0\u00bb. Vous pouvez vous d\u00e9sinscrire \u00e0 tout moment via le lien en bas de cette newsletter. <a target=\"_blank\" href=\"https:\/\/www.francetelevisions.fr\/groupe\/confidentialite\/politique-de-confidentialite\/politique-de-confidentialite-de-france-televisions-6503\" rel=\"noopener\">Notre politique de confidentialit\u00e9<\/a><\/p>\n<p>La cour administrative d&rsquo;appel de Toulouse a examin\u00e9 vendredi 28 novembre, pendant pr\u00e8s d&rsquo;une heure et demie une demande d&rsquo;opposants \u00e0 l&rsquo;A69 qui r\u00e9clament la r\u00e9cusation des magistrats appel\u00e9s \u00e0 si\u00e9ger lors d&rsquo;une audience d\u00e9cisive pour l&rsquo;avenir de cette autoroute contest\u00e9e.<\/p>\n<p>La requ\u00eate \u00e9mane de membres du collectif \u00ab\u00a0La Voie est libre\u00a0\u00bb (LVEL) \u00ab\u00a0stup\u00e9faits\u00a0\u00bb d&rsquo;avoir d\u00e9couvert mi-novembre la composition de cette cour qui va examiner le 11 d\u00e9cembre la validit\u00e9 de l&rsquo;autorisation environnementale accord\u00e9e \u00e0 ce chantier.<\/p>\n<p>Devenu un embl\u00e8me national des luttes environnementales contre des projets jug\u00e9s d\u00e9pass\u00e9s \u00e0 l&rsquo;heure du changement climatique, l&rsquo;A69 qui doit relier Toulouse \u00e0 Castres fait l&rsquo;objet d&rsquo;une bataille au long cours devant la justice.<\/p>\n<p>En premi\u00e8re instance, fin f\u00e9vrier, la justice administrative a annul\u00e9 l&rsquo;autorisation environnementale du chantier, mettant un coup d&rsquo;arr\u00eat aux travaux.<\/p>\n<p>Mais dans l&rsquo;attente d&rsquo;examiner \u00e0 nouveau cette autorisation suite aux recours de l&rsquo;Etat et du concessionnaire, la cour administrative d&rsquo;appel a provisoirement permis la reprise du chantier, fin mai.<\/p>\n<p>Or les trois magistrats ayant pris cette d\u00e9cision si\u00e8geront \u00e9galement \u00e0 l&rsquo;audience du 11 d\u00e9cembre. Leur pr\u00e9sence va \u00e0 l&rsquo;encontre d&rsquo;une \u00ab\u00a0bonne justice, impartiale et objective\u00a0\u00bb, selon un porte-parole de LVEL.<\/p>\n<p>En mai, la juridiction \u00e9tait conduite par Denis Chabert, pr\u00e9sident de la 4e chambre de la cour administrative d&rsquo;appel de Toulouse, notamment charg\u00e9e du contentieux en mati\u00e8re d&rsquo;environnement.<\/p>\n<p>Ce magistrat, associ\u00e9 \u00e0 un autre juge ayant \u00e9galement si\u00e9g\u00e9 en mai, doit \u00e0 nouveau pr\u00e9sider la cour \u00e9largie \u00e0 cinq magistrats (au lieu de trois habituellement).<\/p>\n<p>Par ailleurs, le rapporteur public, dont la vocation est d&rsquo;\u00e9clairer les juridictions administratives et dont les avis sont en g\u00e9n\u00e9ral suivis, sera \u00e9galement le m\u00eame qu&rsquo;en mai.<\/p>\n<p>Ce magistrat, Fr\u00e9d\u00e9ric Diard, avait alors estim\u00e9 que l&rsquo;importance des villes de Castres, de Mazamet et de Toulouse, justifiait \u00ab\u00a0par nature qu&rsquo;elles soient reli\u00e9es par des infrastructures routi\u00e8res rapides\u00a0\u00bb.<\/p>\n<p>Le collectif LVEL, par la voix d&rsquo;un porte-parole, jugeait quant \u00e0 lui que \u00ab\u00a0si la justice choisit de garder les deux magistrats sur lesquels p\u00e8sent un soup\u00e7on, il va falloir qu&rsquo;ils se l\u00e8vent t\u00f4t et qu&rsquo;ils argumentent solide pour expliquer que l&rsquo;autoroute serait en fait l\u00e9gale\u00a0\u00bb.<\/p>\n<p>La d\u00e9cision est en tout cas attendue dans les jours qui viennent. En effet, l&rsquo;audience en appel sur le fond du dossier doit se tenir le 11 d\u00e9cembre prochain. <\/p>\n","protected":false},"excerpt":{"rendered":"Peut-on juger le fond d&rsquo;un dossier quand on a d\u00e9j\u00e0 valid\u00e9 l&rsquo;urgence des travaux ? Les opposants \u00e0&hellip;\n","protected":false},"author":2,"featured_media":564518,"comment_status":"","ping_status":"","sticky":false,"template":"","format":"standard","meta":{"footnotes":""},"categories":[1888],"tags":[1111,1928,11,1927,1777,674,1011,27,12,1926,626,1925,25],"class_list":{"0":"post-564517","1":"post","2":"type-post","3":"status-publish","4":"format-standard","5":"has-post-thumbnail","7":"category-paris","8":"tag-actu","9":"tag-actu-paris","10":"tag-actualites","11":"tag-actualites-paris","12":"tag-eu","13":"tag-europe","14":"tag-fr","15":"tag-france","16":"tag-news","17":"tag-news-paris","18":"tag-paris","19":"tag-paris-news","20":"tag-republique-francaise"},"share_on_mastodon":{"url":"https:\/\/pubeurope.com\/@fr\/115627520479195133","error":""},"_links":{"self":[{"href":"https:\/\/www.europesays.com\/fr\/wp-json\/wp\/v2\/posts\/564517","targetHints":{"allow":["GET"]}}],"collection":[{"href":"https:\/\/www.europesays.com\/fr\/wp-json\/wp\/v2\/posts"}],"about":[{"href":"https:\/\/www.europesays.com\/fr\/wp-json\/wp\/v2\/types\/post"}],"author":[{"embeddable":true,"href":"https:\/\/www.europesays.com\/fr\/wp-json\/wp\/v2\/users\/2"}],"replies":[{"embeddable":true,"href":"https:\/\/www.europesays.com\/fr\/wp-json\/wp\/v2\/comments?post=564517"}],"version-history":[{"count":0,"href":"https:\/\/www.europesays.com\/fr\/wp-json\/wp\/v2\/posts\/564517\/revisions"}],"wp:featuredmedia":[{"embeddable":true,"href":"https:\/\/www.europesays.com\/fr\/wp-json\/wp\/v2\/media\/564518"}],"wp:attachment":[{"href":"https:\/\/www.europesays.com\/fr\/wp-json\/wp\/v2\/media?parent=564517"}],"wp:term":[{"taxonomy":"category","embeddable":true,"href":"https:\/\/www.europesays.com\/fr\/wp-json\/wp\/v2\/categories?post=564517"},{"taxonomy":"post_tag","embeddable":true,"href":"https:\/\/www.europesays.com\/fr\/wp-json\/wp\/v2\/tags?post=564517"}],"curies":[{"name":"wp","href":"https:\/\/api.w.org\/{rel}","templated":true}]}}