{"id":564521,"date":"2025-11-28T13:19:13","date_gmt":"2025-11-28T13:19:13","guid":{"rendered":"https:\/\/www.europesays.com\/fr\/564521\/"},"modified":"2025-11-28T13:19:13","modified_gmt":"2025-11-28T13:19:13","slug":"paris-revise-son-zonage-pluvial","status":"publish","type":"post","link":"https:\/\/www.europesays.com\/fr\/564521\/","title":{"rendered":"Paris r\u00e9vise son zonage pluvial"},"content":{"rendered":"<p>D\u00e8s le 1er janvier prochain, les am\u00e9nageurs intervenant dans la capitale devront se soumettre \u00e0 de nouvelles contraintes de gestion des eaux pluviales. Revue de d\u00e9tails.<\/p>\n<p>Le compte \u00e0 rebours est d\u00e9clench\u00e9. Dans cinq semaines, Paris appliquera la nouvelle version de son zonage pluvial, sept ans apr\u00e8s l\u2019entr\u00e9e en vigueur du premier. Baptis\u00e9 \u00ab ParisPluie \u00bb, ce r\u00e8glement vise \u00e0 g\u00e9rer l\u2019eau de pluie au plus pr\u00e8s de son lieu d\u2019atterrissage, sans rejet vers les avaloirs. Ceci afin de limiter son admission dans le r\u00e9seau d\u2019assainissement.<\/p>\n<p>Ce qui est une \u00e9l\u00e9gante fa\u00e7on de limiter les risques d\u2019engorgement des \u00e9gouts, d\u2019inondation de la voirie et de pollution de la Seine. \u00ab\u00a0Il oblige aussi les am\u00e9nageurs \u00e0 ne plus utiliser des solutions conventionnelles co\u00fbteuses, peu efficaces, peu &#8230;<\/p>\n","protected":false},"excerpt":{"rendered":"D\u00e8s le 1er janvier prochain, les am\u00e9nageurs intervenant dans la capitale devront se soumettre \u00e0 de nouvelles contraintes&hellip;\n","protected":false},"author":2,"featured_media":564522,"comment_status":"","ping_status":"","sticky":false,"template":"","format":"standard","meta":{"footnotes":""},"categories":[1888],"tags":[9247,9245,47,11,9244,42509,1777,674,1011,27,662,12,626,1306,25,9246,68036],"class_list":{"0":"post-564521","1":"post","2":"type-post","3":"status-publish","4":"format-standard","5":"has-post-thumbnail","7":"category-paris","8":"tag-actu-experts-technique","9":"tag-actu-technique","10":"tag-actualite","11":"tag-actualites","12":"tag-club-technicites","13":"tag-eau-assainissement","14":"tag-eu","15":"tag-europe","16":"tag-fr","17":"tag-france","18":"tag-ile-de-france","19":"tag-news","20":"tag-paris","21":"tag-regions","22":"tag-republique-francaise","23":"tag-toute-lactu-technique","24":"tag-vlaramee"},"share_on_mastodon":{"url":"https:\/\/pubeurope.com\/@fr\/115627528572566807","error":""},"_links":{"self":[{"href":"https:\/\/www.europesays.com\/fr\/wp-json\/wp\/v2\/posts\/564521","targetHints":{"allow":["GET"]}}],"collection":[{"href":"https:\/\/www.europesays.com\/fr\/wp-json\/wp\/v2\/posts"}],"about":[{"href":"https:\/\/www.europesays.com\/fr\/wp-json\/wp\/v2\/types\/post"}],"author":[{"embeddable":true,"href":"https:\/\/www.europesays.com\/fr\/wp-json\/wp\/v2\/users\/2"}],"replies":[{"embeddable":true,"href":"https:\/\/www.europesays.com\/fr\/wp-json\/wp\/v2\/comments?post=564521"}],"version-history":[{"count":0,"href":"https:\/\/www.europesays.com\/fr\/wp-json\/wp\/v2\/posts\/564521\/revisions"}],"wp:featuredmedia":[{"embeddable":true,"href":"https:\/\/www.europesays.com\/fr\/wp-json\/wp\/v2\/media\/564522"}],"wp:attachment":[{"href":"https:\/\/www.europesays.com\/fr\/wp-json\/wp\/v2\/media?parent=564521"}],"wp:term":[{"taxonomy":"category","embeddable":true,"href":"https:\/\/www.europesays.com\/fr\/wp-json\/wp\/v2\/categories?post=564521"},{"taxonomy":"post_tag","embeddable":true,"href":"https:\/\/www.europesays.com\/fr\/wp-json\/wp\/v2\/tags?post=564521"}],"curies":[{"name":"wp","href":"https:\/\/api.w.org\/{rel}","templated":true}]}}