{"id":564523,"date":"2025-11-28T13:20:17","date_gmt":"2025-11-28T13:20:17","guid":{"rendered":"https:\/\/www.europesays.com\/fr\/564523\/"},"modified":"2025-11-28T13:20:17","modified_gmt":"2025-11-28T13:20:17","slug":"monaco-psg-paris-prive-de-nuno-mendes-victime-dune-blessure-minime","status":"publish","type":"post","link":"https:\/\/www.europesays.com\/fr\/564523\/","title":{"rendered":"Monaco-PSG\u00a0: Paris priv\u00e9 de Nuno Mendes \u00ab victime d\u2019une blessure minime \u00bb"},"content":{"rendered":"<p class=\"paragraph text_align_left lp-f-body-02\">Les p\u00e9pins s\u2019encha\u00eenent pour Nuno Mendes. Victime d\u2019<a href=\"https:\/\/www.leparisien.fr\/sports\/football\/psg\/psg-blesses-ousmane-dembele-et-nuno-mendes-absents-pour-plusieurs-semaines-05-11-2025-32JNNMI4CZHQPAHOE7FDMNIKGI.php\" target=\"_self\" rel=\"noopener\">une entorse du genou gauche<\/a> contre le Bayern Munich d\u00e9but novembre (2-1), le lat\u00e9ral gauche a ressenti une g\u00eane \u00e0 la mi-temps de <a href=\"https:\/\/www.leparisien.fr\/sports\/football\/ligue-des-champions\/la-minute-tactique-de-psg-tottenham-5-3-pour-paris-encore-des-febrilites-defensives-malgre-la-victoire-27-11-2025-SQSAW6DNPRGHXO3KU5V4OEN57A.php\" target=\"_blank\" rel=\"noreferrer noopener\">la victoire parisienne contre Tottenham (5-3)<\/a>, mardi dernier en <a href=\"https:\/\/www.leparisien.fr\/sports\/football\/ligue-des-champions\/\" target=\"_blank\" rel=\"noopener\">Ligue des champions<\/a>. A priori, rien de grave pour l\u2019international portugais, mais Luis Enrique a pr\u00e9f\u00e9r\u00e9 ne pas courir de risque avec la sant\u00e9 de son joueur.<\/p>\n<p class=\"paragraph text_align_left lp-f-body-02\"><a href=\"https:\/\/www.leparisien.fr\/sports\/football\/ligue-des-champions\/psg-tottenham-pourquoi-nuno-mendes-a-t-il-ete-remplace-a-la-mi-temps-26-11-2025-IIGYFEHRXRFKBDJ64CGCIHIQSM.php\" target=\"_self\" rel=\"noopener\">Remplac\u00e9 \u00e0 la pause face aux Spurs<\/a>, le joueur de 23 ans ne sera pas du d\u00e9placement \u00e0 Monaco samedi \u00e0 l\u2019occasion de la 14e journ\u00e9e de <a href=\"https:\/\/www.leparisien.fr\/sports\/football\/ligue-1\/\" target=\"_blank\" rel=\"noreferrer noopener\">Ligue 1<\/a>. \u00ab Victime d\u2019une blessure minime \u00e0 la cuisse droite lors du match face \u00e0 Tottenham, Nuno Mendes restera en soins ces prochains jours \u00bb, <a href=\"https:\/\/www.psg.fr\/content\/le-point-medical-avant-le-deplacement-a-monaco-paris-saint-germain-ligue-1-20252026\" target=\"_blank\" rel=\"noopener\">a communiqu\u00e9 le club via son bulletin m\u00e9dical<\/a>. L\u2019entra\u00eeneur du Paris Saint-Germain a annonc\u00e9 la d\u00e9cision en conf\u00e9rence de presse, ce vendredi.<\/p>\n<p>\u00ab Un petit probl\u00e8me \u00bb<\/p>\n<p class=\"paragraph text_align_left lp-f-body-02\">\u00ab C\u2019est une pr\u00e9occupation quand un joueur dit pendant un match qu\u2019il a un petit probl\u00e8me. Il en a parl\u00e9 \u00e0 la mi-temps, on a voulu rester calme et tranquille. Si c\u2019\u00e9tait une finale demain, il voudrait jouer mais l\u00e0 il doit r\u00e9cup\u00e9rer et voir apr\u00e8s une semaine et le match de Monaco s\u2019il sera disponible \u00bb, a pr\u00e9cis\u00e9 le technicien espagnol.<\/p>\n<p class=\"paragraph text_align_left lp-f-body-02\">Ce forfait s\u2019ajoute \u00e0 ceux d\u2019Achraf Hakimi et de D\u00e9sir\u00e9 Dou\u00e9. Le gardien rempla\u00e7ant Renato Marin effectue, lui, un travail de r\u00e9\u00e9ducation apr\u00e8s avoir ressenti une fatigue musculaire \u00e0 la cuisse droite.<\/p>\n","protected":false},"excerpt":{"rendered":"Les p\u00e9pins s\u2019encha\u00eenent pour Nuno Mendes. Victime d\u2019une entorse du genou gauche contre le Bayern Munich d\u00e9but novembre&hellip;\n","protected":false},"author":2,"featured_media":564524,"comment_status":"","ping_status":"","sticky":false,"template":"","format":"standard","meta":{"footnotes":""},"categories":[1888],"tags":[11,1777,674,63,1011,27,66,12,626,25,60],"class_list":{"0":"post-564523","1":"post","2":"type-post","3":"status-publish","4":"format-standard","5":"has-post-thumbnail","7":"category-paris","8":"tag-actualites","9":"tag-eu","10":"tag-europe","11":"tag-football","12":"tag-fr","13":"tag-france","14":"tag-ligue-1","15":"tag-news","16":"tag-paris","17":"tag-republique-francaise","18":"tag-sports"},"share_on_mastodon":{"url":"https:\/\/pubeurope.com\/@fr\/115627532151216846","error":""},"_links":{"self":[{"href":"https:\/\/www.europesays.com\/fr\/wp-json\/wp\/v2\/posts\/564523","targetHints":{"allow":["GET"]}}],"collection":[{"href":"https:\/\/www.europesays.com\/fr\/wp-json\/wp\/v2\/posts"}],"about":[{"href":"https:\/\/www.europesays.com\/fr\/wp-json\/wp\/v2\/types\/post"}],"author":[{"embeddable":true,"href":"https:\/\/www.europesays.com\/fr\/wp-json\/wp\/v2\/users\/2"}],"replies":[{"embeddable":true,"href":"https:\/\/www.europesays.com\/fr\/wp-json\/wp\/v2\/comments?post=564523"}],"version-history":[{"count":0,"href":"https:\/\/www.europesays.com\/fr\/wp-json\/wp\/v2\/posts\/564523\/revisions"}],"wp:featuredmedia":[{"embeddable":true,"href":"https:\/\/www.europesays.com\/fr\/wp-json\/wp\/v2\/media\/564524"}],"wp:attachment":[{"href":"https:\/\/www.europesays.com\/fr\/wp-json\/wp\/v2\/media?parent=564523"}],"wp:term":[{"taxonomy":"category","embeddable":true,"href":"https:\/\/www.europesays.com\/fr\/wp-json\/wp\/v2\/categories?post=564523"},{"taxonomy":"post_tag","embeddable":true,"href":"https:\/\/www.europesays.com\/fr\/wp-json\/wp\/v2\/tags?post=564523"}],"curies":[{"name":"wp","href":"https:\/\/api.w.org\/{rel}","templated":true}]}}