{"id":564531,"date":"2025-11-28T13:26:18","date_gmt":"2025-11-28T13:26:18","guid":{"rendered":"https:\/\/www.europesays.com\/fr\/564531\/"},"modified":"2025-11-28T13:26:18","modified_gmt":"2025-11-28T13:26:18","slug":"allemagne-linflation-preliminaire-de-novembre-recule-comme-prevu","status":"publish","type":"post","link":"https:\/\/www.europesays.com\/fr\/564531\/","title":{"rendered":"Allemagne : l&rsquo;inflation pr\u00e9liminaire de novembre recule comme pr\u00e9vu"},"content":{"rendered":"<p>(AOF) &#8211; Au mois de novembre, l\u2019indice des prix \u00e0 la consommation pr\u00e9liminaire allemand a recul\u00e9 de 0,2%, conform\u00e9ment aux pr\u00e9visions, apr\u00e8s une hausse de 0,3% en octobre. En rythme annuel, l\u2019inflation s\u2019est \u00e9lev\u00e9e \u00e0 2,3%, contre des attentes \u00e0 +2,4% et +2,3% un mois plus t\u00f4t. En donn\u00e9es harmonis\u00e9es sur novembre, l\u2019indice des prix \u00e0 la consommation a recul\u00e9 de 0,5%, soit 0,1 point de moins que pr\u00e9vu, portant la progression en rythme annuel \u00e0 2,6%, contre +2,4% attendu.<\/p>\n","protected":false},"excerpt":{"rendered":"(AOF) &#8211; Au mois de novembre, l\u2019indice des prix \u00e0 la consommation pr\u00e9liminaire allemand a recul\u00e9 de 0,2%,&hellip;\n","protected":false},"author":2,"featured_media":145956,"comment_status":"","ping_status":"","sticky":false,"template":"","format":"standard","meta":{"footnotes":""},"categories":[1587],"tags":[11,672,1804,1805,1803,1777,674,1801,12,1802],"class_list":{"0":"post-564531","1":"post","2":"type-post","3":"status-publish","4":"format-standard","5":"has-post-thumbnail","7":"category-allemagne","8":"tag-actualites","9":"tag-allemagne","10":"tag-bundesrepublik-deutschland","11":"tag-de","12":"tag-deutschland","13":"tag-eu","14":"tag-europe","15":"tag-germany","16":"tag-news","17":"tag-republique-federale-dallemagne"},"share_on_mastodon":{"url":"https:\/\/pubeurope.com\/@fr\/115627555904252699","error":""},"_links":{"self":[{"href":"https:\/\/www.europesays.com\/fr\/wp-json\/wp\/v2\/posts\/564531","targetHints":{"allow":["GET"]}}],"collection":[{"href":"https:\/\/www.europesays.com\/fr\/wp-json\/wp\/v2\/posts"}],"about":[{"href":"https:\/\/www.europesays.com\/fr\/wp-json\/wp\/v2\/types\/post"}],"author":[{"embeddable":true,"href":"https:\/\/www.europesays.com\/fr\/wp-json\/wp\/v2\/users\/2"}],"replies":[{"embeddable":true,"href":"https:\/\/www.europesays.com\/fr\/wp-json\/wp\/v2\/comments?post=564531"}],"version-history":[{"count":0,"href":"https:\/\/www.europesays.com\/fr\/wp-json\/wp\/v2\/posts\/564531\/revisions"}],"wp:featuredmedia":[{"embeddable":true,"href":"https:\/\/www.europesays.com\/fr\/wp-json\/wp\/v2\/media\/145956"}],"wp:attachment":[{"href":"https:\/\/www.europesays.com\/fr\/wp-json\/wp\/v2\/media?parent=564531"}],"wp:term":[{"taxonomy":"category","embeddable":true,"href":"https:\/\/www.europesays.com\/fr\/wp-json\/wp\/v2\/categories?post=564531"},{"taxonomy":"post_tag","embeddable":true,"href":"https:\/\/www.europesays.com\/fr\/wp-json\/wp\/v2\/tags?post=564531"}],"curies":[{"name":"wp","href":"https:\/\/api.w.org\/{rel}","templated":true}]}}