{"id":564532,"date":"2025-11-28T13:27:17","date_gmt":"2025-11-28T13:27:17","guid":{"rendered":"https:\/\/www.europesays.com\/fr\/564532\/"},"modified":"2025-11-28T13:27:17","modified_gmt":"2025-11-28T13:27:17","slug":"leurope-embarque-pour-lasteroide-apophis","status":"publish","type":"post","link":"https:\/\/www.europesays.com\/fr\/564532\/","title":{"rendered":"L\u2019Europe embarque pour l\u2019ast\u00e9ro\u00efde Apophis"},"content":{"rendered":"<p>\n                            Parmi les r\u00e9sultats de la conf\u00e9rence minist\u00e9rielle de l\u2019Agence spatiale europ\u00e9enne, qui s\u2019est tenue \u00e0 Br\u00eame les 26 et 27 novembre, l\u2019un des plus concrets est le lancement officiel de la mission Ramses vers l\u2019ast\u00e9ro\u00efde Apophis, qui doit fr\u00f4ler la Terre en 2029.\n                        <\/p>\n<p>\n                            Avec un financement de 22,1 milliards d\u2019euros jusqu\u2019en 2028, le directeur g\u00e9n\u00e9ral de l\u2019Agence spatiale europ\u00e9enne (ESA), Josef Aschbacher, avait de quoi \u00eatre satisfait. \u00ab\u00a0Je ne pouvais pas le croire\u00a0!\u00a0\u00bb a-t-il l\u00e2ch\u00e9, enthousiaste, lors de la conf\u00e9rence de presse cl\u00f4turant le sommet minist\u00e9riel de Br\u00eame, en Allemagne. La science sort en effet gagnante des tractations entre les ministres des diff\u00e9rents pays membres de l\u2019ESA, avec un budget en hausse de 3,5% sur les trois prochaines ann\u00e9es. Globalement, le budget de l&rsquo;ESA augmente de 17% (en tenant compte de l&rsquo;inflation). De quoi lancer plusieurs missions \u00e0 long terme, comme celle imagin\u00e9e pour aller explorer la surface d\u2019Encelade, le petit satellite glac\u00e9 de Saturne, ou encore le grand t\u00e9lescope spatial\n                        <\/p>\n<p>                                                        Avec un financement de 22,1 milliards d\u2019euros jusqu\u2019en 2028, le directeur g\u00e9n\u00e9ral de l\u2019Agence spatiale europ\u00e9enne (ESA), Josef Aschbacher, avait de quoi \u00eatre satisfait. \u00ab\u00a0Je ne pouvais pas le croire\u00a0!\u00a0\u00bb a-t-il l\u00e2ch\u00e9, enthousiaste, lors de la conf\u00e9rence de presse cl\u00f4turant le sommet minist\u00e9riel de Br\u00eame, en Allemagne. La science sort en effet gagnante des tractations entre les ministres des diff\u00e9rents pays membres de l\u2019ESA, avec un budget en hausse de 3,5% sur les trois prochaines ann\u00e9es. Globalement, le budget de l&rsquo;ESA augmente de 17% (en tenant compte de l&rsquo;inflation). De quoi lancer plusieurs missions \u00e0 long terme, comme celle imagin\u00e9e pour aller explorer la surface d\u2019Encelade, le petit satellite glac\u00e9 de Saturne, ou encore le grand t\u00e9lescope spatial&#8230;<\/p>\n<p>                        Pour lire l&rsquo;article complet, <br \/>choisissez notre offre web \u00e0 seulement 2 \u20ac\/mois<br \/>\n                        <a href=\"https:\/\/www.cieletespace.fr\/abonnement\" target=\"_blank\" rel=\"noopener\">En savoir plus<\/a><br \/>\n                                                    <a href=\"https:\/\/www.cieletespace.fr\/actualitespremium-redirect\/l-europe-embarque-pour-l-asteroide-apophis\" target=\"_blank\" rel=\"noopener\">Se connecter<\/a><\/p>\n<p>\n                        Philippe Henarejos, Publi\u00e9 le 28 novembre 2025, Modifi\u00e9 le 28 novembre 2025\n                    <\/p>\n<ul class=\"article-content__share-links\">\n<li class=\"article-content__share-link article-content__share-link--facebook\">\n                                <a href=\"https:\/\/www.facebook.com\/sharer\/sharer.php?u=https:\/\/www.cieletespace.fr\/actualites\/l-europe-embarque-pour-l-asteroide-apophis\" target=\"_blank\" rel=\"noopener\">Partager sur Facebook<\/a>\n                            <\/li>\n<li class=\"article-content__share-link article-content__share-link--twitter\">\n                                <a href=\"https:\/\/twitter.com\/intent\/tweet?text=L%E2%80%99Europe%20embarque%20pour%20l%E2%80%99ast%C3%A9ro%C3%AFde%20Apophis+https:\/\/www.cieletespace.fr\/actualites\/l-europe-embarque-pour-l-asteroide-apophis\" target=\"_blank\" rel=\"noopener\">Partager sur Twitter<\/a>\n                            <\/li>\n<\/ul>\n<p>            <script async src=\"https:\/\/platform.twitter.com\/widgets.js\" charset=\"utf-8\"><\/script><\/p>\n","protected":false},"excerpt":{"rendered":"Parmi les r\u00e9sultats de la conf\u00e9rence minist\u00e9rielle de l\u2019Agence spatiale europ\u00e9enne, qui s\u2019est tenue \u00e0 Br\u00eame les 26&hellip;\n","protected":false},"author":2,"featured_media":564533,"comment_status":"","ping_status":"","sticky":false,"template":"","format":"standard","meta":{"footnotes":""},"categories":[1586],"tags":[11,68038,68040,68039,6447,386,1777,674,1011,27,12,68037,25],"class_list":{"0":"post-564532","1":"post","2":"type-post","3":"status-publish","4":"format-standard","5":"has-post-thumbnail","7":"category-europe","8":"tag-actualites","9":"tag-apophis","10":"tag-breme","11":"tag-conference-ministerielle-2025","12":"tag-esa","13":"tag-espace","14":"tag-eu","15":"tag-europe","16":"tag-fr","17":"tag-france","18":"tag-news","19":"tag-ramses","20":"tag-republique-francaise"},"share_on_mastodon":{"url":"https:\/\/pubeurope.com\/@fr\/115627559954142829","error":""},"_links":{"self":[{"href":"https:\/\/www.europesays.com\/fr\/wp-json\/wp\/v2\/posts\/564532","targetHints":{"allow":["GET"]}}],"collection":[{"href":"https:\/\/www.europesays.com\/fr\/wp-json\/wp\/v2\/posts"}],"about":[{"href":"https:\/\/www.europesays.com\/fr\/wp-json\/wp\/v2\/types\/post"}],"author":[{"embeddable":true,"href":"https:\/\/www.europesays.com\/fr\/wp-json\/wp\/v2\/users\/2"}],"replies":[{"embeddable":true,"href":"https:\/\/www.europesays.com\/fr\/wp-json\/wp\/v2\/comments?post=564532"}],"version-history":[{"count":0,"href":"https:\/\/www.europesays.com\/fr\/wp-json\/wp\/v2\/posts\/564532\/revisions"}],"wp:featuredmedia":[{"embeddable":true,"href":"https:\/\/www.europesays.com\/fr\/wp-json\/wp\/v2\/media\/564533"}],"wp:attachment":[{"href":"https:\/\/www.europesays.com\/fr\/wp-json\/wp\/v2\/media?parent=564532"}],"wp:term":[{"taxonomy":"category","embeddable":true,"href":"https:\/\/www.europesays.com\/fr\/wp-json\/wp\/v2\/categories?post=564532"},{"taxonomy":"post_tag","embeddable":true,"href":"https:\/\/www.europesays.com\/fr\/wp-json\/wp\/v2\/tags?post=564532"}],"curies":[{"name":"wp","href":"https:\/\/api.w.org\/{rel}","templated":true}]}}