{"id":564547,"date":"2025-11-28T13:39:10","date_gmt":"2025-11-28T13:39:10","guid":{"rendered":"https:\/\/www.europesays.com\/fr\/564547\/"},"modified":"2025-11-28T13:39:10","modified_gmt":"2025-11-28T13:39:10","slug":"vingegaard-bientot-menuisier-sports","status":"publish","type":"post","link":"https:\/\/www.europesays.com\/fr\/564547\/","title":{"rendered":"Vingegaard bient\u00f4t&#8230; menuisier\u00a0? : Sports"},"content":{"rendered":"<p class=\"date\">\n                                                            Paul Rouget, Media365 : publi\u00e9 le vendredi 28 novembre 2025 \u00e0 13h03\n                                                    <\/p>\n<p>Jonas Vingegaard, qui aura 29 ans dans quelques jours, pense d\u00e9j\u00e0 \u00e0 son apr\u00e8s-carri\u00e8re.<\/p>\n<p>Apr\u00e8s avoir conclu il y a trois semaines sa saison au Japon, o\u00f9 <a href=\"https:\/\/sports.orange.fr\/cyclisme\/article\/vingegaard-chute-puis-gagne-un-criterium-au-japon-exclu-CNT000002lDSsB.html\" target=\"_blank\" rel=\"noopener\">il a remport\u00e9 le Crit\u00e9rium de Saitama malgr\u00e9 une chute<\/a>, Jonas Vingegaard pense d\u00e9j\u00e0 \u00e0 l&rsquo;apr\u00e8s. A la saison 2026, d\u00e9j\u00e0, et \u00e0 <a href=\"https:\/\/sports.orange.fr\/cyclisme\/article\/visma-lease-a-bike-vingegaard-prefere-gagner-le-giro-en-2026-CNT000002lEzPJ.html\" target=\"_blank\" rel=\"noopener\">ses ambitions sur le Giro<\/a>, plus que sur la Grande Boucle, mais aussi \u00e0 son apr\u00e8s-carri\u00e8re.<\/p>\n<p>Une retraite que celui qui f\u00eatera son 29e anniversaire dans quelques jours, le 10 d\u00e9cembre, n&rsquo;imagine pas dans le v\u00e9lo. \u00ab En fait, je ne pense pas rester dans le monde du cyclisme apr\u00e8s ma carri\u00e8re. Je pense simplement profiter de ma famille et \u00eatre l\u00e0 pour elle. Apr\u00e8s \u00e7a, je ne sais pas encore vraiment ce que je veux, mais je finirai bien par le d\u00e9couvrir \u00bb, a confi\u00e9 le Danois dans un entretien \u00e0 TV Midvest.<\/p>\n<p>\u00ab\u00a0La menuiserie me passionne\u00a0\u00bb<\/p>\n<p>Dans cette interview, le vainqueur de la derni\u00e8re Vuelta, et double laur\u00e9at du Tour de France (2022 et 2023), \u00e9voque aussi le m\u00e9tier qu&rsquo;il aurait pu faire, lui qui suivi des cours dans une \u00e9cole de commerce avant de devenir cycliste professionnel. \u00ab J&rsquo;ai toujours dit que je voulais travailler avec les chiffres, probablement dans le secteur bancaire. J&rsquo;ai toujours \u00e9t\u00e9 dou\u00e9 avec les chiffres\u00a0\u00bb, raconte-t-il ainsi.<\/p>\n<p>Mais aujourd&rsquo;hui, il pense plut\u00f4t \u00e0 un autre secteur. \u00ab Apr\u00e8s avoir agrandi et r\u00e9nov\u00e9 ma propre maison, je me suis rendu compte que j&rsquo;aimais les travaux manuels plus que je ne le pensais \u00bb, poursuit Vingegaard. De l\u00e0 \u00e0 imaginer une reconversion dans l&rsquo;artisanat\u00a0? \u00ab\u00a0C&rsquo;est tout \u00e0 fait possible. L&rsquo;avenir nous le dira. La menuiserie me passionne\u00a0\u00bb, r\u00e9pond-il. Il pourrait alors, lui aussi, concevoir <a href=\"https:\/\/sports.orange.fr\/cyclisme\/article\/un-record-de-l-heure-sur-un-velo-en-bois-qui-dure-4-metres-exclu-CNT000002kPlxF.html\" target=\"_blank\" rel=\"noopener\">un v\u00e9lo en bois<\/a>&#8230;<\/p>\n","protected":false},"excerpt":{"rendered":"Paul Rouget, Media365 : publi\u00e9 le vendredi 28 novembre 2025 \u00e0 13h03 Jonas Vingegaard, qui aura 29 ans&hellip;\n","protected":false},"author":2,"featured_media":564548,"comment_status":"","ping_status":"","sticky":false,"template":"","format":"standard","meta":{"footnotes":""},"categories":[1411],"tags":[1154,207,1011,27,60],"class_list":{"0":"post-564547","1":"post","2":"type-post","3":"status-publish","4":"format-standard","5":"has-post-thumbnail","7":"category-cyclisme","8":"tag-cycling","9":"tag-cyclisme","10":"tag-fr","11":"tag-france","12":"tag-sports"},"share_on_mastodon":{"url":"https:\/\/pubeurope.com\/@fr\/115627607055821277","error":""},"_links":{"self":[{"href":"https:\/\/www.europesays.com\/fr\/wp-json\/wp\/v2\/posts\/564547","targetHints":{"allow":["GET"]}}],"collection":[{"href":"https:\/\/www.europesays.com\/fr\/wp-json\/wp\/v2\/posts"}],"about":[{"href":"https:\/\/www.europesays.com\/fr\/wp-json\/wp\/v2\/types\/post"}],"author":[{"embeddable":true,"href":"https:\/\/www.europesays.com\/fr\/wp-json\/wp\/v2\/users\/2"}],"replies":[{"embeddable":true,"href":"https:\/\/www.europesays.com\/fr\/wp-json\/wp\/v2\/comments?post=564547"}],"version-history":[{"count":0,"href":"https:\/\/www.europesays.com\/fr\/wp-json\/wp\/v2\/posts\/564547\/revisions"}],"wp:featuredmedia":[{"embeddable":true,"href":"https:\/\/www.europesays.com\/fr\/wp-json\/wp\/v2\/media\/564548"}],"wp:attachment":[{"href":"https:\/\/www.europesays.com\/fr\/wp-json\/wp\/v2\/media?parent=564547"}],"wp:term":[{"taxonomy":"category","embeddable":true,"href":"https:\/\/www.europesays.com\/fr\/wp-json\/wp\/v2\/categories?post=564547"},{"taxonomy":"post_tag","embeddable":true,"href":"https:\/\/www.europesays.com\/fr\/wp-json\/wp\/v2\/tags?post=564547"}],"curies":[{"name":"wp","href":"https:\/\/api.w.org\/{rel}","templated":true}]}}