{"id":564555,"date":"2025-11-28T13:44:13","date_gmt":"2025-11-28T13:44:13","guid":{"rendered":"https:\/\/www.europesays.com\/fr\/564555\/"},"modified":"2025-11-28T13:44:13","modified_gmt":"2025-11-28T13:44:13","slug":"marseille-orange-annonce-la-fermeture-en-urgence-des-ce-matin-de-son-site-ou-travaillent-plus-de-1-000-personnes-en-raison-du-narcotrafic-de-violence-et-de-coups-de-feu","status":"publish","type":"post","link":"https:\/\/www.europesays.com\/fr\/564555\/","title":{"rendered":"Marseille : Orange annonce la fermeture en urgence, d\u00e8s ce matin, de son site o\u00f9 travaillent plus de 1.000 personnes, en raison \u00ab\u00a0du narcotrafic, de violence et de coups de feu\u00a0\u00bb"},"content":{"rendered":"<p>Orange a annonc\u00e9 hier la fermeture imm\u00e9diate de son site de Marseille, o\u00f9 travaillent environ 1.000 personnes, \u00e0 la suite d\u2019une \u00ab mont\u00e9e des tensions \u00bb dans le quartier sensible de Saint-Mauront. D\u00e9crivant des \u00ab\u00a0\u00e9v\u00e9nements r\u00e9p\u00e9t\u00e9s sur la voie publique proches de la sortie de m\u00e9tro National\u00a0\u00bb depuis le d\u00e9but de la semaine, Orange a expliqu\u00e9 attendre \u00ab\u00a0un retour \u00e0 une situation apais\u00e9e dans le quartier\u00a0\u00bb.<\/p>\n<p>La CFDT du groupe de t\u00e9l\u00e9coms a affirm\u00e9, dans un communiqu\u00e9, que les salari\u00e9s ont \u00e9t\u00e9 confin\u00e9s, mardi, en raison d\u2019une \u00ab\u00a0bagarre entre dealers\u00a0\u00bb dans la rue et a \u00e9voqu\u00e9 des pr\u00e9c\u00e9dents dans le quartier, notamment \u00ab\u00a0une fusillade\u00a0\u00bb, le 23\u00a0octobre. \u00ab\u00a0Le narcotrafic met les salari\u00e9s en \u00e9tat de si\u00e8ge\u00a0\u00bb, a d\u00e9plor\u00e9 la CFDT.<\/p>\n<p>La pr\u00e9f\u00e8te d\u00e9l\u00e9gu\u00e9e des Bouches-du-Rh\u00f4ne, Corinne Simon, a r\u00e9fut\u00e9 aupr\u00e8s de l\u2019AFP, jeudi soir, cette hypoth\u00e8se de \u00ab\u00a0bandes rivales\u00a0\u00bb, tout en disant comprendre l\u2019\u00e9motion des salari\u00e9s d\u2019Orange.<\/p>\n<p>\u00ab\u00a0Ce n\u2019est absolument pas \u00e7a\u00a0\u00bb, a-t-elle assur\u00e9, reconnaissant que le quartier est \u00ab\u00a0compliqu\u00e9\u00a0\u00bb. Mme Simon a ajout\u00e9 que le 17 a \u00e9t\u00e9 appel\u00e9 une seule fois. La police s\u2019est d\u00e9plac\u00e9e sur les lieux. \u00ab\u00a0On me dit qu\u2019il y a des coups de feu qui ont \u00e9t\u00e9 tir\u00e9s mais, en m\u00eame temps, on n\u2019a rien trouv\u00e9\u00a0\u00bb, a-t-elle expliqu\u00e9.<\/p>\n<p>Pour rassurer les salari\u00e9s, les rondes et les patrouilles de police vont \u00eatre accentu\u00e9es, a d\u00e9clar\u00e9 la pr\u00e9f\u00e8te d\u00e9l\u00e9gu\u00e9e. La CGT a demand\u00e9 \u00e0 la direction d\u2019Orange de \u00ab\u00a0s\u00e9curiser durablement le site\u00a0\u00bb.<\/p>\n<p>Le syndicat estime que ce site \u00ab\u00a0embl\u00e9matique\u00a0\u00bb ne doit pas fermer. \u00ab\u00a0Y renoncer, plut\u00f4t que le s\u00e9curiser, serait un mauvais signal envoy\u00e9 aux salari\u00e9s et aux habitants des quartiers populaires\u00a0\u00bb, conclut la CGT. Orange a expliqu\u00e9 que, pendant la fermeture du site de Saint-Mauront, les salari\u00e9s pourront t\u00e9l\u00e9travailler ou se rendre sur d\u2019autres sites du groupe.<\/p>\n","protected":false},"excerpt":{"rendered":"Orange a annonc\u00e9 hier la fermeture imm\u00e9diate de son site de Marseille, o\u00f9 travaillent environ 1.000 personnes, \u00e0&hellip;\n","protected":false},"author":2,"featured_media":564556,"comment_status":"","ping_status":"","sticky":false,"template":"","format":"standard","meta":{"footnotes":""},"categories":[1356],"tags":[58,59,1011,27,884,8721,738,252,1364,809],"class_list":{"0":"post-564555","1":"post","2":"type-post","3":"status-publish","4":"format-standard","5":"has-post-thumbnail","7":"category-television","8":"tag-divertissement","9":"tag-entertainment","10":"tag-fr","11":"tag-france","12":"tag-marseille","13":"tag-narcotrafic","14":"tag-orange","15":"tag-television","16":"tag-tv","17":"tag-violence"},"share_on_mastodon":{"url":"https:\/\/pubeurope.com\/@fr\/115627626714078263","error":""},"_links":{"self":[{"href":"https:\/\/www.europesays.com\/fr\/wp-json\/wp\/v2\/posts\/564555","targetHints":{"allow":["GET"]}}],"collection":[{"href":"https:\/\/www.europesays.com\/fr\/wp-json\/wp\/v2\/posts"}],"about":[{"href":"https:\/\/www.europesays.com\/fr\/wp-json\/wp\/v2\/types\/post"}],"author":[{"embeddable":true,"href":"https:\/\/www.europesays.com\/fr\/wp-json\/wp\/v2\/users\/2"}],"replies":[{"embeddable":true,"href":"https:\/\/www.europesays.com\/fr\/wp-json\/wp\/v2\/comments?post=564555"}],"version-history":[{"count":0,"href":"https:\/\/www.europesays.com\/fr\/wp-json\/wp\/v2\/posts\/564555\/revisions"}],"wp:featuredmedia":[{"embeddable":true,"href":"https:\/\/www.europesays.com\/fr\/wp-json\/wp\/v2\/media\/564556"}],"wp:attachment":[{"href":"https:\/\/www.europesays.com\/fr\/wp-json\/wp\/v2\/media?parent=564555"}],"wp:term":[{"taxonomy":"category","embeddable":true,"href":"https:\/\/www.europesays.com\/fr\/wp-json\/wp\/v2\/categories?post=564555"},{"taxonomy":"post_tag","embeddable":true,"href":"https:\/\/www.europesays.com\/fr\/wp-json\/wp\/v2\/tags?post=564555"}],"curies":[{"name":"wp","href":"https:\/\/api.w.org\/{rel}","templated":true}]}}