{"id":564557,"date":"2025-11-28T13:45:16","date_gmt":"2025-11-28T13:45:16","guid":{"rendered":"https:\/\/www.europesays.com\/fr\/564557\/"},"modified":"2025-11-28T13:45:16","modified_gmt":"2025-11-28T13:45:16","slug":"anne-sylvestre-lantistar-dont-laura-ne-cesse-de-grandir","status":"publish","type":"post","link":"https:\/\/www.europesays.com\/fr\/564557\/","title":{"rendered":"Anne Sylvestre, l\u2019antistar dont l\u2019aura ne cesse de grandir"},"content":{"rendered":"<p>\n    <strong>MUSIQUE &#8211;<\/strong> Cinq ans apr\u00e8s sa disparition, la chanteuse est devenue une r\u00e9f\u00e9rence pour la jeunesse. Un livre et un disque en t\u00e9moignent.<\/p>\n<p class=\"fig-paragraph\">L\u2019auteur-compositrice-interpr\u00e8te\u00a0<a href=\"https:\/\/video.lefigaro.fr\/figaro\/culture\/anne-sylvestre-est-morte-redecouvrez-cette-grande-dame-en-5-chansons-20201201\" data-fig-type=\"Video\" data-gtm-custom-categorie=\"navigation\" data-gtm-custom-action=\"crossclick\" data-gtm-custom-label=\"Contextuel\" data-gtm-event=\"customEventSPE\" data-fig-domain=\"LEFIGARO\" target=\"_blank\" rel=\"noopener\">Anne Sylvestre<\/a>\u00a0n\u2019a pas attendu sa disparition, en 2020, pour entrer dans la l\u00e9gende de la chanson fran\u00e7aise. Pourtant, \u00e0 mesure que l\u2019on c\u00e9l\u00e8bre la puissance et la modernit\u00e9 de son r\u00e9pertoire, son aura ne cesse de grandir. Apr\u00e8s une longue et belle carri\u00e8re dans l\u2019\u00e9dition, Jean-Daniel Belfond lui consacre aujourd\u2019hui un hommage \u00e0 la fois \u00e9rudit et sensible intitul\u00e9 Anne Sylvestre, la magicienne. \u00ab\u00a0Cinq ans apr\u00e8s sa disparition, Anne Sylvestre est devenue une ic\u00f4ne. Beaucoup de jeunes chanteuses se reconnaissent en elle\u00a0\u00bb, pr\u00e9cise l\u2019auteur, tout en soulignant l\u2019importance de son legs artistique\u00a0: 300\u00a0chansons pour adultes et 260\u00a0pour enfants, ses fameuses Fabulettes, qui ont longtemps \u00e9clips\u00e9 son r\u00e9pertoire plus s\u00e9rieux. \u00ab\u00a0Anne Sylvestre a pass\u00e9 sa vie \u00e0 \u00e9couter les jeunes artistes. Passionn\u00e9e, elle allait dans les petites salles. Elle a m\u00eame organis\u00e9, chez elle, des ateliers clandestins o\u00f9 elle conviait des d\u00e9butants \u00e0 d\u00e9velopper leurs capacit\u00e9s\u2026<\/p>\n<p class=\"fig-premium-paywall__infos\">\n        Cet article est r\u00e9serv\u00e9 aux abonn\u00e9s.        Il vous reste 80% \u00e0 d\u00e9couvrir.\n    <\/p>\n<p>                <img  data- alt=\"Le Figaro\" class=\"fig-img--complete fig-img\"\/><\/p>\n<p class=\"fig-premium-paywall__title\">Derniers jours<\/p>\n<p class=\"fig-premium-paywall__subtitle\">-70% sur l&rsquo;abonnement num\u00e9rique<\/p>\n<p class=\"fig-premium-paywall__connect\">\n                D\u00e9j\u00e0 abonn\u00e9\u00a0?                <a class=\"fig-premium-paywall__connect-link\" href=\"https:\/\/connect.lefigaro.fr\/login?client=horizon_web&amp;type=main&amp;redirect_uri=https%3A%2F%2Fwww.lefigaro.fr%2Fmusique%2Felle-n-a-jamais-ete-complaisante-anne-sylvestre-l-antistar-dont-l-aura-ne-cesse-de-grandir-20251128\" data-js-gtm=\"{&quot;customCategorie&quot;: &quot;conversion&quot;, &quot;customAction&quot;: &quot;before_Landing_Connexion_paywall_auto&quot;, &quot;customLabel&quot;: &quot;bGVmaWdhcm8uZnJfXzFmMGNiNjk5LWEyY2ItNmQwNC05Mzg4LWRiNTE2ZjVhMjYzZl9fQXJ0aWNsZQ==_\u00ab\u00a0Elle n\u2019a jamais \u00e9t\u00e9 complaisante\u00a0\u00bb\u00a0: Anne Sylvestre, l\u2019antistar dont l\u2019aura ne cesse de grandir_1000&quot;, &quot;customIDSPE&quot;: &quot;bGVmaWdhcm8uZnJfXzFmMGNiNjk5LWEyY2ItNmQwNC05Mzg4LWRiNTE2ZjVhMjYzZl9fQXJ0aWNsZQ==&quot;, &quot;event&quot;: &quot;customEventSPE&quot;}\" target=\"_blank\" rel=\"noopener\"><br \/>\n                    Connectez-vous<br \/>\n                <\/a>\n            <\/p>\n","protected":false},"excerpt":{"rendered":"MUSIQUE &#8211; Cinq ans apr\u00e8s sa disparition, la chanteuse est devenue une r\u00e9f\u00e9rence pour la jeunesse. Un livre&hellip;\n","protected":false},"author":2,"featured_media":564558,"comment_status":"","ping_status":"","sticky":false,"template":"","format":"standard","meta":{"footnotes":""},"categories":[1355],"tags":[68041,58,59,1011,27,7038,1361,873,39710,15081],"class_list":{"0":"post-564557","1":"post","2":"type-post","3":"status-publish","4":"format-standard","5":"has-post-thumbnail","7":"category-musique","8":"tag-anne-sylvestre","9":"tag-divertissement","10":"tag-entertainment","11":"tag-fr","12":"tag-france","13":"tag-jeanne-cherhal","14":"tag-music","15":"tag-musique","16":"tag-simone-veil","17":"tag-vincent-delerm"},"share_on_mastodon":{"url":"https:\/\/pubeurope.com\/@fr\/115627630789673091","error":""},"_links":{"self":[{"href":"https:\/\/www.europesays.com\/fr\/wp-json\/wp\/v2\/posts\/564557","targetHints":{"allow":["GET"]}}],"collection":[{"href":"https:\/\/www.europesays.com\/fr\/wp-json\/wp\/v2\/posts"}],"about":[{"href":"https:\/\/www.europesays.com\/fr\/wp-json\/wp\/v2\/types\/post"}],"author":[{"embeddable":true,"href":"https:\/\/www.europesays.com\/fr\/wp-json\/wp\/v2\/users\/2"}],"replies":[{"embeddable":true,"href":"https:\/\/www.europesays.com\/fr\/wp-json\/wp\/v2\/comments?post=564557"}],"version-history":[{"count":0,"href":"https:\/\/www.europesays.com\/fr\/wp-json\/wp\/v2\/posts\/564557\/revisions"}],"wp:featuredmedia":[{"embeddable":true,"href":"https:\/\/www.europesays.com\/fr\/wp-json\/wp\/v2\/media\/564558"}],"wp:attachment":[{"href":"https:\/\/www.europesays.com\/fr\/wp-json\/wp\/v2\/media?parent=564557"}],"wp:term":[{"taxonomy":"category","embeddable":true,"href":"https:\/\/www.europesays.com\/fr\/wp-json\/wp\/v2\/categories?post=564557"},{"taxonomy":"post_tag","embeddable":true,"href":"https:\/\/www.europesays.com\/fr\/wp-json\/wp\/v2\/tags?post=564557"}],"curies":[{"name":"wp","href":"https:\/\/api.w.org\/{rel}","templated":true}]}}