{"id":564561,"date":"2025-11-28T13:48:15","date_gmt":"2025-11-28T13:48:15","guid":{"rendered":"https:\/\/www.europesays.com\/fr\/564561\/"},"modified":"2025-11-28T13:48:15","modified_gmt":"2025-11-28T13:48:15","slug":"ma-vie-professionnelle-est-a-larret","status":"publish","type":"post","link":"https:\/\/www.europesays.com\/fr\/564561\/","title":{"rendered":"\u00ab\u00a0Ma vie professionnelle est \u00e0 l\u2019arr\u00eat\u00a0\u00bb"},"content":{"rendered":"<p>On pense souvent qu\u2019une toux, m\u00eame persistante, n\u2019est qu\u2019un petit d\u00e9sagr\u00e9ment. Pascal, Lig\u00e9rien de 58 ans aujourd\u2019hui, a commenc\u00e9 \u00e0 faire de grosses quintes de toux \u00e0 la quarantaine pass\u00e9e. Il ne s\u2019inqui\u00e8te pas tout de suite mais en parle \u00e0 son m\u00e9decin g\u00e9n\u00e9raliste lors d\u2019une visite de contr\u00f4le. Une prise de sang \u00e9carte l\u2019id\u00e9e d\u2019une tuberculose ou une coqueluche. Mais apr\u00e8s un passage chez un pneumologue, une radio et un scanner, rien d\u2019anormal n\u2019est d\u00e9tect\u00e9. Pourtant, Pascal continue de tousser et de ressentir une fatigue importante. \u00ab\u00a0M\u00eame ma fille, qui \u00e0 l\u2019\u00e9poque avait sept ans, se demandait pourquoi j\u2019\u00e9tais tout le temps malade et fatigu\u00e9, \u00e7a l\u2019a marqu\u00e9e\u00a0\u00bb, se souvient-il. Il poursuit alors son quotidien avec ces quintes de toux qui l\u2019accompagne d\u00e9sormais.<\/p>\n<p>En 2016, c\u2019est un autre probl\u00e8me de sant\u00e9 qui va l\u2019amener chez le m\u00e9decin. Un kyste s\u2019est log\u00e9 dans sa main droite. Comme celui-ci grossit, il se fait op\u00e9rer en d\u00e9but de l\u2019ann\u00e9e 2017 pour l\u2019enlever. Un mois apr\u00e8s l\u2019op\u00e9ration, il retourne chez le chirurgien pour un bilan de contr\u00f4le. \u00ab\u00a0L\u00e0, il me dit qu\u2019il a fait analyser le kyste qu\u2019il m\u2019a enlev\u00e9 et m\u2019annonce que les r\u00e9sultats ont montr\u00e9 que j\u2019avais une sarco\u00efdose. Je ne savais pas ce que c\u2019\u00e9tait. Il m\u2019a demand\u00e9 si je toussais, j\u2019ai r\u00e9pondu que j\u2019avais de fortes quintes de toux depuis plusieurs ann\u00e9es et il m\u2019a r\u00e9pondu que c\u2019\u00e9tait \u00e0 cause de la sarco\u00efdose\u00a0\u00bb, d\u00e9taille-t-il. Des radios, scanners et une fibroscopie vont confirmer ce diagnostic.<\/p>\n<p>\u00ab\u00a0Je suis rest\u00e9 confin\u00e9 15 mois\u00a0\u00bb<\/p>\n<p>La sarco\u00efdose est une maladie inflammatoire chronique qui peut toucher n\u2019importe quel organe du corps, mais qui touche en g\u00e9n\u00e9ral les poumons et provoque des difficult\u00e9s respiratoires. Elle se caract\u00e9rise par la formation de nodules dans les tissus. Consid\u00e9r\u00e9e comme une maladie rare, la cause est encore inconnue. Probl\u00e8me\u00a0: elle ne se gu\u00e9rit pas, il n\u2019y a pas de traitement. Pascal doit donc r\u00e9guli\u00e8rement faire des examens de contr\u00f4le assez lourd pour v\u00e9rifier l\u2019\u00e9tendue de la maladie et l\u2019\u00e9tat de ses poumons.<\/p>\n<p>Dans un sens, c\u2019est une sorte de soulagement pour le Lig\u00e9rien. \u00ab\u00a0Enfin, cette maladie a un nom. Toutes ces quintes de toux quotidiennes qui interviennent \u00e0 n\u2019importe quel moment, m\u00eame pendant des r\u00e9unions ou lors de spectacles, je sais enfin d\u2019o\u00f9 \u00e7a vient\u00a0\u00bb, exprime-t-il. Cependant, il doit faire attention \u00e0 sa sant\u00e9. La longue p\u00e9riode de Covid-19 a \u00e9t\u00e9 une \u00e9preuve pour lui, consid\u00e9r\u00e9 comme personne \u00e0 risque. \u00ab\u00a0Je suis rest\u00e9 confin\u00e9 15 mois. \u00c7a a \u00e9t\u00e9 une vraie organisation\u00a0: faire les courses en \u00e9vitant les heures de pointe, faire attention avec mon entourage, ma femme et ma fille, car nous vivions sous le m\u00eame toit\u00a0\u00bb, se rappelle-t-il.<\/p>\n<p>  Des douleurs articulaires insoutenables<\/p>\n<p>La maladie ne s\u2019arr\u00eate pas \u00e0 une toux et une fatigue pour Pascal. Au d\u00e9but de l\u2019ann\u00e9e 2024, des douleurs apparaissent dans ses mains et ses pieds. M\u00eame sous anti-inflammatoires, elles empirent. \u00c9ducateur en internat aupr\u00e8s de personnes en situation de handicap, il est oblig\u00e9 de se mettre en arr\u00eat maladie, les douleurs sont devenues trop handicapantes. \u00ab\u00a0Je n\u2019arrivais m\u00eame plus \u00e0 porter des plats pendant les ateliers cuisine avec les r\u00e9sidents\u00a0\u00bb, pr\u00e9cise-t-il.<\/p>\n<p>Il consulte alors un interniste et les m\u00e9decins se posent la question d\u2019un lien entre ces douleurs articulaires et la sarco\u00efdoise. Malgr\u00e9 des analyses, radios, scanners, hospitalisations \u00e0 la journ\u00e9e, diff\u00e9rents tests et visites chez le pneumologue, rien de tr\u00e8s probant ne ressort, mais les douleurs sont toujours l\u00e0. Apr\u00e8s 15 mois d\u2019errance, les m\u00e9decins ont d\u00e9cid\u00e9 d\u2019arr\u00eater les anti-inflammatoires pour commencer un traitement de fond, que Pascal vient d\u2019entamer. Il doit encore patienter trois mois pour voir si celui-ci fera effet et subit pour l\u2019instant des effets secondaires peu r\u00e9jouissants et une fatigue toujours intense.<\/p>\n<p>\u00ab\u00a0Depuis maintenant 15 mois, ma vie professionnelle s\u2019est arr\u00eat\u00e9e et ma vie sociale est tr\u00e8s maigre. Je suis oblig\u00e9e de faire une heure de sieste par jour pour tenir\u00a0\u00bb, se d\u00e9sole-t-il. Une maladie rare, sans traitement et des sympt\u00f4mes pas visibles, parfois sous-estim\u00e9s et difficiles \u00e0 comprendre pour certaines personnes de son entourage. \u00ab\u00a0Mon p\u00e8re, par exemple, ne comprend pas qu\u2019\u00e0 moins de 50 ans, je puisse \u00eatre fatigu\u00e9, il a du mal \u00e0 accepter ma maladie\u00a0\u00bb, confie Pascal. D\u00e9sormais, il a acquis que cette maladie allait le suivre toute sa vie. Apr\u00e8s la toux, la fatigue et les douleurs musculaires, il esp\u00e8re surtout un peu de r\u00e9pit. \u00ab\u00a0J\u2019ai pass\u00e9 des mois \u00e0 me dire, mais o\u00f9 va-t-on\u00a0? Est-ce qu\u2019on va vraiment trouver une solution\u00a0? Aujourd\u2019hui, j\u2019ai surtout espoir que le traitement fasse effet. M\u00eame s\u2019il ne me gu\u00e9rira pas de la maladie, il pourra enlever les douleurs\u00a0\u00bb, esp\u00e8re-t-il.<\/p>\n","protected":false},"excerpt":{"rendered":"On pense souvent qu\u2019une toux, m\u00eame persistante, n\u2019est qu\u2019un petit d\u00e9sagr\u00e9ment. Pascal, Lig\u00e9rien de 58 ans aujourd\u2019hui, a&hellip;\n","protected":false},"author":2,"featured_media":564562,"comment_status":"","ping_status":"","sticky":false,"template":"","format":"standard","meta":{"footnotes":""},"categories":[10],"tags":[107,1011,27,329,72,1031,15108,71,104],"class_list":{"0":"post-564561","1":"post","2":"type-post","3":"status-publish","4":"format-standard","5":"has-post-thumbnail","7":"category-sante","8":"tag-fil-info","9":"tag-fr","10":"tag-france","11":"tag-france-monde","12":"tag-health","13":"tag-magazine","14":"tag-magazine-lifestyle","15":"tag-sante","16":"tag-societe"},"share_on_mastodon":{"url":"https:\/\/pubeurope.com\/@fr\/115627642224370809","error":""},"_links":{"self":[{"href":"https:\/\/www.europesays.com\/fr\/wp-json\/wp\/v2\/posts\/564561","targetHints":{"allow":["GET"]}}],"collection":[{"href":"https:\/\/www.europesays.com\/fr\/wp-json\/wp\/v2\/posts"}],"about":[{"href":"https:\/\/www.europesays.com\/fr\/wp-json\/wp\/v2\/types\/post"}],"author":[{"embeddable":true,"href":"https:\/\/www.europesays.com\/fr\/wp-json\/wp\/v2\/users\/2"}],"replies":[{"embeddable":true,"href":"https:\/\/www.europesays.com\/fr\/wp-json\/wp\/v2\/comments?post=564561"}],"version-history":[{"count":0,"href":"https:\/\/www.europesays.com\/fr\/wp-json\/wp\/v2\/posts\/564561\/revisions"}],"wp:featuredmedia":[{"embeddable":true,"href":"https:\/\/www.europesays.com\/fr\/wp-json\/wp\/v2\/media\/564562"}],"wp:attachment":[{"href":"https:\/\/www.europesays.com\/fr\/wp-json\/wp\/v2\/media?parent=564561"}],"wp:term":[{"taxonomy":"category","embeddable":true,"href":"https:\/\/www.europesays.com\/fr\/wp-json\/wp\/v2\/categories?post=564561"},{"taxonomy":"post_tag","embeddable":true,"href":"https:\/\/www.europesays.com\/fr\/wp-json\/wp\/v2\/tags?post=564561"}],"curies":[{"name":"wp","href":"https:\/\/api.w.org\/{rel}","templated":true}]}}