{"id":564565,"date":"2025-11-28T13:50:13","date_gmt":"2025-11-28T13:50:13","guid":{"rendered":"https:\/\/www.europesays.com\/fr\/564565\/"},"modified":"2025-11-28T13:50:13","modified_gmt":"2025-11-28T13:50:13","slug":"les-12-coups-de-midi-lelimination-de-cyprien-prevue-pour-bientot-voici-la-date-annoncee","status":"publish","type":"post","link":"https:\/\/www.europesays.com\/fr\/564565\/","title":{"rendered":"Les 12 Coups de midi : l&rsquo;\u00e9limination de Cyprien pr\u00e9vue pour bient\u00f4t ? Voici la date annonc\u00e9e"},"content":{"rendered":"<p>Rumeur ou intox ? \u00c0 l\u2019approche du 2<br \/>\nd\u00e9cembre 2025, la question de l\u2019\u00e9limination de Cyprien des 12 Coups<br \/>\nde Midi agite les fans. Voici ce que l\u2019on sait sur son avenir dans<br \/>\nle jeu.<\/p>\n<p>En plein succ\u00e8s et apr\u00e8s <strong>69 participations<\/strong>, le<br \/>\ncandidat Cyprien fait face \u00e0 <a href=\"https:\/\/www.pleinevie.fr\/actualites\/cyprien-bientot-elimine-des-12-coups-de-midi-et-jean-luc-reichmann-vire-du-rififi-dans-le-jeu-de-tf1-177753.html\" target=\"_blank\" rel=\"noopener\"><br \/>\nune rumeur persistante d\u2019\u00e9limination<\/a> avant la diffusion du 2<br \/>\nd\u00e9cembre 2025. Mais les informations provenant d\u2019une source interne<br \/>\ncontredisent l\u2019annonce. Retour sur les \u00e9l\u00e9ments connus.<\/p>\n<p>Les 12 Coups de midi : qui est Cyprien et o\u00f9 en est sa<br \/>\ncagnotte ?<\/p>\n<p>Depuis plusieurs semaines, <a href=\"https:\/\/www.pleinevie.fr\/loisirs\/tele-radio\/cest-une-star-le-saviez-vous-cyprien-maitre-de-midi-est-le-fils-dune-celebre-comedienne-reconnue-par-ses-pairs-178938.html\" target=\"_blank\" rel=\"noopener\"><br \/>\nCyprien<\/a> enchante les fid\u00e8les de l\u2019\u00e9mission Les 12 Coups de<br \/>\nMidi. Au 26 novembre 2025, il affichait une cagnotte de 315<br \/>\n154\u00a0\u20ac apr\u00e8s 69 participations. Sa popularit\u00e9 et ses r\u00e9sultats<br \/>\nsolides en font l\u2019un des candidats les plus observ\u00e9s du moment.<br \/>\nDevant un tel succ\u00e8s, <strong>les sp\u00e9culations autour de son<br \/>\navenir<\/strong> alimentent les discussions.<\/p>\n<p>La rumeur d\u2019\u00e9limination avant le 2 d\u00e9cembre 2025 : de<br \/>\nquoi s\u2019agit-il ?<\/p>\n<p>L\u2019origine de la controverse remonte \u00e0 des publications sur les<br \/>\nr\u00e9seaux sociaux et sur Internet annon\u00e7ant que Cyprien aurait perdu<br \/>\nsa place apr\u00e8s la derni\u00e8re session d\u2019enregistrements, cens\u00e9e<br \/>\nmarquer <strong>la fin des tournages programm\u00e9s<\/strong> jusqu\u2019au 2<br \/>\nd\u00e9cembre, comme le relate <a href=\"https:\/\/www.purebreak.com\/news\/les-12-coups-de-midi-cyprien-elimine-avant-lemission-du-2-decembre-2025\/255281\" target=\"_blank\" rel=\"noopener\"><br \/>\nPurebreak<\/a>. Selon le vid\u00e9aste cit\u00e9, transmissions<br \/>\ninternes \u00e0 l\u2019appui : \u201cLes \u00e9missions du 11 septembre vont passer<br \/>\n[\u00e0 la t\u00e9l\u00e9] les 1er et 2 d\u00e9cembre. Il va faire un Coup de Ma\u00eetre \u00e0<br \/>\n10 000 euros et un autre \u00e0 30 000 euros. Et il y aura une grosse<br \/>\nsurprise le 2 d\u00e9cembre. Quelque chose qu&rsquo;on n&rsquo;avait jamais vu<br \/>\njusqu&rsquo;\u00e0 pr\u00e9sent pour Cyprien. Il va y avoir le papa de Cyprien. Sa<br \/>\ncagnotte sera de 350 404\u20ac.\u201d Ces d\u00e9tails ont relanc\u00e9 l\u2019espoir<br \/>\nou <strong>la crainte d\u2019un d\u00e9part imminent.<\/strong><\/p>\n<p>\u00c9limination imminente de Cyprien<br \/>\nou rumeur ? Ce que r\u00e9v\u00e8lent les sources<\/p>\n<p>\u00c0 ce jour, aucune source officielle n\u2019a confirm\u00e9 <a href=\"https:\/\/www.pleinevie.fr\/loisirs\/tele-radio\/les-12-coups-de-midi-cyprien-bientot-elimine-certains-avancent-cette-date-precise-et-on-sen-rapproche-175583.html\" target=\"_blank\" rel=\"noopener\"><br \/>\nl\u2019\u00e9limination de Cyprien<\/a> avant le 2 d\u00e9cembre 2025. Au<br \/>\ncontraire, plusieurs \u00e9l\u00e9ments tendent \u00e0 invalider la rumeur :<\/p>\n<ul>\n<li>Le pr\u00e9tendu sc\u00e9nario d\u2019\u00e9missions post-enregistr\u00e9es pr\u00e9voit le<br \/>\nretour de Cyprien en plateau d\u00e8s le 1er d\u00e9cembre 2025.<\/li>\n<li>Les dates annonc\u00e9es (tournages, diffusions, suppos\u00e9e<br \/>\n\u00ab\u00a0surprise\u00a0\u00bb) ne correspondent pas aux calculs simples li\u00e9s \u00e0 sa<br \/>\ncagnotte (un ajout de 40 000 \u20ac ne permettrait pas d\u2019atteindre le<br \/>\nchiffre de 350 404 \u20ac \u00e9voqu\u00e9).<\/li>\n<li>Les m\u00e9dias d\u2019audience recensent des \u00e9missions r\u00e9centes de<br \/>\nl\u2019\u00e9mission, ce qui suppose que Cyprien est toujours pr\u00e9sent.<\/li>\n<\/ul>\n<p>Elimination de Cyprien : pourquoi cette rumeur enfle<br \/>\n?<\/p>\n<p>Plusieurs facteurs expliquent la propagation rapide de cette<br \/>\nrumeur :<\/p>\n<ul>\n<li>La diffusion diff\u00e9r\u00e9e des enregistrements donne l\u2019impression<br \/>\nque le jeu est en pause, propice aux sp\u00e9culations.<\/li>\n<li>Un ancien de la production affirme d\u00e9tenir des informations<br \/>\nexclusives.<\/li>\n<li>L\u2019int\u00e9r\u00eat m\u00e9diatique autour de la cagnotte et de la long\u00e9vit\u00e9<br \/>\nd\u2019<a href=\"https:\/\/www.pleinevie.fr\/loisirs\/tele-radio\/les-12-coups-de-midi-apres-ses-75-victoires-et-335-593-e-de-gain-ce-grand-maitre-a-litteralement-change-de-vie-depuis-son-passage-179121.html\" target=\"_blank\" rel=\"noopener\">un<br \/>\nchampion<\/a> comme Cyprien attire l\u2019attention, multipliant les<br \/>\narticles et th\u00e9ories.<\/li>\n<\/ul>\n<p>Mais jusqu\u2019\u00e0 pr\u00e9sent, <strong>aucun \u00e9l\u00e9ment tangible ne confirme<br \/>\nla r\u00e9alit\u00e9<\/strong> d\u2019une \u00e9limination.<\/p>\n<p>\u00c0 quel moment saura-t-on la v\u00e9rit\u00e9 ?<\/p>\n<p>La date du 2 d\u00e9cembre 2025 approche. Elle correspond \u00e0 la fin<br \/>\nannonc\u00e9e de la saison d\u2019enregistrements actuellement diffus\u00e9s. \u00c0 ce<br \/>\nmoment, les t\u00e9l\u00e9spectateurs pourront comparer les \u00e9pisodes diffus\u00e9s<br \/>\navec le calendrier des tournages, ce qui d\u00e9terminera si Cyprien<br \/>\nreste bien en lice ou non. Si le candidat r\u00e9appara\u00eet le 1er ou 2<br \/>\nd\u00e9cembre, ou si <strong>sa cagnotte s\u2019affiche sup\u00e9rieure aux 315<br \/>\n154 \u20ac,<\/strong> cela confirmera qu\u2019il n\u2019a pas \u00e9t\u00e9 \u00e9limin\u00e9. Dans le<br \/>\ncas contraire, cela pourrait confirmer la rumeur.<\/p>\n","protected":false},"excerpt":{"rendered":"Rumeur ou intox ? \u00c0 l\u2019approche du 2 d\u00e9cembre 2025, la question de l\u2019\u00e9limination de Cyprien des 12&hellip;\n","protected":false},"author":2,"featured_media":564566,"comment_status":"","ping_status":"","sticky":false,"template":"","format":"standard","meta":{"footnotes":""},"categories":[8],"tags":[10281,58,59,1011,27,466],"class_list":{"0":"post-564565","1":"post","2":"type-post","3":"status-publish","4":"format-standard","5":"has-post-thumbnail","7":"category-divertissement","8":"tag-buzz-nonli","9":"tag-divertissement","10":"tag-entertainment","11":"tag-fr","12":"tag-france","13":"tag-les-12-coups-de-midi"},"share_on_mastodon":{"url":"https:\/\/pubeurope.com\/@fr\/115627650245220906","error":""},"_links":{"self":[{"href":"https:\/\/www.europesays.com\/fr\/wp-json\/wp\/v2\/posts\/564565","targetHints":{"allow":["GET"]}}],"collection":[{"href":"https:\/\/www.europesays.com\/fr\/wp-json\/wp\/v2\/posts"}],"about":[{"href":"https:\/\/www.europesays.com\/fr\/wp-json\/wp\/v2\/types\/post"}],"author":[{"embeddable":true,"href":"https:\/\/www.europesays.com\/fr\/wp-json\/wp\/v2\/users\/2"}],"replies":[{"embeddable":true,"href":"https:\/\/www.europesays.com\/fr\/wp-json\/wp\/v2\/comments?post=564565"}],"version-history":[{"count":0,"href":"https:\/\/www.europesays.com\/fr\/wp-json\/wp\/v2\/posts\/564565\/revisions"}],"wp:featuredmedia":[{"embeddable":true,"href":"https:\/\/www.europesays.com\/fr\/wp-json\/wp\/v2\/media\/564566"}],"wp:attachment":[{"href":"https:\/\/www.europesays.com\/fr\/wp-json\/wp\/v2\/media?parent=564565"}],"wp:term":[{"taxonomy":"category","embeddable":true,"href":"https:\/\/www.europesays.com\/fr\/wp-json\/wp\/v2\/categories?post=564565"},{"taxonomy":"post_tag","embeddable":true,"href":"https:\/\/www.europesays.com\/fr\/wp-json\/wp\/v2\/tags?post=564565"}],"curies":[{"name":"wp","href":"https:\/\/api.w.org\/{rel}","templated":true}]}}