{"id":564569,"date":"2025-11-28T13:52:34","date_gmt":"2025-11-28T13:52:34","guid":{"rendered":"https:\/\/www.europesays.com\/fr\/564569\/"},"modified":"2025-11-28T13:52:34","modified_gmt":"2025-11-28T13:52:34","slug":"un-chiffre-impressionnant-frandroid","status":"publish","type":"post","link":"https:\/\/www.europesays.com\/fr\/564569\/","title":{"rendered":"un chiffre impressionnant \u2014 Frandroid"},"content":{"rendered":"<p>Apr\u00e8s une d\u00e9cennie d\u2019utilisation et 121 000 kilom\u00e8tres au compteur, une Tesla Model S 70D de 2015 livre ses secrets sur la d\u00e9gradation de sa batterie. Ce test, r\u00e9alis\u00e9 de mani\u00e8re totalement ind\u00e9pendante, apporte un \u00e9clairage plus que rassurant sur la long\u00e9vit\u00e9 des voitures \u00e9lectriques.<\/p>\n<p><a href=\"https:\/\/images.frandroid.com\/wp-content\/uploads\/2025\/11\/tesla-model-s-70d-ocean-blue.jpg\" target=\"_blank\" class=\"article-content__figure\" rel=\"noopener\"><img fetchpriority=\"high\" decoding=\"async\" loading=\"eager\" width=\"1200\" height=\"750\" src=\"https:\/\/www.europesays.com\/fr\/wp-content\/uploads\/2025\/11\/tesla-model-s-70d-ocean-blue.jpg\" alt=\"\" class=\"wp-image-2889901 wp-image wp-image\"  \/><\/a>Tesla Model S 70D \/\/ Source : Tesla<\/p>\n<p>Alors que les ventes de v\u00e9hicules \u00e9lectriques continuent de cro\u00eetre, la question de la d\u00e9gradation des batteries reste au c\u0153ur des pr\u00e9occupations de certains automobilistes. Contrairement \u00e0 une id\u00e9e re\u00e7ue, les batteries lithium-ion modernes affichent une remarquable long\u00e9vit\u00e9 et <a href=\"https:\/\/www.frandroid.com\/survoltes\/voitures-electriques\/2724593_bonne-nouvelle-pour-la-duree-de-vie-des-batteries-de-voitures-electriques-comme-le-prouvent-ces-chiffres-2\" target=\"_blank\" rel=\"noopener\">plusieurs \u00e9tudes appuient ces propos<\/a>.<\/p>\n<p>Cette usure progressive d\u00e9pend toutefois fortement <strong>des habitudes de conduite et de recharge<\/strong> : recharges rapides fr\u00e9quentes, stationnement prolong\u00e9 en plein soleil ou charges syst\u00e9matiques \u00e0 100 % peuvent acc\u00e9l\u00e9rer le vieillissement des cellules.<\/p>\n<p>                <img decoding=\"async\" width=\"1200\" height=\"446\" loading=\"lazy\" alt=\"Capture d\u2019e\u0301cran 2025-10-09 a\u0300 15.40.10\" title=\"Capture d\u2019e\u0301cran 2025-10-09 a\u0300 15.40.10\" class=\"is-radiusless placeholder-default wp-image\" src=\"https:\/\/www.europesays.com\/fr\/wp-content\/uploads\/2025\/11\/capture-decran-2025-10-09-a-154010-1200x446.jpg\" \/>            <\/p>\n<p>\n                    C\u2019est le bon moment pour r\u00e9duire ses factures !                 <\/p>\n<p class=\"has-text-weight-medium is-size-6 is-line-height-normal\">\n                    Zendure optimise votre production photovolta\u00efque gr\u00e2ce \u00e0 une IA qui int\u00e8gre toutes les donn\u00e9es importantes li\u00e9es \u00e0 votre consommation. Profitez-en \u00e0 prix cass\u00e9 pour le Black Friday !                 <\/p>\n<p>Pour rassurer les clients, les constructeurs ont d\u00e9velopp\u00e9 des syst\u00e8mes avanc\u00e9s de gestion thermique et \u00e9lectronique visant \u00e0 ralentir cette d\u00e9gradation naturelle. La majorit\u00e9 des marques garantit d\u2019ailleurs leurs batteries <strong>sur huit ans ou 160 000 kilom\u00e8tres, avec un seuil minimal de 70 % de capacit\u00e9 restante<\/strong>. De quoi offrir une dur\u00e9e de vie largement suffisante pour la plupart des usages, et contribuer \u00e0 dissiper les inqui\u00e9tudes quant \u00e0 la p\u00e9rennit\u00e9 des v\u00e9hicules \u00e9lectriques sur le long terme.<\/p>\n<p>Des chiffres qui rassurent sur la durabilit\u00e9<\/p>\n<p>Pour ajouter encore quelques arguments \u00e0 cela, <a href=\"https:\/\/www.youtube.com\/watch?v=KqlGJltxPzc\" target=\"_blank\" rel=\"noreferrer noopener\">la cha\u00eene YouTube Ludicrous Feed<\/a> a r\u00e9cemment soumis une Tesla Model S 70D de 2015 \u00e0 un examen approfondi, dix ans apr\u00e8s son acquisition. \u00c9quip\u00e9 d\u2019une batterie de <strong>69 kWh<\/strong> offrant initialement <strong>une autonomie officielle de 350 km<\/strong>, ce v\u00e9hicule \u00e9lectrique affiche d\u00e9sormais <strong>121 000 km parcourus<\/strong>. Un kilom\u00e9trage certes mod\u00e9r\u00e9 pour une d\u00e9cennie d\u2019utilisation, mais suffisamment significatif pour tirer des enseignements int\u00e9ressants.<\/p>\n<p><a href=\"https:\/\/images.frandroid.com\/wp-content\/uploads\/2025\/11\/capture-decran-2025-11-28-a-102504.jpg\" target=\"_blank\" class=\"article-content__figure\" rel=\"noopener\"><img loading=\"lazy\" decoding=\"async\" width=\"1200\" height=\"724\" src=\"https:\/\/www.europesays.com\/fr\/wp-content\/uploads\/2025\/11\/capture-decran-2025-11-28-a-102504-1200x724.jpg\" alt=\"\" class=\"wp-image-2889925 wp-image\"  \/><\/a>Tom, l\u2019animateur de la cha\u00eene Ludicrous Feed, avec sa Tesla Model S 70D<\/p>\n<p>L\u2019analyse r\u00e9alis\u00e9e par un laboratoire ind\u00e9pendant r\u00e9v\u00e8le que la capacit\u00e9 de la batterie s\u2019\u00e9tablit aujourd\u2019hui \u00e0 environ <strong>61 kWh<\/strong>, soit <strong>88,1 % de sa capacit\u00e9 d\u2019origine<\/strong>. Autrement dit, <strong>la d\u00e9gradation ne d\u00e9passe pas 11,9 %<\/strong> apr\u00e8s dix ann\u00e9es de loyaux services. Une performance int\u00e9ressante qui contredit les craintes souvent exprim\u00e9es concernant la dur\u00e9e de vie des batteries lithium-ion dans l\u2019automobile.<\/p>\n<p>Un bilan d\u2019exploitation largement positif<\/p>\n<p>Ces r\u00e9sultats prennent tout leur sens quand on les replace dans le contexte fran\u00e7ais : selon les donn\u00e9es du minist\u00e8re des Transports, la dur\u00e9e moyenne de possession d\u2019un v\u00e9hicule en France est <strong>d\u2019environ 5,5 ans<\/strong>. Autrement dit, que ce soit pour le premier, le second, le troisi\u00e8me voire le quatri\u00e8me propri\u00e9taire, la question du remplacement de la batterie ne devrait pas se poser.<\/p>\n<p class=\"shortcode-container see-more\">\n    \u00c0 lire aussi : <br \/><a href=\"https:\/\/www.frandroid.com\/marques\/tesla\/2002678_voici-le-cout-dentretien-dune-tesla-largement-moins-cher-que-nimporte-quelle-autre-voiture\" target=\"_blank\" rel=\"noopener\">Voici le co\u00fbt d\u2019entretien d\u2019une Tesla : largement moins cher que n\u2019importe quelle autre voiture<\/a>\n<\/p>\n<p>Tom, l\u2019animateur de la cha\u00eene Ludicrous Feed, ne tarit pas d\u2019\u00e9loges sur son exp\u00e9rience \u00e0 long terme. En dix ans d\u2019utilisation, aucune panne majeure n\u2019est venue perturber son quotidien. La seule intervention hors garantie a concern\u00e9 <a href=\"https:\/\/www.frandroid.com\/marques\/tesla\/2799745_tesla-va-modifier-les-poignees-de-ses-voitures-electriques-pour-les-rendre-plus-sures\" target=\"_blank\" rel=\"noopener\">le moteur de poign\u00e9e de porte<\/a>, un d\u00e9faut de jeunesse bien connu sur les mod\u00e8les 2015 et depuis corrig\u00e9 par le constructeur.<\/p>\n<p>Certes, le remplacement d\u2019une batterie de v\u00e9hicule \u00e9lectrique repr\u00e9sente un investissement cons\u00e9quent, bien sup\u00e9rieur aux r\u00e9parations courantes d\u2019un moteur thermique. Mais l\u2019\u00e9quation \u00e9conomique globale reste avantageuse : l\u2019architecture simplifi\u00e9e des v\u00e9hicules \u00e9lectriques, avec leurs pi\u00e8ces mobiles r\u00e9duites au strict minimum, g\u00e9n\u00e8re des co\u00fbts d\u2019entretien annuels nettement inf\u00e9rieurs \u00e0 ceux d\u2019une automobile conventionnelle.<\/p>\n","protected":false},"excerpt":{"rendered":"Apr\u00e8s une d\u00e9cennie d\u2019utilisation et 121 000 kilom\u00e8tres au compteur, une Tesla Model S 70D de 2015 livre&hellip;\n","protected":false},"author":2,"featured_media":564570,"comment_status":"","ping_status":"","sticky":false,"template":"","format":"standard","meta":{"footnotes":""},"categories":[6],"tags":[27198,35,33,34,1011,27,68042],"class_list":{"0":"post-564569","1":"post","2":"type-post","3":"status-publish","4":"format-standard","5":"has-post-thumbnail","7":"category-economie","8":"tag-batterie-lithium-ion","9":"tag-business","10":"tag-economie","11":"tag-economy","12":"tag-fr","13":"tag-france","14":"tag-tesla-model-s"},"share_on_mastodon":{"url":"https:\/\/pubeurope.com\/@fr\/115627659356055155","error":""},"_links":{"self":[{"href":"https:\/\/www.europesays.com\/fr\/wp-json\/wp\/v2\/posts\/564569","targetHints":{"allow":["GET"]}}],"collection":[{"href":"https:\/\/www.europesays.com\/fr\/wp-json\/wp\/v2\/posts"}],"about":[{"href":"https:\/\/www.europesays.com\/fr\/wp-json\/wp\/v2\/types\/post"}],"author":[{"embeddable":true,"href":"https:\/\/www.europesays.com\/fr\/wp-json\/wp\/v2\/users\/2"}],"replies":[{"embeddable":true,"href":"https:\/\/www.europesays.com\/fr\/wp-json\/wp\/v2\/comments?post=564569"}],"version-history":[{"count":0,"href":"https:\/\/www.europesays.com\/fr\/wp-json\/wp\/v2\/posts\/564569\/revisions"}],"wp:featuredmedia":[{"embeddable":true,"href":"https:\/\/www.europesays.com\/fr\/wp-json\/wp\/v2\/media\/564570"}],"wp:attachment":[{"href":"https:\/\/www.europesays.com\/fr\/wp-json\/wp\/v2\/media?parent=564569"}],"wp:term":[{"taxonomy":"category","embeddable":true,"href":"https:\/\/www.europesays.com\/fr\/wp-json\/wp\/v2\/categories?post=564569"},{"taxonomy":"post_tag","embeddable":true,"href":"https:\/\/www.europesays.com\/fr\/wp-json\/wp\/v2\/tags?post=564569"}],"curies":[{"name":"wp","href":"https:\/\/api.w.org\/{rel}","templated":true}]}}