{"id":564575,"date":"2025-11-28T13:55:23","date_gmt":"2025-11-28T13:55:23","guid":{"rendered":"https:\/\/www.europesays.com\/fr\/564575\/"},"modified":"2025-11-28T13:55:23","modified_gmt":"2025-11-28T13:55:23","slug":"apres-le-complement-denquete-sur-cnews-pascal-praud-ironise-sur-les-revelations-fracassantes-de-france-2","status":"publish","type":"post","link":"https:\/\/www.europesays.com\/fr\/564575\/","title":{"rendered":"Apr\u00e8s le \u00ab\u00a0Compl\u00e9ment d\u2019enqu\u00eate\u00a0\u00bb sur CNews, Pascal Praud ironise sur les \u00ab\u00a0r\u00e9v\u00e9lations fracassantes\u00a0\u00bb de France 2"},"content":{"rendered":"<p>        <img decoding=\"async\" loading=\"lazy\" src=\"https:\/\/www.europesays.com\/fr\/wp-content\/uploads\/2025\/11\/c9b3638_upload-1-d5i8vftc6lms-praud.jpg\"  width=\"728\" height=\"410\" alt=\"Pascal Praud a d\u00e9di\u00e9 son \u00e9dito du 28\u00a0novembre au num\u00e9ro de \u00ab\u00a0Compl\u00e9ment d\u2019enqu\u00eate\u00a0\u00bb de France 2\u00a0sur CNews. \"\/>   <\/p>\n<p>Pascal Praud a d\u00e9di\u00e9 son \u00e9dito du 28\u00a0novembre au num\u00e9ro de \u00ab\u00a0Compl\u00e9ment d\u2019enqu\u00eate\u00a0\u00bb de France 2\u00a0sur CNews. <\/p>\n<p class=\"asset asset-text\">Il a eu du mal \u00e0 cacher sa jubilation. <a href=\"https:\/\/www.huffingtonpost.fr\/politique\/article\/yael-braun-pivet-condamne-fermement-ces-propos-de-pascal-praud-sur-l-assemblee_257621.html\" target=\"_blank\" rel=\"noopener\">Pascal Praud<\/a> est revenu, ce vendredi 28\u00a0novembre au matin dans son \u00e9dito sur CNews, sur la diffusion, la veille, du <a href=\"https:\/\/www.huffingtonpost.fr\/medias\/article\/complement-d-enquete-sur-cnews-pourquoi-il-n-y-aura-personne-de-la-chaine-dans-le-fauteuil-rouge_257566.html\" target=\"_blank\" rel=\"noopener\">num\u00e9ro de Compl\u00e9ment d\u2019enqu\u00eate<\/a> d\u00e9di\u00e9 \u00e0 la cha\u00eene. Le journaliste s\u2019est saisi de cette opportunit\u00e9 pour souligner, non sans ironie, les couacs qui ont entach\u00e9 l\u2019\u00e9mission et notamment l\u2019<a href=\"https:\/\/www.huffingtonpost.fr\/medias\/article\/avant-le-complement-d-enquete-l-arcom-donne-raison-a-cnews-sur-ce-point_257622.html\" target=\"_blank\" rel=\"noopener\">intervention de l\u2019Arcom<\/a>.<\/p>\n<p class=\"asset asset-text\">\u00ab\u00a0Compl\u00e9ment d\u2019enqu\u00eate\u00a0: tout \u00e7a pour \u00e7a\u00a0\u00bb, pouvait-on lire sur le bandeau de CNews durant l\u2019\u00e9dito de Pascal Praud. C\u2019est l\u2019essentiel du message qu\u2019a souhait\u00e9 d\u00e9livrer sur le plateau le pr\u00e9sentateur star de la cha\u00eene d\u2019info du groupe Bollor\u00e9. Au c\u0153ur de son propos donc, la diffusion en deuxi\u00e8me partie de soir\u00e9e de l\u2019enqu\u00eate\u00a0contre CNews intitul\u00e9e \u00ab\u00a0Des infos ou d\u00e9sinfo\u00a0? La m\u00e9thode CNews\u00a0\u00bb.<\/p>\n<p class=\"asset asset-text\">D\u2019embl\u00e9e, Pascal Praud a mis en doute les <a href=\"https:\/\/www.huffingtonpost.fr\/medias\/article\/rsf-epingle-cnews-qui-triche-avec-les-regles-d-equilibre-politique_257582.html\" target=\"_blank\" rel=\"noopener\">affirmations de RSF<\/a> qui, le 26\u00a0novembre, affirmait que la cha\u00eene <a href=\"https:\/\/www.huffingtonpost.fr\/medias\/article\/rsf-epingle-cnews-qui-triche-avec-les-regles-d-equilibre-politique_257582.html\" target=\"_blank\" rel=\"noopener\">contournait ses obligations de pluralisme<\/a>\u00a0en rel\u00e9guant les politiques de gauche la nuit pour favoriser<a href=\"https:\/\/www.huffingtonpost.fr\/politique\/article\/pourquoi-l-extreme-droite-en-veut-autant-a-l-audiovisuel-public_257475.html\" target=\"_blank\" rel=\"noopener\">\u00a0l\u2019extr\u00eame droite<\/a> en journ\u00e9e. Il a soulign\u00e9 l\u2019intervention de l\u2019Arcom du jeudi 27\u00a0novembre venant contredire cette affirmation. Le r\u00e9gulateur de l\u2019audiovisuel avait indiqu\u00e9 aupr\u00e8s de l\u2019AFP\u00a0: \u00ab\u00a0Il n\u2019y a pas de contournements des r\u00e8gles du pluralisme politique sur le mois de mars\u00a02025 sur CNews, et s\u2019il y en avait eu, nous les aurions identifi\u00e9s et nous serions intervenus.\u00a0\u00bb<\/p>\n<p> La lecture de ce contenu est susceptible d\u2019entra\u00eener un d\u00e9p\u00f4t de cookies de la part de l\u2019op\u00e9rateur tiers qui l\u2019h\u00e9berge. Compte-tenu des choix que vous avez exprim\u00e9s en mati\u00e8re de d\u00e9p\u00f4t de cookies, nous avons bloqu\u00e9 l\u2019affichage de ce contenu. Si vous souhaitez y acc\u00e9der, vous devez accepter la cat\u00e9gorie de cookies \u201cContenus tiers\u201d en cliquant sur le bouton ci-dessous. <\/p>\n<p> Lire la Vid\u00e9o            <\/p>\n<p class=\"asset asset-text\">La contradiction par l\u2019Arcom de cette \u00e9tude \u00ab\u00a0manifestement bidon\u00a0\u00bb de RSF, qui s\u2019appuyait d\u2019apr\u00e8s Pascal Praud \u00ab\u00a0sur des param\u00e8tres de jugement biais\u00e9s\u00a0\u00bb, a mis France 2\u00a0dans l\u2019embarras. Car, comme le pr\u00e9cise Pascal Praud, elle \u00e9tait \u00ab\u00a0le c\u0153ur de la d\u00e9monstration de nos confr\u00e8res\u00a0: montrer, preuves \u00e0 l\u2019appui, pensaient-ils, que CNews enfreignait la loi.\u00a0\u00bb<\/p>\n<p class=\"asset asset-text\">Comme le r\u00e9v\u00e9lait Le Parisien en fin de journ\u00e9e, l\u2019\u00e9mission avait ainsi d\u00fb \u00eatre remont\u00e9e quelques heures avant la diffusion, \u00ab\u00a0ce qui en dit long sur le s\u00e9rieux journalistique, apr\u00e8s des mois d\u2019enqu\u00eate et \u00e0 deux heures de [la diffusion] on coupe des s\u00e9quences, on jette \u00e0 la poubelle le tournage, et les accusations font \u201cpschit\u201d. Tout \u00e7a pour \u00e7a\u00a0\u00bb, feint de s\u2019\u00e9tonner Pascal Praud.<\/p>\n<p>    \u00ab\u00a0Je suis d\u00e9masqu\u00e9\u00a0\u00bb    <\/p>\n<p class=\"asset asset-text\">Sur le fond, le journaliste a estim\u00e9 que l\u2019enqu\u00eate du magazine d\u2019investigation port\u00e9 par Tristan Waleckx \u00e9tait, selon lui, vide. Avec ironie, il a \u00e9voqu\u00e9 \u00ab\u00a0des r\u00e9v\u00e9lations fracassantes\u00a0\u00bb\u00a0: \u00ab\u00a0J\u2019aime beaucoup Nicolas Sarkozy, je suis d\u00e9masqu\u00e9. Je le confesse, j\u2019ai trouv\u00e9 inique sa mise en d\u00e9tention\u00a0\u00bb, s\u2019amuse pascal Praud, suscitant des rires chez ses chroniqueurs.<\/p>\n<p class=\"asset asset-text\">Redevenant s\u00e9rieux, Pascal Praud a ensuite accus\u00e9 Compl\u00e9ment d\u2019enqu\u00eate d\u2019avoir vers\u00e9 dans la \u00ab\u00a0fake news\u00a0\u00bb en avan\u00e7ant \u00ab\u00a0qu\u2019il n\u2019y avait pas de lien entre immigration et ins\u00e9curit\u00e9\u00a0\u00bb. Puis, pour clore son propos, le journaliste a repris un argument tr\u00e8s r\u00e9guli\u00e8rement \u00e9voqu\u00e9 sur le plateau de CNews\u00a0: le financement de l\u2019audiovisuel public. \u00ab\u00a0Je ne sais pas combien a co\u00fbt\u00e9 le reportage de France 2. Cyril Hanouna avan\u00e7ait le chiffre de 400\u00a0000\u00a0euros, ce qui me para\u00eet \u00e9norme. Mais ce qui est certain, c\u2019est qu\u2019il existe une source d\u2019\u00e9conomie possible.\u00a0\u00bb<\/p>\n<p class=\"asset asset-text\">Enfin, Pascal Praud a termin\u00e9 sa charge en prenant \u00e0 t\u00e9moin ses t\u00e9l\u00e9spectateurs. \u00ab\u00a0Est-ce que vous et moi devons financer des enqu\u00eates mal ficel\u00e9es, conduites sans rigueur, \u00e9tay\u00e9es par des donn\u00e9es approximatives, voire des fake news\u00a0?\u00a0\u00bb<\/p>\n<p class=\"asset asset-text\">Il y a quelques semaines, CNews a \u00e9t\u00e9 condamn\u00e9e par le Conseil d\u2019\u00c9tat \u00e0 une amende de 20\u00a0000\u00a0euros pour \u00ab\u00a0d\u00e9sinformation climatique\u00a0\u00bb apr\u00e8s des propos tenus sur le plateau en 2023. En 2024, la cha\u00eene avait \u00e9t\u00e9 condamn\u00e9e \u00e0 80\u00a0000\u00a0euros d\u2019amende par l\u2019Arcom pour manquement \u00e0 ses obligations lors d\u2019un d\u00e9bat sur l\u2019immigration.<\/p>\n<p class=\"asset asset-text\">Le num\u00e9ro de Compl\u00e9ment d\u2019enqu\u00eate de France 2\u00a0diffus\u00e9 le 27\u00a0novembre a, quoi qu\u2019il en soit, trouv\u00e9 son public puisque la cha\u00eene a r\u00e9alis\u00e9 son meilleur score depuis la rentr\u00e9e de septembre avec un total de pr\u00e8s de 1,1\u00a0million de t\u00e9l\u00e9spectateurs.<\/p>\n","protected":false},"excerpt":{"rendered":"Pascal Praud a d\u00e9di\u00e9 son \u00e9dito du 28\u00a0novembre au num\u00e9ro de \u00ab\u00a0Compl\u00e9ment d\u2019enqu\u00eate\u00a0\u00bb de France 2\u00a0sur CNews. Il&hellip;\n","protected":false},"author":2,"featured_media":564576,"comment_status":"","ping_status":"","sticky":false,"template":"","format":"standard","meta":{"footnotes":""},"categories":[2],"tags":[11,9722,28200,1011,27,594,500,12,10160],"class_list":{"0":"post-564575","1":"post","2":"type-post","3":"status-publish","4":"format-standard","5":"has-post-thumbnail","7":"category-actualites","8":"tag-actualites","9":"tag-cnews","10":"tag-complement-d-enquete","11":"tag-fr","12":"tag-france","13":"tag-france-2","14":"tag-medias","15":"tag-news","16":"tag-pascal-praud"},"share_on_mastodon":{"url":"https:\/\/pubeurope.com\/@fr\/115627669914026620","error":""},"_links":{"self":[{"href":"https:\/\/www.europesays.com\/fr\/wp-json\/wp\/v2\/posts\/564575","targetHints":{"allow":["GET"]}}],"collection":[{"href":"https:\/\/www.europesays.com\/fr\/wp-json\/wp\/v2\/posts"}],"about":[{"href":"https:\/\/www.europesays.com\/fr\/wp-json\/wp\/v2\/types\/post"}],"author":[{"embeddable":true,"href":"https:\/\/www.europesays.com\/fr\/wp-json\/wp\/v2\/users\/2"}],"replies":[{"embeddable":true,"href":"https:\/\/www.europesays.com\/fr\/wp-json\/wp\/v2\/comments?post=564575"}],"version-history":[{"count":0,"href":"https:\/\/www.europesays.com\/fr\/wp-json\/wp\/v2\/posts\/564575\/revisions"}],"wp:featuredmedia":[{"embeddable":true,"href":"https:\/\/www.europesays.com\/fr\/wp-json\/wp\/v2\/media\/564576"}],"wp:attachment":[{"href":"https:\/\/www.europesays.com\/fr\/wp-json\/wp\/v2\/media?parent=564575"}],"wp:term":[{"taxonomy":"category","embeddable":true,"href":"https:\/\/www.europesays.com\/fr\/wp-json\/wp\/v2\/categories?post=564575"},{"taxonomy":"post_tag","embeddable":true,"href":"https:\/\/www.europesays.com\/fr\/wp-json\/wp\/v2\/tags?post=564575"}],"curies":[{"name":"wp","href":"https:\/\/api.w.org\/{rel}","templated":true}]}}