{"id":564577,"date":"2025-11-28T13:56:10","date_gmt":"2025-11-28T13:56:10","guid":{"rendered":"https:\/\/www.europesays.com\/fr\/564577\/"},"modified":"2025-11-28T13:56:10","modified_gmt":"2025-11-28T13:56:10","slug":"saint-etienne-pres-de-200-pochons-de-resine-de-cannabis-saisis-dans-un-logement","status":"publish","type":"post","link":"https:\/\/www.europesays.com\/fr\/564577\/","title":{"rendered":"Saint-\u00c9tienne. Pr\u00e8s de 200 pochons de r\u00e9sine de cannabis saisis dans un logement"},"content":{"rendered":"<p>193. C\u2019est le nombre de pochons de r\u00e9sine de cannabis saisi par la brigade anticriminalit\u00e9 (BAC) st\u00e9phanoise ce 26\u00a0novembre.<\/p>\n<p>Alors qu\u2019ils \u00e9taient en surveillance rue Jo-Gouttebarge, dans le quartier de Tarentaize, les agents de police ont constat\u00e9 plusieurs transactions de trafic de drogue.<\/p>\n<p>Un mineur plac\u00e9 en garde \u00e0 vue<\/p>\n<p>Ils ont alors d\u00e9cid\u00e9 d\u2019interpeller un acheteur, \u00e2g\u00e9 de 16, qui a \u00e9t\u00e9 plac\u00e9 en garde \u00e0 vue. Dans la foul\u00e9e, ils ont arr\u00eat\u00e9 le vendeur pr\u00e9sum\u00e9, qui \u00e9tait \u00e0 bord d\u2019une voiture et effectuait des allers-retours dans un immeuble \u00e0 proximit\u00e9.<\/p>\n<p>Dans le v\u00e9hicule, ils ont d\u00e9couvert les cl\u00e9s d\u2019un logement. Lors de la perquisition, les agents de la BAC ont d\u00e9couvert 193 pochons de r\u00e9sine de cannabis, pour un poids total de 310 grammes.<\/p>\n<p>Plac\u00e9 en garde \u00e0 vue, ce St\u00e9phanois de 22 ans devra r\u00e9pondre des faits de d\u00e9tention, transport, offre, cession et usage de produits stup\u00e9fiants devant le tribunal de Saint-\u00c9tienne.<\/p>\n","protected":false},"excerpt":{"rendered":"193. C\u2019est le nombre de pochons de r\u00e9sine de cannabis saisi par la brigade anticriminalit\u00e9 (BAC) st\u00e9phanoise ce&hellip;\n","protected":false},"author":2,"featured_media":564578,"comment_status":"","ping_status":"","sticky":false,"template":"","format":"standard","meta":{"footnotes":""},"categories":[9653],"tags":[1111,11,2430,271,272,7539,1777,674,274,1011,27,3367,12,25,4001,7538],"class_list":{"0":"post-564577","1":"post","2":"type-post","3":"status-publish","4":"format-standard","5":"has-post-thumbnail","7":"category-saint-etienne","8":"tag-actu","9":"tag-actualites","10":"tag-auvergne-rhone-alpes","11":"tag-crime","12":"tag-delit-et-contravention","13":"tag-edition-loire-sud","14":"tag-eu","15":"tag-europe","16":"tag-faits-divers-justice","17":"tag-fr","18":"tag-france","19":"tag-loire","20":"tag-news","21":"tag-republique-francaise","22":"tag-saint-etienne","23":"tag-saint-etienne-ville"},"share_on_mastodon":{"url":"https:\/\/pubeurope.com\/@fr\/115627673786933808","error":""},"_links":{"self":[{"href":"https:\/\/www.europesays.com\/fr\/wp-json\/wp\/v2\/posts\/564577","targetHints":{"allow":["GET"]}}],"collection":[{"href":"https:\/\/www.europesays.com\/fr\/wp-json\/wp\/v2\/posts"}],"about":[{"href":"https:\/\/www.europesays.com\/fr\/wp-json\/wp\/v2\/types\/post"}],"author":[{"embeddable":true,"href":"https:\/\/www.europesays.com\/fr\/wp-json\/wp\/v2\/users\/2"}],"replies":[{"embeddable":true,"href":"https:\/\/www.europesays.com\/fr\/wp-json\/wp\/v2\/comments?post=564577"}],"version-history":[{"count":0,"href":"https:\/\/www.europesays.com\/fr\/wp-json\/wp\/v2\/posts\/564577\/revisions"}],"wp:featuredmedia":[{"embeddable":true,"href":"https:\/\/www.europesays.com\/fr\/wp-json\/wp\/v2\/media\/564578"}],"wp:attachment":[{"href":"https:\/\/www.europesays.com\/fr\/wp-json\/wp\/v2\/media?parent=564577"}],"wp:term":[{"taxonomy":"category","embeddable":true,"href":"https:\/\/www.europesays.com\/fr\/wp-json\/wp\/v2\/categories?post=564577"},{"taxonomy":"post_tag","embeddable":true,"href":"https:\/\/www.europesays.com\/fr\/wp-json\/wp\/v2\/tags?post=564577"}],"curies":[{"name":"wp","href":"https:\/\/api.w.org\/{rel}","templated":true}]}}