{"id":564579,"date":"2025-11-28T13:57:12","date_gmt":"2025-11-28T13:57:12","guid":{"rendered":"https:\/\/www.europesays.com\/fr\/564579\/"},"modified":"2025-11-28T13:57:12","modified_gmt":"2025-11-28T13:57:12","slug":"saint-etienne-un-automobiliste-controle-a-plus-de-100-km-h-dans-une-zone-limitee-a-50","status":"publish","type":"post","link":"https:\/\/www.europesays.com\/fr\/564579\/","title":{"rendered":"Saint-\u00c9tienne. Un automobiliste contr\u00f4l\u00e9 \u00e0 plus de 100\u00a0km\/h dans une zone limit\u00e9e \u00e0 50"},"content":{"rendered":"<p>Ce jeudi 27\u00a0novembre, les motocyclistes de la police nationale st\u00e9phanoise ont intercept\u00e9 une voiture lors d\u2019une op\u00e9ration de contr\u00f4le de vitesse \u00e0 proximit\u00e9 du coll\u00e8ge Marc-Seguin.<\/p>\n<p>Le conducteur roulait \u00e0 112\u00a0km\/h dans une zone normalement limit\u00e9e \u00e0 50\u00a0km\/h. Avec une vitesse retenue de 106\u00a0km\/h, le v\u00e9hicule a \u00e9t\u00e9 immobilis\u00e9 et plac\u00e9 en fourri\u00e8re. L\u2019homme a aussi fait l\u2019objet d\u2019une r\u00e9tention de son permis de conduire.<\/p>\n","protected":false},"excerpt":{"rendered":"Ce jeudi 27\u00a0novembre, les motocyclistes de la police nationale st\u00e9phanoise ont intercept\u00e9 une voiture lors d\u2019une op\u00e9ration de&hellip;\n","protected":false},"author":2,"featured_media":564580,"comment_status":"","ping_status":"","sticky":false,"template":"","format":"standard","meta":{"footnotes":""},"categories":[9653],"tags":[1111,11,2430,271,272,7539,1777,674,274,1011,27,3367,12,25,4001,7538],"class_list":{"0":"post-564579","1":"post","2":"type-post","3":"status-publish","4":"format-standard","5":"has-post-thumbnail","7":"category-saint-etienne","8":"tag-actu","9":"tag-actualites","10":"tag-auvergne-rhone-alpes","11":"tag-crime","12":"tag-delit-et-contravention","13":"tag-edition-loire-sud","14":"tag-eu","15":"tag-europe","16":"tag-faits-divers-justice","17":"tag-fr","18":"tag-france","19":"tag-loire","20":"tag-news","21":"tag-republique-francaise","22":"tag-saint-etienne","23":"tag-saint-etienne-ville"},"share_on_mastodon":{"url":"https:\/\/pubeurope.com\/@fr\/115627677693918246","error":""},"_links":{"self":[{"href":"https:\/\/www.europesays.com\/fr\/wp-json\/wp\/v2\/posts\/564579","targetHints":{"allow":["GET"]}}],"collection":[{"href":"https:\/\/www.europesays.com\/fr\/wp-json\/wp\/v2\/posts"}],"about":[{"href":"https:\/\/www.europesays.com\/fr\/wp-json\/wp\/v2\/types\/post"}],"author":[{"embeddable":true,"href":"https:\/\/www.europesays.com\/fr\/wp-json\/wp\/v2\/users\/2"}],"replies":[{"embeddable":true,"href":"https:\/\/www.europesays.com\/fr\/wp-json\/wp\/v2\/comments?post=564579"}],"version-history":[{"count":0,"href":"https:\/\/www.europesays.com\/fr\/wp-json\/wp\/v2\/posts\/564579\/revisions"}],"wp:featuredmedia":[{"embeddable":true,"href":"https:\/\/www.europesays.com\/fr\/wp-json\/wp\/v2\/media\/564580"}],"wp:attachment":[{"href":"https:\/\/www.europesays.com\/fr\/wp-json\/wp\/v2\/media?parent=564579"}],"wp:term":[{"taxonomy":"category","embeddable":true,"href":"https:\/\/www.europesays.com\/fr\/wp-json\/wp\/v2\/categories?post=564579"},{"taxonomy":"post_tag","embeddable":true,"href":"https:\/\/www.europesays.com\/fr\/wp-json\/wp\/v2\/tags?post=564579"}],"curies":[{"name":"wp","href":"https:\/\/api.w.org\/{rel}","templated":true}]}}