{"id":564593,"date":"2025-11-28T14:04:12","date_gmt":"2025-11-28T14:04:12","guid":{"rendered":"https:\/\/www.europesays.com\/fr\/564593\/"},"modified":"2025-11-28T14:04:12","modified_gmt":"2025-11-28T14:04:12","slug":"lun-deux-na-pas-survecu","status":"publish","type":"post","link":"https:\/\/www.europesays.com\/fr\/564593\/","title":{"rendered":"l&rsquo;un d&rsquo;eux n&rsquo;a pas surv\u00e9cu"},"content":{"rendered":"<p>                    Par<br \/>\n        <strong><br \/>\n            <a href=\"https:\/\/actu.fr\/auteur\/julien-bouteiller\" title=\"Consulter tous les articles de Julien Bouteiller\" target=\"_blank\" rel=\"noopener\">Julien Bouteiller<\/a><br \/>\n                    <\/strong><\/p>\n<p>        Publi\u00e9 le<\/p>\n<p>            28 nov. 2025 \u00e0 14h04        <\/p>\n<p><strong>Intervention p\u00e9rilleuse pour les pompiers<\/strong>. Ce vendredi 28 novembre 2025, trois chiens ont chut\u00e9 d\u2019une falaise \u00e0 <a href=\"https:\/\/actu.fr\/normandie\/val-de-la-haye_76717\" target=\"_blank\" rel=\"noopener\">Val-de-la-Haye<\/a>, pr\u00e8s de Rouen. <strong>L\u2019un d\u2019eux n\u2019a malheureusement pas surv\u00e9cu<\/strong>, apprend-on du Service d\u00e9partemental d\u2019incendie et de secours (Sdis).<\/p>\n<p>Trois chiens chutent de 30 m\u00e8tres<\/p>\n<p class=\" wall-content\">Vers 11h15, les pompiers ont \u00e9t\u00e9 appel\u00e9s \u00e0 intervenir <strong>sur le sentier de Quenneport<\/strong> pour \u00ab\u00a0trois chiens ayant chut\u00e9 d\u2019une falaise\u00a0\u00bb. Deux d\u2019entre eux sont<strong> tomb\u00e9s de 30 m\u00e8tres<\/strong>, le troisi\u00e8me est rest\u00e9 bloqu\u00e9 sur la falaise.<\/p>\n<p class=\" wall-content\">Ce dernier a pu \u00eatre r\u00e9cup\u00e9r\u00e9, vers 13h, gr\u00e2ce \u00e0 l\u2019intervention<strong> d\u2019une \u00e9quipe de secours en milieu p\u00e9rilleux<\/strong>. Il semblait indemne et a \u00e9t\u00e9 rendu \u00e0 son propri\u00e9taire.<\/p>\n<p class=\" wall-content\">Malheureusement, un des deux autres animaux est mort. Le troisi\u00e8me, bless\u00e9, avait \u00e9t\u00e9 r\u00e9cup\u00e9r\u00e9 par ses propri\u00e9taires avant l\u2019arriv\u00e9e des secours.\u00a0<\/p>\n<p class=\" wall-content\">On ignore pour l\u2019heure comment les trois chiens en sont arriv\u00e9s \u00e0 cette terrible chute.<\/p>\n<p>Vid\u00e9os : en ce moment sur Actu<br \/>\n    <a href=\"https:\/\/www.google.com\/maps\/embed?pb=!1m18!1m12!1m3!1d2133.4929283378633!2d1.0040852764954944!3d49.39551927141017!2m3!1f0!2f0!3f0!3m2!1i1024!2i768!4f13.1!3m3!1m2!1s0x47e0e1ac1e767e0b%3A0xf1804397e1dc862f!2sSent.%20de%20Quenneport%2C%2076380!5e1!3m2!1sfr!2sfr!4v1764334701958!5m2!1sfr!2sfr\" title=\"Ouvrie le lien\" target=\"_blank\" rel=\"noopener\">Cliquez ici pour visualiser le contenu<\/a><\/p>\n<p>Suivez l\u2019actualit\u00e9 de Rouen <a href=\"https:\/\/www.whatsapp.com\/channel\/0029VaKfnf99hXF2ddApFB1D\" target=\"_blank\" rel=\"noopener\">sur notre cha\u00eene WhatsApp<\/a> et <a href=\"https:\/\/www.tiktok.com\/@76actu.fr?lang=fr\" target=\"_blank\" rel=\"noopener\">sur notre compte TikTok<\/a><\/p>\n<p class=\" wall-content\">Personnalisez votre actualit\u00e9 en ajoutant vos villes et m\u00e9dias en favori avec <a href=\"https:\/\/moncompte.actu.fr\" title=\"D\u00e9couvez Mon Actu\" rel=\"nofollow noopener\" data-trk=\"{&quot;cta&quot;:{&quot;action&quot;:&quot;https:\\\/\\\/moncompte.actu.fr&quot;,&quot;category&quot;:&quot;mon compte&quot;,&quot;from&quot;:&quot;article footer&quot;,&quot;name&quot;:&quot;Mon actu&quot;,&quot;type&quot;:&quot;cta&quot;}}\" target=\"_blank\">Mon Actu<\/a>.<\/p>\n<p>                    <script async src=\"\/\/www.tiktok.com\/embed.js\"><\/script><\/p>\n","protected":false},"excerpt":{"rendered":"Par Julien Bouteiller Publi\u00e9 le 28 nov. 2025 \u00e0 14h04 Intervention p\u00e9rilleuse pour les pompiers. Ce vendredi 28&hellip;\n","protected":false},"author":2,"featured_media":564594,"comment_status":"","ping_status":"","sticky":false,"template":"","format":"standard","meta":{"footnotes":""},"categories":[9587],"tags":[1111,11,4850,1777,674,118,1011,27,12,5161,1311,25,9590],"class_list":{"0":"post-564593","1":"post","2":"type-post","3":"status-publish","4":"format-standard","5":"has-post-thumbnail","7":"category-rouen","8":"tag-actu","9":"tag-actualites","10":"tag-chien","11":"tag-eu","12":"tag-europe","13":"tag-faits-divers","14":"tag-fr","15":"tag-france","16":"tag-news","17":"tag-normandie","18":"tag-pompiers","19":"tag-republique-francaise","20":"tag-rouen"},"share_on_mastodon":{"url":"https:\/\/pubeurope.com\/@fr\/115627705326555460","error":""},"_links":{"self":[{"href":"https:\/\/www.europesays.com\/fr\/wp-json\/wp\/v2\/posts\/564593","targetHints":{"allow":["GET"]}}],"collection":[{"href":"https:\/\/www.europesays.com\/fr\/wp-json\/wp\/v2\/posts"}],"about":[{"href":"https:\/\/www.europesays.com\/fr\/wp-json\/wp\/v2\/types\/post"}],"author":[{"embeddable":true,"href":"https:\/\/www.europesays.com\/fr\/wp-json\/wp\/v2\/users\/2"}],"replies":[{"embeddable":true,"href":"https:\/\/www.europesays.com\/fr\/wp-json\/wp\/v2\/comments?post=564593"}],"version-history":[{"count":0,"href":"https:\/\/www.europesays.com\/fr\/wp-json\/wp\/v2\/posts\/564593\/revisions"}],"wp:featuredmedia":[{"embeddable":true,"href":"https:\/\/www.europesays.com\/fr\/wp-json\/wp\/v2\/media\/564594"}],"wp:attachment":[{"href":"https:\/\/www.europesays.com\/fr\/wp-json\/wp\/v2\/media?parent=564593"}],"wp:term":[{"taxonomy":"category","embeddable":true,"href":"https:\/\/www.europesays.com\/fr\/wp-json\/wp\/v2\/categories?post=564593"},{"taxonomy":"post_tag","embeddable":true,"href":"https:\/\/www.europesays.com\/fr\/wp-json\/wp\/v2\/tags?post=564593"}],"curies":[{"name":"wp","href":"https:\/\/api.w.org\/{rel}","templated":true}]}}