{"id":564599,"date":"2025-11-28T14:07:20","date_gmt":"2025-11-28T14:07:20","guid":{"rendered":"https:\/\/www.europesays.com\/fr\/564599\/"},"modified":"2025-11-28T14:07:20","modified_gmt":"2025-11-28T14:07:20","slug":"grenoble-une-marche-blanche-en-memoire-de-celia-poignardee-a-mort-lors-dun-conflit-de-voisinage","status":"publish","type":"post","link":"https:\/\/www.europesays.com\/fr\/564599\/","title":{"rendered":"Grenoble. Une marche blanche en m\u00e9moire de C\u00e9lia, poignard\u00e9e \u00e0 mort lors d\u2019un conflit de voisinage"},"content":{"rendered":"<p>Les proches de C\u00e9lia, cette jeune m\u00e8re de famille <a href=\"https:\/\/www.ledauphine.com\/faits-divers-justice\/2025\/10\/19\/jeune-femme-mortellement-poignardee-une-altercation-a-cause-du-bruit-a-l-origine-du-drame\" target=\"_blank\" rel=\"noopener\">tu\u00e9e le 18\u00a0octobre<\/a> dernier lors d\u2019un conflit de voisinage dans l\u2019immeuble o\u00f9 vit sa m\u00e8re, dans le quartier Chorier-Berriat \u00e0 Grenoble, organisent une marche blanche en sa m\u00e9moire le mercredi 3\u00a0d\u00e9cembre.<\/p>\n<p>Ceux qui voudront se joindre \u00e0 leur peine devront se rassembler \u00e0\u00a014 heures devant le 10 bis de la rue Danton o\u00f9 le meurtre a \u00e9t\u00e9 commis.<\/p>\n<p>Le soir du drame, cette jeune femme de 24 ans avait eu deux violentes altercations avec une \u00e9tudiante de 20 ans qui occupait un appartement au-dessus de celui de sa m\u00e8re \u00e0 propos du bruit.<\/p>\n<p>Ce contenu est bloqu\u00e9 car vous n&rsquo;avez pas accept\u00e9 les cookies et autres traceurs.<\/p>\n<p>En cliquant sur \u00ab J\u2019accepte \u00bb, les cookies et autres traceurs seront d\u00e9pos\u00e9s et vous pourrez visualiser les contenus  (<a href=\"\" class=\"consentModule_policy\" target=\"_blank\" title=\"Consulter la politique de protection des donn\u00e9es du fournisseur\">plus d&rsquo;informations<\/a>).<\/p>\n<p>En cliquant sur \u00ab J\u2019accepte tous les cookies \u00bb, vous autorisez des d\u00e9p\u00f4ts de cookies et autres traceurs pour le stockage de vos donn\u00e9es sur nos sites et applications \u00e0 des fins de personnalisation et de ciblage publicitaire.<\/p>\n<p class=\"consentModule_secondaryText\">Vous gardez la possibilit\u00e9 de retirer votre consentement \u00e0 tout moment en consultant notre <a href=\"https:\/\/www.ledauphine.com\/protection-des-donnees\" target=\"_blank\" title=\"Consulter notre politique de protection des donn\u00e9es\" rel=\"noopener\">politique de protection des donn\u00e9es<\/a>. <br \/>&#13;<br \/>\n            <a href=\"https:\/\/www.ledauphine.com\/faits-divers-justice\/2025\/11\/28\/javascript:Didomi.notice.show()\" class=\"consentModule_cmp\" target=\"_blank\" rel=\"noopener\">G\u00e9rer mes choix<\/a>&#13;\n        <\/p>\n<p>&#13;<br \/>\n                        J&rsquo;accepte&#13;<br \/>\n            J&rsquo;accepte tous les cookies&#13;\n        <\/p>\n<p>C\u2019est alors qu\u2019elle venait de remonter chez cette jeune voisine apr\u00e8s une premi\u00e8re empoignade dans les escaliers que cette derni\u00e8re s\u2019\u00e9tait saisie d\u2019un couteau et en avait donn\u00e9 plusieurs coups \u00e0 l\u2019intruse qui, elle, \u00e9tait d\u00e9sarm\u00e9e.<\/p>\n<p>Un de ces coups, port\u00e9 au niveau de la r\u00e9gion cardiaque, lui avait \u00e9t\u00e9 fatal.<\/p>\n<p>Interpell\u00e9e le soir m\u00eame dans le quartier, la mise en cause a, depuis, \u00e9t\u00e9 mise en examen pour meurtre et plac\u00e9e en d\u00e9tention provisoire.<\/p>\n","protected":false},"excerpt":{"rendered":"Les proches de C\u00e9lia, cette jeune m\u00e8re de famille tu\u00e9e le 18\u00a0octobre dernier lors d\u2019un conflit de voisinage&hellip;\n","protected":false},"author":2,"featured_media":564600,"comment_status":"","ping_status":"","sticky":false,"template":"","format":"standard","meta":{"footnotes":""},"categories":[9566],"tags":[1111,11,2430,271,272,112,1777,674,274,1011,27,2731,2732,108,12,25],"class_list":{"0":"post-564599","1":"post","2":"type-post","3":"status-publish","4":"format-standard","5":"has-post-thumbnail","7":"category-grenoble","8":"tag-actu","9":"tag-actualites","10":"tag-auvergne-rhone-alpes","11":"tag-crime","12":"tag-delit-et-contravention","13":"tag-edition-grenoble-agglomeration","14":"tag-eu","15":"tag-europe","16":"tag-faits-divers-justice","17":"tag-fr","18":"tag-france","19":"tag-grenoble","20":"tag-grenoble-bassin","21":"tag-isere","22":"tag-news","23":"tag-republique-francaise"},"share_on_mastodon":{"url":"https:\/\/pubeurope.com\/@fr\/115627717093549733","error":""},"_links":{"self":[{"href":"https:\/\/www.europesays.com\/fr\/wp-json\/wp\/v2\/posts\/564599","targetHints":{"allow":["GET"]}}],"collection":[{"href":"https:\/\/www.europesays.com\/fr\/wp-json\/wp\/v2\/posts"}],"about":[{"href":"https:\/\/www.europesays.com\/fr\/wp-json\/wp\/v2\/types\/post"}],"author":[{"embeddable":true,"href":"https:\/\/www.europesays.com\/fr\/wp-json\/wp\/v2\/users\/2"}],"replies":[{"embeddable":true,"href":"https:\/\/www.europesays.com\/fr\/wp-json\/wp\/v2\/comments?post=564599"}],"version-history":[{"count":0,"href":"https:\/\/www.europesays.com\/fr\/wp-json\/wp\/v2\/posts\/564599\/revisions"}],"wp:featuredmedia":[{"embeddable":true,"href":"https:\/\/www.europesays.com\/fr\/wp-json\/wp\/v2\/media\/564600"}],"wp:attachment":[{"href":"https:\/\/www.europesays.com\/fr\/wp-json\/wp\/v2\/media?parent=564599"}],"wp:term":[{"taxonomy":"category","embeddable":true,"href":"https:\/\/www.europesays.com\/fr\/wp-json\/wp\/v2\/categories?post=564599"},{"taxonomy":"post_tag","embeddable":true,"href":"https:\/\/www.europesays.com\/fr\/wp-json\/wp\/v2\/tags?post=564599"}],"curies":[{"name":"wp","href":"https:\/\/api.w.org\/{rel}","templated":true}]}}