{"id":564605,"date":"2025-11-28T14:10:31","date_gmt":"2025-11-28T14:10:31","guid":{"rendered":"https:\/\/www.europesays.com\/fr\/564605\/"},"modified":"2025-11-28T14:10:31","modified_gmt":"2025-11-28T14:10:31","slug":"valentin-husson-philosophe-a-strasbourg-pointe-les-effets-devastateurs-des-trolls-2","status":"publish","type":"post","link":"https:\/\/www.europesays.com\/fr\/564605\/","title":{"rendered":"Valentin Husson, philosophe \u00e0 Strasbourg, pointe les effets d\u00e9vastateurs des \u00ab\u00a0trolls\u00a0\u00bb"},"content":{"rendered":"<p>Du haut de son un m\u00e8tre quatre-vingt-dix, le philosophe Valentin Husson observe le monde, les mutations sociales \u00e0 l\u2019\u0153uvre. Le Strasbourgeois de 37 ans a d\u00e9velopp\u00e9 une philosophie du r\u00e9el, empreinte d\u2019un gai savoir h\u00e9rit\u00e9 de Nietzsche. Valentin Husson se d\u00e9finit comme un optimiste r\u00e9sign\u00e9. Dans son <a href=\"https:\/\/www.dna.fr\/culture-loisirs\/2025\/10\/19\/valentin-husson-on-est-passe-du-refoulement-au-defoulement\" target=\"_blank\" rel=\"noopener\"> r\u00e9cent essai,  Foules ressentimentales (Philosophie Magazine \u00e9diteur)<\/a>, il analyse le ph\u00e9nom\u00e8ne des trolls [les personnes qui cherchent intentionnellement \u00e0 susciter des r\u00e9ponses \u00e9motives, controvers\u00e9es ou haineuses dans les espaces en ligne, NDLR].<\/p>\n<p>\u00ab\u00a0Avec les r\u00e9seaux sociaux, on vit une mutation totalement culturelle et civilisationnelle, rel\u00e8ve le philosophe. La libert\u00e9 d\u2019expression est devenue une libert\u00e9 d\u2019impression.\u00a0\u00bb Outre la haine individuelle que v\u00e9hiculent les trolls, Valentin Husson pointe des effets d\u00e9vastateurs g\u00e9opolitiques et g\u00e9ostrat\u00e9giques, remettant en cause les souverainet\u00e9s nationales.<\/p>\n<p>  Contrer et anticiper les ing\u00e9rences ext\u00e9rieures<\/p>\n<p>\u00ab\u00a0Des \u00e9tats comme la Chine, la Russie, la Turquie m\u00e8nent des offensives de d\u00e9stabilisation et d\u2019affaiblissement de nos d\u00e9mocraties par le biais d\u2019usines \u00e0 trolls, affirme-t-il. Sont diffus\u00e9es massivement des informations mensong\u00e8res, partielles et partiales.\u00a0\u00bb Dans son essai, il d\u00e9finit aussi le trollage bien particulier de <a href=\"https:\/\/www.dna.fr\/p\/donald-trump\" target=\"_blank\" rel=\"noopener\">Donald Trump<\/a>.<\/p>\n<p>Le propre du philosophe, c\u2019est de douter, de s\u2019interroger. \u00ab\u00a0On est \u00e0 un an et demi de l\u2019\u00e9lection pr\u00e9sidentielle\u00a0; s\u2019il y a une vague de d\u00e9sinformation massive, d\u2019attaques de trolls, que peut faire l\u2019\u00c9tat fran\u00e7ais\u00a0?\u00a0\u00bb S\u2019il pense \u00e0 des sc\u00e9narios catastrophe, la r\u00e9ponse du pr\u00e9sident <a href=\"https:\/\/www.dna.fr\/p\/emmanuel-macron\" target=\"_blank\" rel=\"noopener\">Emmanuel Macron<\/a> l\u00e8vera-t-elle ses inqui\u00e9tudes\u00a0?<\/p>\n<p>Face \u00e0 ses \u00e9l\u00e8ves du lyc\u00e9e Couffignal de Strasbourg, le prof de philo aborde le cyberharc\u00e8lement. \u00ab\u00a0On se sent autoris\u00e9 \u00e0 discr\u00e9diter l\u2019autre parce que l\u2019on est anonyme, remarque-t-il. J\u2019ai eu un cas l\u2019an dernier, dix gar\u00e7ons contre une jeune fille. Avec cette chose perverse que l\u2019on rep\u00e8re toujours la proie facile, celle qui ne peut pas se d\u00e9fendre.\u00a0\u00bb<\/p>\n<p>Dans ses cours, il \u00e9voque \u00e9galement la dimension collective du trolling. La mani\u00e8re dont il change compl\u00e8tement le rapport \u00e0 la politique. \u00ab\u00a0D\u00e9sormais, strat\u00e9giquement, tout se passe sur les r\u00e9seaux, notamment sur TikTok, appuie Valentin Husson. Un vote, une voix, cela se joue en une vid\u00e9o de quinze secondes. Certains politiques comme <a href=\"https:\/\/www.dna.fr\/p\/jordan-bardella\" target=\"_blank\" rel=\"noopener\">Jordan Bardella<\/a> l\u2019ont bien compris.\u00a0\u00bb<\/p>\n<p class=\"note\"><a href=\"https:\/\/www.dna.fr\/politique\/debat-ebra-avec-emmanuel-macron\" target=\"_blank\" rel=\"noopener\">Le chef de l\u2019\u00c9tat rencontrera et r\u00e9pondra aux questions des lecteurs du groupe Ebra<\/a>, dont fait partie votre journal, vendredi 28\u00a0novembre \u00e0 Mirecourt (Vosges) autour de la probl\u00e9matique de \u00ab\u00a0la d\u00e9mocratie \u00e0 l\u2019\u00e9preuve des r\u00e9seaux sociaux et des algorithmes\u00a0\u00bb.<\/p>\n","protected":false},"excerpt":{"rendered":"Du haut de son un m\u00e8tre quatre-vingt-dix, le philosophe Valentin Husson observe le monde, les mutations sociales \u00e0&hellip;\n","protected":false},"author":2,"featured_media":564127,"comment_status":"","ping_status":"","sticky":false,"template":"","format":"standard","meta":{"footnotes":""},"categories":[2820],"tags":[1111,11,2389,2649,3599,68004,2880,1057,4854,1777,674,107,1011,27,775,12,316,25,104,640],"class_list":{"0":"post-564605","1":"post","2":"type-post","3":"status-publish","4":"format-standard","5":"has-post-thumbnail","7":"category-strasbourg","8":"tag-actu","9":"tag-actualites","10":"tag-alsace","11":"tag-bas-rhin","12":"tag-college-lycee","13":"tag-debat-ebra-avec-emmanuel-macron","14":"tag-edition-strasbourg","15":"tag-education","16":"tag-enseignement-superieur","17":"tag-eu","18":"tag-europe","19":"tag-fil-info","20":"tag-fr","21":"tag-france","22":"tag-grand-est","23":"tag-news","24":"tag-politique","25":"tag-republique-francaise","26":"tag-societe","27":"tag-strasbourg"},"share_on_mastodon":{"url":"https:\/\/pubeurope.com\/@fr\/115627728921121686","error":""},"_links":{"self":[{"href":"https:\/\/www.europesays.com\/fr\/wp-json\/wp\/v2\/posts\/564605","targetHints":{"allow":["GET"]}}],"collection":[{"href":"https:\/\/www.europesays.com\/fr\/wp-json\/wp\/v2\/posts"}],"about":[{"href":"https:\/\/www.europesays.com\/fr\/wp-json\/wp\/v2\/types\/post"}],"author":[{"embeddable":true,"href":"https:\/\/www.europesays.com\/fr\/wp-json\/wp\/v2\/users\/2"}],"replies":[{"embeddable":true,"href":"https:\/\/www.europesays.com\/fr\/wp-json\/wp\/v2\/comments?post=564605"}],"version-history":[{"count":0,"href":"https:\/\/www.europesays.com\/fr\/wp-json\/wp\/v2\/posts\/564605\/revisions"}],"wp:featuredmedia":[{"embeddable":true,"href":"https:\/\/www.europesays.com\/fr\/wp-json\/wp\/v2\/media\/564127"}],"wp:attachment":[{"href":"https:\/\/www.europesays.com\/fr\/wp-json\/wp\/v2\/media?parent=564605"}],"wp:term":[{"taxonomy":"category","embeddable":true,"href":"https:\/\/www.europesays.com\/fr\/wp-json\/wp\/v2\/categories?post=564605"},{"taxonomy":"post_tag","embeddable":true,"href":"https:\/\/www.europesays.com\/fr\/wp-json\/wp\/v2\/tags?post=564605"}],"curies":[{"name":"wp","href":"https:\/\/api.w.org\/{rel}","templated":true}]}}