{"id":564608,"date":"2025-11-28T14:12:19","date_gmt":"2025-11-28T14:12:19","guid":{"rendered":"https:\/\/www.europesays.com\/fr\/564608\/"},"modified":"2025-11-28T14:12:19","modified_gmt":"2025-11-28T14:12:19","slug":"a-nice-voici-ce-que-reserve-la-soiree-platurne-xxl-ce-vendredi-aux-amateurs-de-techno","status":"publish","type":"post","link":"https:\/\/www.europesays.com\/fr\/564608\/","title":{"rendered":"\u00e0 Nice, voici ce que r\u00e9serve la soir\u00e9e \u00ab\u00a0Platurne XXL\u00a0\u00bb ce vendredi aux amateurs de techno"},"content":{"rendered":"<p class=\"fs-5 \">M\u00eame si la C\u00f4te d\u2019Azur a \u00e9t\u00e9 plus bouillonnante en mati\u00e8re de raves, de free parties et d\u2019\u00e9v\u00e9nements effervescents \u00e0 l\u2019apparition du ph\u00e9nom\u00e8ne techno, la zone n\u2019est pas totalement sinistr\u00e9e aujourd\u2019hui. Parmi ceux qui s\u2019activent pour faire perdurer le mouvement et embrasser ses nouvelles mutations, il y a Platurne.<\/p>\n<p class=\"fs-5 \"><strong>Loin des clubs tapageurs<\/strong> o\u00f9 l\u2019\u00e9paisseur du portefeuille et l\u2019apparence conditionnent et \u00e9touffent tout, ce collectif avance avec <strong>une certaine id\u00e9e du sens \u00e0 donner \u00e0 la f\u00eate<\/strong>.<\/p>\n<p class=\"fs-5 \">\u00ab La Platurne est une grande famille dans laquelle l\u2019amour, le respect et l\u2019inclusion transcendent. Ici, la bienveillance est l\u2019\u00e2me de nos \u00e9changes et on prend soin les uns des autres. Ces valeurs marquent l\u2019identit\u00e9 et l\u2019ambiance de la Platurne \u00bb, comme on peut le lire sur la page Web o\u00f9 sont vendus les billets de leur prochaine date.<\/p>\n<p>            <img src=\"https:\/\/www.europesays.com\/fr\/wp-content\/uploads\/2025\/11\/0df9988_upload-1-7g83qrnft7py-080-hl-smouchmouche-2045685-min.jpg\"   loading=\"lazy\" decoding=\"async\" alt=\"\" class=\"img-fluid position-absolute w-100 object-fit-cover rounded-2\" width=\"600\" height=\"400\"\/><\/p>\n<p>                                                                                Une \u00e9volution en plusieurs \u00e9tapes<\/p>\n<p class=\"fs-5 \"><strong>N\u00e9 en sortie de p\u00e9riode Covid,<\/strong> \u00e0 une \u00e9poque o\u00f9 beaucoup de gens ont ressenti un grand besoin de se retrouver, Platurne a d\u2019abord op\u00e9r\u00e9 en mode clandestin, en organisant des free parties, non autoris\u00e9es donc, dans la r\u00e9gion.<\/p>\n<p class=\"fs-5 \">\u00ab Mais tr\u00e8s vite, on a bascul\u00e9 dans quelque chose de l\u00e9gal \u00bb, assure Louis Perrin. Celui qui op\u00e8re derri\u00e8re les platines sous le pseudo \u00ab\u00a0Lui\u00a0\u00bb fait d\u00e9sormais partie des piliers du collectif avec Antoine, Valentin et Viviana, ses cr\u00e9ateurs.<\/p>\n<p class=\"fs-5 \"><strong>La Box \u00e0 Antibes, l\u2019Altherax ou l\u2019Antre \u00e0 Nice<\/strong> ont accueilli plusieurs de leurs \u00e9v\u00e9nements. D\u2019abord tourn\u00e9s vers la tekno (avec un \u00ab k \u00bb, tempo \u00e9lev\u00e9, sonorit\u00e9s assez \u00ab dures \u00bb attach\u00e9es \u00e0 la culture des free parties), les quatre amis ont gliss\u00e9 vers un registre \u00ab plus chaleureux, de la trance et des sons en vogue dans les clubs d\u2019Amsterdam ou Londres \u00bb, d\u00e9taille Louis\/Lui, 29 ans, d\u00e9veloppeur informatique quand il ne mixe pas.<\/p>\n<p class=\"fs-5 \">Petit \u00e0 petit, Platurne a pris ses aises du c\u00f4t\u00e9 du 109, la<strong> friche culturelle install\u00e9e dans les anciens abattoirs de Nice<\/strong>, \u00e0 l\u2019est de la ville.<\/p>\n<p class=\"fs-5 \">\u00ab Panda Events, qui g\u00e8re le Frigo 16 [l\u2019une des salles du 109, ndlr] nous fait confiance, donc on essaye de faire presque toutes nos soir\u00e9es ici. Et maintenant, notre objectif est de proposer moins de rendez-vous, mais d\u2019en faire des plus gros \u00e0 chaque fois. \u00bb<\/p>\n<p>                                                                                2.300 personnes attendues<\/p>\n<p class=\"fs-5 \">Ce vendredi 28 novembre, on aura donc droit \u00e0 <strong>une Platurne XXL, taill\u00e9e pour accueillir 2.300 ravers<\/strong>. Mercredi, <strong>pr\u00e8s de 2.000 entr\u00e9es avaient d\u00e9j\u00e0 \u00e9t\u00e9 \u00e9coul\u00e9es<\/strong> pour cet \u00e9pisode qui s\u2019\u00e9tirera <strong>de 18 heures \u00e0 4 heures, sur trois sc\u00e8nes<\/strong> (une au Frigo 16, une dans la grande halle et une autre en ext\u00e9rieur).<\/p>\n<p class=\"fs-5 \"><strong>House, techno, hard groove, hard trance, hard techno ou encore hard bounce<\/strong>, diff\u00e9rentes sensibilit\u00e9s seront repr\u00e9sent\u00e9es au travers d\u2019un plateau embarquant dix-neuf artistes. Sur l\u2019affiche, les noms ne parleront pas au grand public, mais feront saliver les puristes, \u00e0 l\u2019image du duo russe Zapravka, embarqu\u00e9 dans une tourn\u00e9e mondiale et suivi par 461 000 personnes sur Instagram.<\/p>\n<p class=\"fs-5 \"><strong>Pratique<\/strong>\u00a0: ce vendredi 28 novembre de 18 h \u00e0 4 h. 109 \u00e0 Nice. 45 euros en pr\u00e9vente, 50 euros sur place. R\u00e9servations en ligne <a href=\"https:\/\/shotgun.live\/fr\/events\/platurne-xxl\" target=\"_blank\" rel=\"nofollow noopener\">sur la plateforme Shotgun<\/a>.<\/p>\n","protected":false},"excerpt":{"rendered":"M\u00eame si la C\u00f4te d\u2019Azur a \u00e9t\u00e9 plus bouillonnante en mati\u00e8re de raves, de free parties et d\u2019\u00e9v\u00e9nements&hellip;\n","protected":false},"author":2,"featured_media":564609,"comment_status":"","ping_status":"","sticky":false,"template":"","format":"standard","meta":{"footnotes":""},"categories":[2819],"tags":[1111,11,1777,674,1011,27,12,2401,882,25],"class_list":{"0":"post-564608","1":"post","2":"type-post","3":"status-publish","4":"format-standard","5":"has-post-thumbnail","7":"category-nice","8":"tag-actu","9":"tag-actualites","10":"tag-eu","11":"tag-europe","12":"tag-fr","13":"tag-france","14":"tag-news","15":"tag-nice","16":"tag-provence-alpes-cote-dazur","17":"tag-republique-francaise"},"share_on_mastodon":{"url":"https:\/\/pubeurope.com\/@fr\/115627737750527630","error":""},"_links":{"self":[{"href":"https:\/\/www.europesays.com\/fr\/wp-json\/wp\/v2\/posts\/564608","targetHints":{"allow":["GET"]}}],"collection":[{"href":"https:\/\/www.europesays.com\/fr\/wp-json\/wp\/v2\/posts"}],"about":[{"href":"https:\/\/www.europesays.com\/fr\/wp-json\/wp\/v2\/types\/post"}],"author":[{"embeddable":true,"href":"https:\/\/www.europesays.com\/fr\/wp-json\/wp\/v2\/users\/2"}],"replies":[{"embeddable":true,"href":"https:\/\/www.europesays.com\/fr\/wp-json\/wp\/v2\/comments?post=564608"}],"version-history":[{"count":0,"href":"https:\/\/www.europesays.com\/fr\/wp-json\/wp\/v2\/posts\/564608\/revisions"}],"wp:featuredmedia":[{"embeddable":true,"href":"https:\/\/www.europesays.com\/fr\/wp-json\/wp\/v2\/media\/564609"}],"wp:attachment":[{"href":"https:\/\/www.europesays.com\/fr\/wp-json\/wp\/v2\/media?parent=564608"}],"wp:term":[{"taxonomy":"category","embeddable":true,"href":"https:\/\/www.europesays.com\/fr\/wp-json\/wp\/v2\/categories?post=564608"},{"taxonomy":"post_tag","embeddable":true,"href":"https:\/\/www.europesays.com\/fr\/wp-json\/wp\/v2\/tags?post=564608"}],"curies":[{"name":"wp","href":"https:\/\/api.w.org\/{rel}","templated":true}]}}