{"id":564610,"date":"2025-11-28T14:13:17","date_gmt":"2025-11-28T14:13:17","guid":{"rendered":"https:\/\/www.europesays.com\/fr\/564610\/"},"modified":"2025-11-28T14:13:17","modified_gmt":"2025-11-28T14:13:17","slug":"logc-nice-en-64e-de-finale-%f0%9f%97%93%ef%b8%8f-rc-grasse","status":"publish","type":"post","link":"https:\/\/www.europesays.com\/fr\/564610\/","title":{"rendered":"L\u2019OGC Nice en 64e de finale \ud83d\uddd3\ufe0f \u2013 RC Grasse"},"content":{"rendered":"<p>\t\t\t\t\t\t<img width=\"1170\" height=\"658\" src=\"https:\/\/www.europesays.com\/fr\/wp-content\/uploads\/2025\/11\/Photo-dequipe-U18-1170x658.jpg\" class=\"attachment-conquerors-thumb-huge size-conquerors-thumb-huge wp-post-image\" alt=\"Gambardella : L\u2019OGC Nice en 64e de finale \ud83d\uddd3\ufe0f\" itemprop=\"image\" decoding=\"async\" fetchpriority=\"high\"  \/>\t\t\t\t<\/p>\n<p data-start=\"58\" data-end=\"365\">Apr\u00e8s un parcours ma\u00eetris\u00e9 depuis les premiers tours : victoire \u00e0 Saint-Sylvestre (4\u20130), puis \u00e0 l\u2019USR Pertuis (1\u20133), \u00e0 Draguignan (4\u20130) et enfin au FC Avignon (0\u20131). Nos U18 ont valid\u00e9 leur qualification pour le tour f\u00e9d\u00e9ral de la Coupe Gambardella.<\/p>\n<p data-start=\"58\" data-end=\"365\">Ils s\u2019attaquent d\u00e9sormais \u00e0 un d\u00e9fi d\u2019envergure : l\u2019OGC Nice, adversaire du premier tour f\u00e9d\u00e9ral de la Coupe Gambardella.<\/p>\n<p data-start=\"367\" data-end=\"472\"><strong>Rendez-vous dimanche 14 d\u00e9cembre \u00e0 La Paoute pour venir porter nos jeunes vers un nouvel exploit !<\/strong><\/p>\n","protected":false},"excerpt":{"rendered":"Apr\u00e8s un parcours ma\u00eetris\u00e9 depuis les premiers tours : victoire \u00e0 Saint-Sylvestre (4\u20130), puis \u00e0 l\u2019USR Pertuis (1\u20133),&hellip;\n","protected":false},"author":2,"featured_media":564611,"comment_status":"","ping_status":"","sticky":false,"template":"","format":"standard","meta":{"footnotes":""},"categories":[2819],"tags":[1111,11,1777,674,1011,27,12,2401,882,25],"class_list":{"0":"post-564610","1":"post","2":"type-post","3":"status-publish","4":"format-standard","5":"has-post-thumbnail","7":"category-nice","8":"tag-actu","9":"tag-actualites","10":"tag-eu","11":"tag-europe","12":"tag-fr","13":"tag-france","14":"tag-news","15":"tag-nice","16":"tag-provence-alpes-cote-dazur","17":"tag-republique-francaise"},"share_on_mastodon":{"url":"https:\/\/pubeurope.com\/@fr\/115627742133081096","error":""},"_links":{"self":[{"href":"https:\/\/www.europesays.com\/fr\/wp-json\/wp\/v2\/posts\/564610","targetHints":{"allow":["GET"]}}],"collection":[{"href":"https:\/\/www.europesays.com\/fr\/wp-json\/wp\/v2\/posts"}],"about":[{"href":"https:\/\/www.europesays.com\/fr\/wp-json\/wp\/v2\/types\/post"}],"author":[{"embeddable":true,"href":"https:\/\/www.europesays.com\/fr\/wp-json\/wp\/v2\/users\/2"}],"replies":[{"embeddable":true,"href":"https:\/\/www.europesays.com\/fr\/wp-json\/wp\/v2\/comments?post=564610"}],"version-history":[{"count":0,"href":"https:\/\/www.europesays.com\/fr\/wp-json\/wp\/v2\/posts\/564610\/revisions"}],"wp:featuredmedia":[{"embeddable":true,"href":"https:\/\/www.europesays.com\/fr\/wp-json\/wp\/v2\/media\/564611"}],"wp:attachment":[{"href":"https:\/\/www.europesays.com\/fr\/wp-json\/wp\/v2\/media?parent=564610"}],"wp:term":[{"taxonomy":"category","embeddable":true,"href":"https:\/\/www.europesays.com\/fr\/wp-json\/wp\/v2\/categories?post=564610"},{"taxonomy":"post_tag","embeddable":true,"href":"https:\/\/www.europesays.com\/fr\/wp-json\/wp\/v2\/tags?post=564610"}],"curies":[{"name":"wp","href":"https:\/\/api.w.org\/{rel}","templated":true}]}}