{"id":564612,"date":"2025-11-28T14:14:24","date_gmt":"2025-11-28T14:14:24","guid":{"rendered":"https:\/\/www.europesays.com\/fr\/564612\/"},"modified":"2025-11-28T14:14:24","modified_gmt":"2025-11-28T14:14:24","slug":"zeus-la-bretagne-et-le-vent-du-large-aurelien-meyer-reinvente-le-trophee-des-victoires-2025","status":"publish","type":"post","link":"https:\/\/www.europesays.com\/fr\/564612\/","title":{"rendered":"Zeus, la Bretagne et le vent du large : Aur\u00e9lien Meyer r\u00e9invente le troph\u00e9e des Victoires 2025"},"content":{"rendered":"<p><img decoding=\"async\" class=\"\" style=\"width:100%\" src=\"https:\/\/www.europesays.com\/fr\/wp-content\/uploads\/2025\/11\/Capture_d_e_cran_2025_11_28_a__10_48_401764323459581.png\" alt=\"Zeus \u00e0 Nantes\"\/><\/p>\n<p>Zeus \u00e0 Nantes<\/p>\n<p>Cr\u00e9dit : Margot Dou\u00e9til<\/p>\n<p data-start=\"794\" data-end=\"1223\">Il a marqu\u00e9 les esprits du monde entier : en juillet 2024, Zeus, son cheval m\u00e9canique, remontait la Seine sous les yeux d\u2019un milliard de t\u00e9l\u00e9spectateurs. Mais derri\u00e8re ce succ\u00e8s plan\u00e9taire, Aur\u00e9lien Meyer revendique une identit\u00e9 ancr\u00e9e \u00e0 l\u2019Ouest. Originaire de Loire-Atlantique et form\u00e9 \u00e0 Quimper puis \u00e0 Nantes, le designer puise son inspiration dans les paysages, les lumi\u00e8res et les mati\u00e8res de Bretagne et du Pays de la Loire.<\/p>\n<p data-start=\"1225\" data-end=\"1475\">Son atelier nantais, Blam, est aujourd\u2019hui l\u2019un des plus importants studios de cr\u00e9ation en France, regroupant designers, ing\u00e9nieurs et artisans. Une \u00e9quipe qui travaille dans un esprit collectif, mais toujours guid\u00e9e par ce lien intime au territoire.<\/p>\n<p><strong data-start=\"1485\" data-end=\"1521\">Zeus, la pi\u00e8ce qui a tout chang\u00e9<\/strong><\/p>\n<p data-start=\"1522\" data-end=\"1797\">Lorsque Zeus surgit sur la Seine lors de la c\u00e9r\u00e9monie d\u2019ouverture des JO, c\u2019est un s\u00e9isme artistique. L\u2019\u0153uvre traverse les fronti\u00e8res, attire un million de visiteurs au Mont-Saint-Michel, puis fait sensation \u00e0 Nantes lors de son retour sur son trimaran\u2026 construit \u00e0 Quiberon.<\/p>\n<p data-start=\"1799\" data-end=\"2045\">Cette machine po\u00e9tique est devenue un embl\u00e8me, un totem m\u00ealant innovation technique, artisanat local et imaginaire breton. Un succ\u00e8s qui a propuls\u00e9 Meyer au rang de Meilleur ouvrier de France \u00ab honoris causa \u00bb et chevalier de la L\u00e9gion d\u2019honneur.<\/p>\n<p><strong data-start=\"2055\" data-end=\"2104\">Un troph\u00e9e fa\u00e7onn\u00e9 comme une pi\u00e8ce d\u2019histoire<\/strong><\/p>\n<p data-start=\"2105\" data-end=\"2244\">Pour les Victoires de la Bretagne 2025, le cr\u00e9ateur signe un objet profond\u00e9ment symbolique. Le troph\u00e9e m\u00eale des fragments de son parcours : L&rsquo;aluminium issu de Zeus et de la vasque olympique, le bronze provenant de travaux r\u00e9alis\u00e9s pour la Collection Pinault et le cristal n\u00e9 d\u2019une collaboration avec la maison japonaise Tasaki<\/p>\n<p data-start=\"2447\" data-end=\"2704\">Ce m\u00e9lange raconte une trajectoire : celle d\u2019un artiste du grand Ouest qui dialogue d\u00e9sormais avec les grandes maisons internationales. La forme et les teintes rappellent le \u00ab glaz \u00bb, ce bleu-vert si typique de l\u2019oc\u00e9an breton, entre vent, lumi\u00e8re et vagues.<\/p>\n<p> <strong data-start=\"2714\" data-end=\"2781\">Un parcours nourri par le Finist\u00e8re, la Loire et les rencontres<\/strong><\/p>\n<p data-start=\"2782\" data-end=\"3083\">Le designer aime rappeler ses racines : un p\u00e8re \u00e9b\u00e9niste pr\u00e8s de Saumur qui lui transmet le go\u00fbt des mati\u00e8res, des ann\u00e9es d\u2019apprentissage aux Beaux-Arts de Quimper puis de Nantes, les encouragements de Josep Grau-Garriga, les amiti\u00e9s cr\u00e9atives avec les fr\u00e8res Bouroullec ou la Compagnie de la Machine.<\/p>\n<p data-start=\"3085\" data-end=\"3360\">Son inspiration na\u00eet souvent au pied des falaises du Finist\u00e8re, o\u00f9 il s\u00e9journe r\u00e9guli\u00e8rement. Il y puise ce rapport au temps, \u00e0 la nature, \u00e0 la force des \u00e9l\u00e9ments, qu\u2019il transpose ensuite dans des \u0153uvres parfois monumentales, parfois d\u2019une d\u00e9licatesse proche de l\u2019orf\u00e8vrerie.<\/p>\n<p><strong data-start=\"3370\" data-end=\"3427\">Entre Bretagne et monde entier : la prochaine \u00e9tape ?<\/strong><\/p>\n<p data-start=\"3428\" data-end=\"3726\">Aur\u00e9lien Meyer ne compte pas s\u2019arr\u00eater. Il r\u00eave d\u2019emmener Zeus jusqu\u2019au port de New York, d\u2019explorer l\u2019horlogerie, d\u2019imaginer des pi\u00e8ces plus intimes, \u00ab plut\u00f4t \u0153uf de Faberg\u00e9 qu\u2019Imoca \u00bb, dit-il. L\u2019artiste \u00e9volue entre deux mondes : la puissance du geste monumental et la pr\u00e9cision du d\u00e9tail absolu.<\/p>\n","protected":false},"excerpt":{"rendered":"Zeus \u00e0 Nantes Cr\u00e9dit : Margot Dou\u00e9til Il a marqu\u00e9 les esprits du monde entier : en juillet&hellip;\n","protected":false},"author":2,"featured_media":564613,"comment_status":"","ping_status":"","sticky":false,"template":"","format":"standard","meta":{"footnotes":""},"categories":[2818],"tags":[1111,11,28368,829,16823,1777,674,118,462,1106,1011,27,848,1922,6417,1114,13289,2217,28369,3047,3729,766,12,2636,1833,584,25,3272,517,3087,2546],"class_list":{"0":"post-564612","1":"post","2":"type-post","3":"status-publish","4":"format-standard","5":"has-post-thumbnail","7":"category-nantes","8":"tag-actu","9":"tag-actualites","10":"tag-bain-de-bretagne","11":"tag-bretagne","12":"tag-chateaubriant","13":"tag-eu","14":"tag-europe","15":"tag-faits-divers","16":"tag-fc-nantes","17":"tag-flash","18":"tag-fr","19":"tag-france","20":"tag-ille-et-vilaine","21":"tag-info","22":"tag-information","23":"tag-infos","24":"tag-la-roche-sur-yon","25":"tag-la-rochelle","26":"tag-les-sables-d-olonnes","27":"tag-loire-atlantique","28":"tag-morbihan","29":"tag-nantes","30":"tag-news","31":"tag-pays-de-la-loire","32":"tag-redaction","33":"tag-rennes","34":"tag-republique-francaise","35":"tag-saint-nazaire","36":"tag-sport","37":"tag-stade-rennais","38":"tag-vendee"},"share_on_mastodon":{"url":"https:\/\/pubeurope.com\/@fr\/115627745384447919","error":""},"_links":{"self":[{"href":"https:\/\/www.europesays.com\/fr\/wp-json\/wp\/v2\/posts\/564612","targetHints":{"allow":["GET"]}}],"collection":[{"href":"https:\/\/www.europesays.com\/fr\/wp-json\/wp\/v2\/posts"}],"about":[{"href":"https:\/\/www.europesays.com\/fr\/wp-json\/wp\/v2\/types\/post"}],"author":[{"embeddable":true,"href":"https:\/\/www.europesays.com\/fr\/wp-json\/wp\/v2\/users\/2"}],"replies":[{"embeddable":true,"href":"https:\/\/www.europesays.com\/fr\/wp-json\/wp\/v2\/comments?post=564612"}],"version-history":[{"count":0,"href":"https:\/\/www.europesays.com\/fr\/wp-json\/wp\/v2\/posts\/564612\/revisions"}],"wp:featuredmedia":[{"embeddable":true,"href":"https:\/\/www.europesays.com\/fr\/wp-json\/wp\/v2\/media\/564613"}],"wp:attachment":[{"href":"https:\/\/www.europesays.com\/fr\/wp-json\/wp\/v2\/media?parent=564612"}],"wp:term":[{"taxonomy":"category","embeddable":true,"href":"https:\/\/www.europesays.com\/fr\/wp-json\/wp\/v2\/categories?post=564612"},{"taxonomy":"post_tag","embeddable":true,"href":"https:\/\/www.europesays.com\/fr\/wp-json\/wp\/v2\/tags?post=564612"}],"curies":[{"name":"wp","href":"https:\/\/api.w.org\/{rel}","templated":true}]}}