{"id":564615,"date":"2025-11-28T14:17:18","date_gmt":"2025-11-28T14:17:18","guid":{"rendered":"https:\/\/www.europesays.com\/fr\/564615\/"},"modified":"2025-11-28T14:17:18","modified_gmt":"2025-11-28T14:17:18","slug":"la-maison-ballanger-ouvre-sa-seconde-boutique-a-bordeaux","status":"publish","type":"post","link":"https:\/\/www.europesays.com\/fr\/564615\/","title":{"rendered":"La Maison Ballanger ouvre sa seconde boutique \u00e0 Bordeaux"},"content":{"rendered":"<p>La Maison <a href=\"https:\/\/www.bijouterieballanger.fr\/?srsltid=AfmBOopW9HsDKvvYQiKraJrztHOn5Dm-z6V4jzi7mezMp3QtcNexNwH7\" target=\"_blank\" rel=\"noreferrer noopener\">Ballanger<\/a> renforce sa pr\u00e9sence \u00e0 <a href=\"http:\/\/Bordeaux.fr\" target=\"_blank\" rel=\"noreferrer noopener\">Bordeaux<\/a> avec l\u2019ouverture, le 27 novembre dernier, de sa seconde boutique au 8 rue Franklin, en plein c\u0153ur du quartier des Grands Hommes.<\/p>\n<p style=\"font-size:16px\">Install\u00e9e dans l\u2019ancienne bijouterie Pr\u00e9v\u00f4t, cette nouvelle adresse compl\u00e8te la bijouterie historique du <strong>30 rue des Trois Conils<\/strong> et<strong> illustre une \u00e9tape majeure pour cette maison ind\u00e9pendante. <\/strong>Sp\u00e9cialis\u00e9e <strong>dans les bijoux anciens, la cr\u00e9ation sur mesure et les pierres pr\u00e9cieuses<\/strong>, Ballanger affirme ainsi son identit\u00e9 haut de gamme dans la capitale n\u00e9o-aquitaine.<\/p>\n<p><img fetchpriority=\"high\" decoding=\"async\" width=\"213\" height=\"320\" src=\"https:\/\/www.europesays.com\/fr\/wp-content\/uploads\/2025\/11\/A7405519.jpeg\" alt=\"\" class=\"wp-image-87050\" style=\"width:411px;height:auto\"  \/>La Maison Ballanger inaugure sa seconde boutique bordelaise au c\u0153ur du quartier des Grands Hommes, d\u00e9di\u00e9e \u00e0 la joaillerie et aux cr\u00e9ations sur mesure.<\/p>\n<p style=\"font-size:16px\"><strong>Implant\u00e9e \u00e0 Bordeaux depuis dix ans<\/strong>, la <strong>Maison Ballanger<\/strong> poursuit une aventure familiale d\u00e9but\u00e9e il y a plus de trente ans \u00e0 <strong><a href=\"https:\/\/www.larochelle.fr\" target=\"_blank\" rel=\"noreferrer noopener\">La Rochelle.<\/a><\/strong> Fond\u00e9e par la famille Ballanger, l\u2019enseigne s\u2019est distingu\u00e9e par son savoir-faire dans la <strong>restauration de bijoux anciens<\/strong>, la cr\u00e9ation sur mesure et son amour des pierres pr\u00e9cieuses. La premi\u00e8re boutique bordelaise, ouverte en <strong>2015 par Florian Ballanger<\/strong>, a rapidement s\u00e9duit les Bordelais gr\u00e2ce \u00e0 la qualit\u00e9 de son service et \u00e0 sa client\u00e8le fid\u00e8le.<\/p>\n<p style=\"font-size:16px\"><strong>La nouvelle boutique<\/strong>, situ\u00e9e dans le <strong>Triangle d\u2019Or<\/strong>, se veut plus intimiste et premium. Elle met en avant des <strong>pi\u00e8ces d\u2019exception<\/strong> : diamants de belle taille, pierres rares, bijoux anciens uniques et cr\u00e9ations sur mesure. Son d\u00e9cor \u00e9l\u00e9gant aux tonalit\u00e9s douces offre une exp\u00e9rience confidentielle, propice aux \u00e9changes et \u00e0 la r\u00e9alisation de projets personnalis\u00e9s.<\/p>\n<p><img loading=\"lazy\" decoding=\"async\" width=\"213\" height=\"320\" src=\"https:\/\/www.europesays.com\/fr\/wp-content\/uploads\/2025\/11\/A7405015.jpeg\" alt=\"\" class=\"wp-image-87051\" style=\"width:438px;height:auto\"  \/>Nouvel \u00e9crin pour la Maison Ballanger : un espace \u00e9l\u00e9gant et intimiste au 8 rue Franklin, mettant en valeur bijoux anciens et cr\u00e9ations uniques.<\/p>\n<p style=\"font-size:16px\"><strong>La cr\u00e9ation sur mesure reste au c\u0153ur de l\u2019activit\u00e9<\/strong> : croquis \u00e0 la main, mod\u00e9lisation 3D et fabrication en ateliers partenaires permettent de donner vie \u00e0 des bijoux uniques, qu\u2019il s\u2019agisse de bagues de fian\u00e7ailles, de pi\u00e8ces familiales \u00e0 transformer ou de cr\u00e9ations in\u00e9dites.<\/p>\n<p style=\"font-size:16px\"><strong>Depuis 1989,<\/strong> la Maison Ballanger allie<strong> tradition familiale et exigence artisanale.<\/strong> Florian Ballanger, form\u00e9 \u00e0 la gemmologie et passionn\u00e9 par les bijoux anciens, incarne cette vision moderne et \u00e9l\u00e9gante. Chaque pi\u00e8ce, qu\u2019elle soit h\u00e9rit\u00e9e, transform\u00e9e ou imagin\u00e9e de toutes pi\u00e8ces, est con\u00e7ue pour durer et traverser les g\u00e9n\u00e9rations, offrant \u00e0 chaque client une \u00e9motion et une histoire \u00e0 transmettre.<\/p>\n<p style=\"font-size:16px\">\u00c0 lire aussi : <a href=\"https:\/\/www.bougerabordeaux.com\/actu\/news\/pres-de-bordeaux-un-village-double-sa-population-et-se-densifie\/\" target=\"_blank\" rel=\"noreferrer noopener\">Pr\u00e8s de Bordeaux, un village double sa population et se densifie<\/a><\/p>\n","protected":false},"excerpt":{"rendered":"La Maison Ballanger renforce sa pr\u00e9sence \u00e0 Bordeaux avec l\u2019ouverture, le 27 novembre dernier, de sa seconde boutique&hellip;\n","protected":false},"author":2,"featured_media":564616,"comment_status":"","ping_status":"","sticky":false,"template":"","format":"standard","meta":{"footnotes":""},"categories":[2817],"tags":[1111,11,1997,1777,674,1011,27,12,2219,25],"class_list":{"0":"post-564615","1":"post","2":"type-post","3":"status-publish","4":"format-standard","5":"has-post-thumbnail","7":"category-bordeaux","8":"tag-actu","9":"tag-actualites","10":"tag-bordeaux","11":"tag-eu","12":"tag-europe","13":"tag-fr","14":"tag-france","15":"tag-news","16":"tag-nouvelle-aquitaine","17":"tag-republique-francaise"},"share_on_mastodon":{"url":"https:\/\/pubeurope.com\/@fr\/115627757461611358","error":""},"_links":{"self":[{"href":"https:\/\/www.europesays.com\/fr\/wp-json\/wp\/v2\/posts\/564615","targetHints":{"allow":["GET"]}}],"collection":[{"href":"https:\/\/www.europesays.com\/fr\/wp-json\/wp\/v2\/posts"}],"about":[{"href":"https:\/\/www.europesays.com\/fr\/wp-json\/wp\/v2\/types\/post"}],"author":[{"embeddable":true,"href":"https:\/\/www.europesays.com\/fr\/wp-json\/wp\/v2\/users\/2"}],"replies":[{"embeddable":true,"href":"https:\/\/www.europesays.com\/fr\/wp-json\/wp\/v2\/comments?post=564615"}],"version-history":[{"count":0,"href":"https:\/\/www.europesays.com\/fr\/wp-json\/wp\/v2\/posts\/564615\/revisions"}],"wp:featuredmedia":[{"embeddable":true,"href":"https:\/\/www.europesays.com\/fr\/wp-json\/wp\/v2\/media\/564616"}],"wp:attachment":[{"href":"https:\/\/www.europesays.com\/fr\/wp-json\/wp\/v2\/media?parent=564615"}],"wp:term":[{"taxonomy":"category","embeddable":true,"href":"https:\/\/www.europesays.com\/fr\/wp-json\/wp\/v2\/categories?post=564615"},{"taxonomy":"post_tag","embeddable":true,"href":"https:\/\/www.europesays.com\/fr\/wp-json\/wp\/v2\/tags?post=564615"}],"curies":[{"name":"wp","href":"https:\/\/api.w.org\/{rel}","templated":true}]}}