{"id":564617,"date":"2025-11-28T14:18:17","date_gmt":"2025-11-28T14:18:17","guid":{"rendered":"https:\/\/www.europesays.com\/fr\/564617\/"},"modified":"2025-11-28T14:18:17","modified_gmt":"2025-11-28T14:18:17","slug":"il-fait-mesurer-le-bruit-chez-lui-et-obtient-du-tribunal-une-injonction-contre-cinq-bars-de-bordeaux","status":"publish","type":"post","link":"https:\/\/www.europesays.com\/fr\/564617\/","title":{"rendered":"Il fait mesurer le bruit chez lui et obtient du tribunal une injonction contre cinq bars de Bordeaux"},"content":{"rendered":"<p>\n                                                                    l&rsquo;essentiel<br \/>\n                                                                Le tribunal administratif de Bordeaux a somm\u00e9 la Ville de ramener, sous deux mois, le niveau sonore du quai Louis-XVIII dans les limites l\u00e9gales. Une d\u00e9cision qui sanctionne des ann\u00e9es d\u2019inaction face aux nuisances nocturnes de cinq bars align\u00e9s sur cette portion tr\u00e8s fr\u00e9quent\u00e9e.\n                            <\/p>\n<p>Le verdict est clair\u00a0: la Ville de Bordeaux n\u2019a pas suffisamment utilis\u00e9 ses pouvoirs de police pour limiter le bruit des terrasses du quai Louis-XVIII. Saisi par un riverain, Alban Colom\u00e8s, le tribunal administratif lui a donn\u00e9 raison et impose \u00e0 la municipalit\u00e9 de faire revenir, d\u2019ici deux mois, les niveaux sonores dans la norme, nous apprend <a href=\"https:\/\/www.sudouest.fr\/gironde\/bordeaux\/terrasses-de-bar-a-bordeaux-saisi-par-un-riverain-le-tribunal-condamne-la-ville-pour-son-incapacite-a-limiter-les-nuisances-sonores-26868993.php\" target=\"_blank\" rel=\"noopener\">Sud Ouest<\/a> ce vendredi 28\u00a0novembre. Elle devra en outre lui verser 5\u00a0000\u00a0euros d\u2019indemnit\u00e9s ainsi que plus de 5\u00a0600\u00a0euros de frais d\u2019expertise.<\/p>\n<p>Au c\u0153ur de la d\u00e9cision\u00a0: des mesures acoustiques r\u00e9alis\u00e9es en 2022 dans le salon du plaignant, au cinqui\u00e8me \u00e9tage. Les sonom\u00e8tres ont r\u00e9v\u00e9l\u00e9 des niveaux \u00ab\u00a0deux fois sup\u00e9rieurs\u00a0\u00bb aux seuils l\u00e9gaux, attribu\u00e9s exclusivement aux discussions et cris des clients des cinq bars install\u00e9s sur une soixantaine de m\u00e8tres. La Ville a tent\u00e9 de faire valoir la conformit\u00e9 des terrasses, le passage de la police municipale ou encore un processus de m\u00e9diation avec les \u00e9tablissements. Le tribunal a jug\u00e9 ces arguments insuffisants, rappelant qu\u2019aucune de ces actions n\u2019a permis de r\u00e9duire effectivement le bruit.<\/p>\n<p>Une d\u00e9cision qui pourrait faire jurisprudence<\/p>\n<p>Pour Alban Colom\u00e8s, cette d\u00e9cision repr\u00e9sente \u00ab\u00a0une victoire individuelle au retentissement collectif\u00a0\u00bb. Les associations de riverains y voient la confirmation d\u2019un probl\u00e8me ancien\u00a0: la concentration d\u2019\u00e9tablissements festifs et la difficult\u00e9 des \u00e9quipes municipales successives \u00e0 agir durablement.<\/p>\n<p class=\"std-elt__inline\">\n        <strong>\u00c0 lire aussi :<\/strong><br \/>\n        <a href=\"https:\/\/www.ladepeche.fr\/2025\/11\/28\/des-chasseurs-russes-dans-le-ciel-du-sud-ouest-pourquoi-des-soukhoi-su-30-ont-ete-apercus-en-france-13079319.php\" target=\"_blank\" rel=\"noopener\">Des chasseurs russes dans le ciel du Sud-Ouest\u00a0? Pourquoi des Soukho\u00ef SU-30 ont \u00e9t\u00e9 aper\u00e7us en France<\/a>\n    <\/p>\n<p>Les professionnels, eux, se disent \u00ab\u00a0surpris\u00a0\u00bb. L\u2019Umih 33 assure que le secteur n\u2019est \u00ab\u00a0pas plus bruyant qu\u2019ailleurs\u00a0\u00bb et met en garde contre des restrictions qui fragiliseraient des bars d\u00e9j\u00e0 \u00e9prouv\u00e9s. La mairie, qui a r\u00e9uni en urgence \u00e9lus et police municipale, doit d\u00e9sormais pr\u00e9ciser comment elle entend r\u00e9pondre \u00e0 cette injonction qui pourrait faire jurisprudence.<\/p>\n","protected":false},"excerpt":{"rendered":"l&rsquo;essentiel Le tribunal administratif de Bordeaux a somm\u00e9 la Ville de ramener, sous deux mois, le niveau sonore&hellip;\n","protected":false},"author":2,"featured_media":564618,"comment_status":"","ping_status":"","sticky":false,"template":"","format":"standard","meta":{"footnotes":""},"categories":[2817],"tags":[1111,11,1997,1777,674,1011,27,12,2219,25],"class_list":{"0":"post-564617","1":"post","2":"type-post","3":"status-publish","4":"format-standard","5":"has-post-thumbnail","7":"category-bordeaux","8":"tag-actu","9":"tag-actualites","10":"tag-bordeaux","11":"tag-eu","12":"tag-europe","13":"tag-fr","14":"tag-france","15":"tag-news","16":"tag-nouvelle-aquitaine","17":"tag-republique-francaise"},"share_on_mastodon":{"url":"https:\/\/pubeurope.com\/@fr\/115627760384867910","error":""},"_links":{"self":[{"href":"https:\/\/www.europesays.com\/fr\/wp-json\/wp\/v2\/posts\/564617","targetHints":{"allow":["GET"]}}],"collection":[{"href":"https:\/\/www.europesays.com\/fr\/wp-json\/wp\/v2\/posts"}],"about":[{"href":"https:\/\/www.europesays.com\/fr\/wp-json\/wp\/v2\/types\/post"}],"author":[{"embeddable":true,"href":"https:\/\/www.europesays.com\/fr\/wp-json\/wp\/v2\/users\/2"}],"replies":[{"embeddable":true,"href":"https:\/\/www.europesays.com\/fr\/wp-json\/wp\/v2\/comments?post=564617"}],"version-history":[{"count":0,"href":"https:\/\/www.europesays.com\/fr\/wp-json\/wp\/v2\/posts\/564617\/revisions"}],"wp:featuredmedia":[{"embeddable":true,"href":"https:\/\/www.europesays.com\/fr\/wp-json\/wp\/v2\/media\/564618"}],"wp:attachment":[{"href":"https:\/\/www.europesays.com\/fr\/wp-json\/wp\/v2\/media?parent=564617"}],"wp:term":[{"taxonomy":"category","embeddable":true,"href":"https:\/\/www.europesays.com\/fr\/wp-json\/wp\/v2\/categories?post=564617"},{"taxonomy":"post_tag","embeddable":true,"href":"https:\/\/www.europesays.com\/fr\/wp-json\/wp\/v2\/tags?post=564617"}],"curies":[{"name":"wp","href":"https:\/\/api.w.org\/{rel}","templated":true}]}}