{"id":564623,"date":"2025-11-28T14:21:11","date_gmt":"2025-11-28T14:21:11","guid":{"rendered":"https:\/\/www.europesays.com\/fr\/564623\/"},"modified":"2025-11-28T14:21:11","modified_gmt":"2025-11-28T14:21:11","slug":"roubaix-lassociation-accusee-de-proselytisme-religieux-fait-plier-letat-sur-un-vice-de-forme","status":"publish","type":"post","link":"https:\/\/www.europesays.com\/fr\/564623\/","title":{"rendered":"Roubaix. L&rsquo;association accus\u00e9e de pros\u00e9lytisme religieux fait plier l&rsquo;Etat sur un vice de forme"},"content":{"rendered":"<p>                    Par<br \/>\n        <strong><br \/>\n            <a href=\"https:\/\/actu.fr\/auteur\/redaction-lille\" title=\"Consulter tous les articles de R\u00e9daction Lille\" target=\"_blank\" rel=\"noopener\">R\u00e9daction Lille<\/a><br \/>\n                    <\/strong><\/p>\n<p>        Publi\u00e9 le<\/p>\n<p>            28 nov. 2025 \u00e0 14h56        <\/p>\n<p>Le <b>tribunal administratif<\/b> de <a href=\"https:\/\/actu.fr\/hauts-de-france\/lille_59350\" target=\"_blank\" rel=\"noopener\">Lille<\/a> a annul\u00e9 pour <b>vice de forme<\/b> les \u00ab\u00a0titres de perception\u00a0\u00bb qui avaient \u00e9t\u00e9 \u00e9mis en avril 2022 par la <b>pr\u00e9fecture<\/b> du <a href=\"https:\/\/actu.fr\/hauts-de-france\/nord_59\" target=\"_blank\" rel=\"noopener\">Nord<\/a> pour <b>r\u00e9cup\u00e9rer les 50.000 \u20ac de subventions<\/b> qu\u2019elle avait <b>vers\u00e9es \u00e0 l\u2019Association Ambitions et Initiatives pour la R\u00e9ussite (AAIR)<\/b>.<\/p>\n<p>L\u2019association de Roubaix accus\u00e9e de dispenser des cours religieux<\/p>\n<p data-olk-copy-source=\"MessageBody\" class=\" wall-content\">L\u2019association de <a href=\"https:\/\/actu.fr\/hauts-de-france\/roubaix_59512\" target=\"_blank\" rel=\"noopener\">Roubaix<\/a> a pour objectif affich\u00e9 de \u00ab\u00a0promouvoir l\u2019instruction et l\u2019\u00e9mancipation des femmes et des jeunes filles des quartiers\u00a0\u00bb. Entre 2016 et 2019, elle avait donc re\u00e7u chaque ann\u00e9e des subventions \u00ab\u00a0Atout Bac-Brevet\u00a0\u00bb de l\u2019\u00c9tat, au titre de la \u00ab\u00a0<b>politique de la ville<\/b>\u00ab\u00a0, pour \u00ab\u00a0financer un dispositif de <b>soutien scolaire aux \u00e9l\u00e8ves de coll\u00e8ge et de lyc\u00e9e<\/b>\u00ab\u00a0.<\/p>\n<p class=\" wall-content\">Mais en 2020, les services de l\u2019Etat avaient d\u00e9cid\u00e9 de \u00ab\u00a0<b>retirer les subventions des exercices 2016 \u00e0 2019<\/b>\u00a0\u00bb et en avaient<b> r\u00e9clam\u00e9 le remboursement int\u00e9gral<\/b>, soit 50.750 \u20ac. Elle accusait en fait l\u2019association \u2013 d\u00e9sormais ferm\u00e9e \u2013 d\u2019avoir dispens\u00e9 des \u00ab\u00a0cours religieux\u00a0\u00bb.<\/p>\n<p class=\" wall-content\">L\u2019association avait alors saisi le tribunal administratif de Lille le 13 novembre 2022 : elle <b>estimait n\u2019avoir commis aucun \u00ab\u00a0manquement <\/b>au principe de <a href=\"https:\/\/actu.fr\/tag\/laicite\" target=\"_blank\" rel=\"noopener\">la\u00efcit\u00e9<\/a>\u00ab\u00a0. Elle avait par ailleurs \u00ab\u00a0communiqu\u00e9 les pi\u00e8ces demand\u00e9es par les services de la pr\u00e9fecture\u00a0\u00bb. \u00ab\u00a0La d\u00e9cision ne se fonde que sur une d\u00e9nonciation\u00a0\u00bb, grin\u00e7ait son avocat, Me Olivier Maricourt.<\/p>\n<p class=\" wall-content\">Dans ce dossier, le <b>maire (divers droite) de Roubaix Guillaume Delbar <\/b>avait quant \u00e0 lui \u00e9t\u00e9 <b>jug\u00e9 au p\u00e9nal pour \u00ab\u00a0d\u00e9tournement de fonds publics par n\u00e9gligence<\/b>\u00ab\u00a0. Mais en premi\u00e8re instance en juin 2023 puis en appel en janvier 2025, il avait finalement \u00e9t\u00e9 <b>relax\u00e9<\/b>.<\/p>\n<p>L\u2019Etat condamn\u00e9 \u00e0 verser 1500 \u20ac \u00e0 l\u2019association<\/p>\n<p class=\" wall-content\">Le tribunal administratif de Lille, quant \u00e0 lui, <b>ne s\u2019est m\u00eame pas pench\u00e9 sur le fond du dossier<\/b>. \u00ab\u00a0Si les titres de perception (\u2026) mentionnent avoir \u00e9t\u00e9 \u00e9mis par [Georges-Fran\u00e7ois Leclerc, ndlr] en sa qualit\u00e9 de pr\u00e9fet de r\u00e9gion Hauts-de-France en exercice (\u2026) celui-ci n\u2019a pas produit l\u2019\u00e9tat r\u00e9capitulatif sur lequel est appos\u00e9e la signature de l\u2019ordonnateur\u00a0\u00bb, explique-t-il simplement dans un jugement en date du 23 septembre 2025 qui vient d\u2019\u00eatre rendu public.<\/p>\n<p>Votre r\u00e9gion, votre actu !<\/p>\n<p>Recevez chaque jour les infos qui comptent pour vous.<\/p>\n<p>\t<a href=\"https:\/\/actu.fr\/newsletter\" class=\"ac-btn ac-btn--corner ac-btn--medium ac-btn--blue800\" target=\"_blank\" rel=\"noopener\">S&rsquo;incrire<\/a><\/p>\n<p class=\" wall-content\">Les <b>titres ont donc \u00e9t\u00e9 annul\u00e9s <\/b>et l\u2019<b>Etat condamn\u00e9 \u00e0 verser 1.500 \u20ac<\/b> de frais d\u2019avocat \u00e0 AAIR.<\/p>\n<p class=\" wall-content\">L\u2019affaire n\u2019est toutefois pas termin\u00e9e : la pr\u00e9fecture du Nord <b>peut d\u00e9sormais \u00e9mettre de nouveaux \u00ab\u00a0titres ex\u00e9cutoires\u00a0\u00bb pour r\u00e9cup\u00e9rer son argent<\/b>, cette fois-ci en respectant la proc\u00e9dure.<\/p>\n<p class=\" wall-content\"><b>MJ et GF (PressPepper)<\/b><\/p>\n<p class=\" wall-content\">Personnalisez votre actualit\u00e9 en ajoutant vos villes et m\u00e9dias en favori avec <a href=\"https:\/\/moncompte.actu.fr\" title=\"D\u00e9couvez Mon Actu\" rel=\"nofollow noopener\" data-trk=\"{&quot;cta&quot;:{&quot;action&quot;:&quot;https:\\\/\\\/moncompte.actu.fr&quot;,&quot;category&quot;:&quot;mon compte&quot;,&quot;from&quot;:&quot;article footer&quot;,&quot;name&quot;:&quot;Mon actu&quot;,&quot;type&quot;:&quot;cta&quot;}}\" target=\"_blank\">Mon Actu<\/a>.<\/p>\n","protected":false},"excerpt":{"rendered":"Par R\u00e9daction Lille Publi\u00e9 le 28 nov. 2025 \u00e0 14h56 Le tribunal administratif de Lille a annul\u00e9 pour&hellip;\n","protected":false},"author":2,"featured_media":564624,"comment_status":"","ping_status":"","sticky":false,"template":"","format":"standard","meta":{"footnotes":""},"categories":[2815],"tags":[1111,11,1777,674,1011,27,811,303,15430,1307,12,4020,25,104],"class_list":{"0":"post-564623","1":"post","2":"type-post","3":"status-publish","4":"format-standard","5":"has-post-thumbnail","7":"category-lille","8":"tag-actu","9":"tag-actualites","10":"tag-eu","11":"tag-europe","12":"tag-fr","13":"tag-france","14":"tag-hauts-de-france","15":"tag-justice","16":"tag-laicite","17":"tag-lille","18":"tag-news","19":"tag-religion","20":"tag-republique-francaise","21":"tag-societe"},"share_on_mastodon":{"url":"https:\/\/pubeurope.com\/@fr\/115627772141124710","error":""},"_links":{"self":[{"href":"https:\/\/www.europesays.com\/fr\/wp-json\/wp\/v2\/posts\/564623","targetHints":{"allow":["GET"]}}],"collection":[{"href":"https:\/\/www.europesays.com\/fr\/wp-json\/wp\/v2\/posts"}],"about":[{"href":"https:\/\/www.europesays.com\/fr\/wp-json\/wp\/v2\/types\/post"}],"author":[{"embeddable":true,"href":"https:\/\/www.europesays.com\/fr\/wp-json\/wp\/v2\/users\/2"}],"replies":[{"embeddable":true,"href":"https:\/\/www.europesays.com\/fr\/wp-json\/wp\/v2\/comments?post=564623"}],"version-history":[{"count":0,"href":"https:\/\/www.europesays.com\/fr\/wp-json\/wp\/v2\/posts\/564623\/revisions"}],"wp:featuredmedia":[{"embeddable":true,"href":"https:\/\/www.europesays.com\/fr\/wp-json\/wp\/v2\/media\/564624"}],"wp:attachment":[{"href":"https:\/\/www.europesays.com\/fr\/wp-json\/wp\/v2\/media?parent=564623"}],"wp:term":[{"taxonomy":"category","embeddable":true,"href":"https:\/\/www.europesays.com\/fr\/wp-json\/wp\/v2\/categories?post=564623"},{"taxonomy":"post_tag","embeddable":true,"href":"https:\/\/www.europesays.com\/fr\/wp-json\/wp\/v2\/tags?post=564623"}],"curies":[{"name":"wp","href":"https:\/\/api.w.org\/{rel}","templated":true}]}}