{"id":564625,"date":"2025-11-28T14:22:15","date_gmt":"2025-11-28T14:22:15","guid":{"rendered":"https:\/\/www.europesays.com\/fr\/564625\/"},"modified":"2025-11-28T14:22:15","modified_gmt":"2025-11-28T14:22:15","slug":"meteo-a-lille-previsions-du-vendredi-28-novembre-2025","status":"publish","type":"post","link":"https:\/\/www.europesays.com\/fr\/564625\/","title":{"rendered":"M\u00e9t\u00e9o \u00e0 Lille : pr\u00e9visions du vendredi 28 novembre 2025"},"content":{"rendered":"<p>\u00c0 Lille, la journ\u00e9e du vendredi 28 novembre 2025 reste grise et humide avec une bruine persistante et des temp\u00e9ratures fra\u00eeches autour de 8 \u00e0 10 \u00b0C. Le vent de sud-sud-ouest souffle mod\u00e9r\u00e9ment, rendant l\u2019atmosph\u00e8re humide et fra\u00eeche.<\/p>\n<p>    Matin : bruine persistante au lever du jour<\/p>\n<p>Ce vendredi 28 novembre 2025, le soleil s\u2019est lev\u00e9 \u00e0 08 h 23 sur Lille, mais il est rest\u00e9 bien discret : une <b>bruine l\u00e9g\u00e8re<\/b> enveloppe la ville d\u00e8s 09 h.<\/p>\n<p>Le thermom\u00e8tre affiche <b>8 \u00b0C<\/b>, avec un ressenti de <b>5 \u00b0C<\/b> sous une humidit\u00e9 de 97 %. Un vent de sud \u00e0 20 km\/h accentue l\u2019impression de fra\u00eecheur.<\/p>\n<ul>\n<li><b>Pluie : 1,4 mm<\/b> attendus.<\/li>\n<li>Visibilit\u00e9 r\u00e9duite par les embruns ; prudence sur les axes rapides.<\/li>\n<li>Pression stable \u00e0 1 016 hPa, annon\u00e7ant un temps uniforme.<\/li>\n<\/ul>\n<p>Apr\u00e8s-midi : bruine tenace, thermom\u00e8tre bloqu\u00e9<\/p>\n<p>\u00c0 15 h, la capitale des Flandres reste plong\u00e9e dans la bruine. La temp\u00e9rature peine \u00e0 atteindre <b>10 \u00b0C<\/b>, pour un ressenti de <b>7 \u00b0C<\/b>.<\/p>\n<p>L\u2019air demeure satur\u00e9 (98 % d\u2019humidit\u00e9) et la probabilit\u00e9 de pluie s\u2019\u00e9l\u00e8ve \u00e0 75 %. Les gouttes restent fines ; l\u2019accumulation pr\u00e9vue ne d\u00e9passe pas 0,5 mm, insuffisante pour provoquer des ruissellements.<\/p>\n<p>Le vent s\u2019oriente sud-sud-ouest \u00e0 17 km\/h. Pas de rafales notables, mais l\u2019humidit\u00e9 persistante accentue la sensation de froid : gants imperm\u00e9ables et chaussures \u00e9tanches recommand\u00e9s.<\/p>\n<p>Soir : ciel tr\u00e8s nuageux avant le coucher<\/p>\n<p>Le soleil se couche \u00e0 16 h 48. D\u00e8s 21 h, le ciel devient simplement <b>tr\u00e8s nuageux<\/b> ; la pluie s\u2019interrompt temporairement.<\/p>\n<p>On observe <b>9 \u00b0C<\/b>, ressenti 6 \u00b0C, toujours sous 97 % d\u2019humidit\u00e9. Le vent reste stable autour de 18 km\/h, orient\u00e9 sud-sud-ouest. Routes et trottoirs demeurent humides ; attention aux freinages tardifs.<\/p>\n<ul>\n<li>Aucune rafale sup\u00e9rieure \u00e0 40 km\/h signal\u00e9e ce soir.<\/li>\n<li>Visites de march\u00e9s de No\u00ebl possibles, mais pr\u00e9voyez une veste coupe-vent.<\/li>\n<li>Pression stable \u00e0 1 013 hPa ; atmosph\u00e8re engourdie.<\/li>\n<\/ul>\n<p>Tendance pour demain : vent en renfort, bruine r\u00e9currente<\/p>\n<p>Dans la nuit \u00e0 venir, une nouvelle ond\u00e9e atteindra Lille : 1,2 mm sont envisageables et le risque de pluie grimpe \u00e0 84 %. Les temp\u00e9ratures resteront douces, entre <b>9 \u00b0C et 10 \u00b0C<\/b>.<\/p>\n<p>Le vent de sud forcira \u00e0 <b>25 km\/h<\/b> avec des <b>rafales pouvant atteindre 46 km\/h<\/b>. Il conviendra de s\u00e9curiser le mobilier de balcon et les panneaux l\u00e9gers.<\/p>\n<p>Samedi, la bruine persistera mais l\u2019accumulation journali\u00e8re n\u2019exc\u00e9dera pas 1,3 mm (probabilit\u00e9 moyenne 12 %). Humidit\u00e9 autour de 93 %, pression en l\u00e9ger repli \u00e0 1 003 hPa.<\/p>\n<ul>\n<li>Brouillard possible \u00e0 l\u2019aube ; visibilit\u00e9 r\u00e9duite.<\/li>\n<li>Pr\u00e9voir un imperm\u00e9able respirant pour les d\u00e9placements \u00e0 v\u00e9lo.<\/li>\n<li>Pour le suivi heure par heure, consultez <a href=\"https:\/\/www.meteocity.com\/france\/lille-v2998324\" target=\"_blank\" rel=\"noopener\">notre page d\u00e9di\u00e9e<\/a>.<\/li>\n<\/ul>\n<p>En r\u00e9sum\u00e9, aucune alerte majeure, mais une ambiance fra\u00eeche, humide et venteuse qui influencera les trajets domicile-travail, les livraisons et les activit\u00e9s ext\u00e9rieures. Il demeure essentiel d\u2019adapter sa tenue et de faire preuve de prudence sur la route.<\/p>\n<p>Envie d\u2019id\u00e9es de sorties malgr\u00e9 la grisaille ? Jetez un \u0153il \u00e0 <a href=\"https:\/\/www.meteocity.com\/france\/lille-v2998324\/tourisme\" target=\"_blank\" rel=\"noopener\">notre page tourisme<\/a> pour d\u00e9couvrir des activit\u00e9s \u00e0 l\u2019abri !<\/p>\n","protected":false},"excerpt":{"rendered":"\u00c0 Lille, la journ\u00e9e du vendredi 28 novembre 2025 reste grise et humide avec une bruine persistante et&hellip;\n","protected":false},"author":2,"featured_media":564626,"comment_status":"","ping_status":"","sticky":false,"template":"","format":"standard","meta":{"footnotes":""},"categories":[2815],"tags":[1111,11,1777,674,1011,27,811,1307,12,25],"class_list":{"0":"post-564625","1":"post","2":"type-post","3":"status-publish","4":"format-standard","5":"has-post-thumbnail","7":"category-lille","8":"tag-actu","9":"tag-actualites","10":"tag-eu","11":"tag-europe","12":"tag-fr","13":"tag-france","14":"tag-hauts-de-france","15":"tag-lille","16":"tag-news","17":"tag-republique-francaise"},"share_on_mastodon":{"url":"https:\/\/pubeurope.com\/@fr\/115627776146443070","error":""},"_links":{"self":[{"href":"https:\/\/www.europesays.com\/fr\/wp-json\/wp\/v2\/posts\/564625","targetHints":{"allow":["GET"]}}],"collection":[{"href":"https:\/\/www.europesays.com\/fr\/wp-json\/wp\/v2\/posts"}],"about":[{"href":"https:\/\/www.europesays.com\/fr\/wp-json\/wp\/v2\/types\/post"}],"author":[{"embeddable":true,"href":"https:\/\/www.europesays.com\/fr\/wp-json\/wp\/v2\/users\/2"}],"replies":[{"embeddable":true,"href":"https:\/\/www.europesays.com\/fr\/wp-json\/wp\/v2\/comments?post=564625"}],"version-history":[{"count":0,"href":"https:\/\/www.europesays.com\/fr\/wp-json\/wp\/v2\/posts\/564625\/revisions"}],"wp:featuredmedia":[{"embeddable":true,"href":"https:\/\/www.europesays.com\/fr\/wp-json\/wp\/v2\/media\/564626"}],"wp:attachment":[{"href":"https:\/\/www.europesays.com\/fr\/wp-json\/wp\/v2\/media?parent=564625"}],"wp:term":[{"taxonomy":"category","embeddable":true,"href":"https:\/\/www.europesays.com\/fr\/wp-json\/wp\/v2\/categories?post=564625"},{"taxonomy":"post_tag","embeddable":true,"href":"https:\/\/www.europesays.com\/fr\/wp-json\/wp\/v2\/tags?post=564625"}],"curies":[{"name":"wp","href":"https:\/\/api.w.org\/{rel}","templated":true}]}}