{"id":564631,"date":"2025-11-28T14:25:13","date_gmt":"2025-11-28T14:25:13","guid":{"rendered":"https:\/\/www.europesays.com\/fr\/564631\/"},"modified":"2025-11-28T14:25:13","modified_gmt":"2025-11-28T14:25:13","slug":"rhone-que-le-maire-de-lyon-naille-pas-au-voeu-des-echevins-cest-une-bonne-chose-la-franc-maconnerie-parle-laicite","status":"publish","type":"post","link":"https:\/\/www.europesays.com\/fr\/564631\/","title":{"rendered":"Rh\u00f4ne. \u00ab\u00a0Que le maire de Lyon n\u2019aille pas au V\u0153u des \u00e9chevins, c\u2019est une bonne chose\u00a0\u00bb: la franc-ma\u00e7onnerie parle la\u00efcit\u00e9"},"content":{"rendered":"<p>Organisation aux rituels secrets, objet de toutes les th\u00e9ories jusqu\u2019aux plus conspirationnistes, <a href=\"https:\/\/www.leprogres.fr\/societe\/2025\/07\/30\/franc-maconnerie-a-villeurbanne-la-grande-loge-de-france-se-rajeunit-et-veut-s-ouvrir\" target=\"_blank\" rel=\"noopener\">la franc-ma\u00e7onnerie<\/a> fait toujours autant parler d\u2019elle. Dans le d\u00e9partement du Rh\u00f4ne, elle compte plus de 1\u00a0600 adh\u00e9rents membres des loges, dont 15\u00a0% de femmes, un chiffre l\u00e9g\u00e8rement au-dessus de la moyenne nationale.<\/p>\n<p>Une implantation historique \u00e0 Lyon en particulier : au XVIIIe\u00a0si\u00e8cle, la cit\u00e9 marchande a vu nombre de commer\u00e7ants, artisans ou encore ce que l\u2019on appelle aujourd\u2019hui les professions lib\u00e9rales, rejoindre les rangs \u00ab\u00a0franc-mac\u00a0\u00bb. Une dimension sociologique qui fait de Lyon aujourd\u2019hui \u00ab\u00a0l\u2019une des villes les plus actives en termes de ma\u00e7onnerie\u00a0\u00bb, \u00e0 en croire Pierre Bertinotti, fra\u00eechement \u00e9lu Grand Maitre du Grand Orient de France, la branche la plus importante de cette soci\u00e9t\u00e9 \u00ab\u00a0discr\u00e8te mais pas secr\u00e8te\u00a0\u00bb, avec ses plus de 56\u00a0000 \u00ab\u00a0fr\u00e8res\u00a0\u00bb et \u00ab\u00a0s\u0153urs\u00a0\u00bb.<\/p>\n<p>\u00c0 l\u2019occasion de ses 120 ans, le Grand Orient de&#8230;<\/p>\n","protected":false},"excerpt":{"rendered":"Organisation aux rituels secrets, objet de toutes les th\u00e9ories jusqu\u2019aux plus conspirationnistes, la franc-ma\u00e7onnerie fait toujours autant parler&hellip;\n","protected":false},"author":2,"featured_media":564632,"comment_status":"","ping_status":"","sticky":false,"template":"","format":"standard","meta":{"footnotes":""},"categories":[1889],"tags":[1111,11,2430,2757,1777,674,107,1011,27,2428,2756,12,316,5889,25,2429,104],"class_list":{"0":"post-564631","1":"post","2":"type-post","3":"status-publish","4":"format-standard","5":"has-post-thumbnail","7":"category-lyon","8":"tag-actu","9":"tag-actualites","10":"tag-auvergne-rhone-alpes","11":"tag-edition-lyon-villeurbanne","12":"tag-eu","13":"tag-europe","14":"tag-fil-info","15":"tag-fr","16":"tag-france","17":"tag-lyon","18":"tag-lyon-bassin","19":"tag-news","20":"tag-politique","21":"tag-religion-croyance","22":"tag-republique-francaise","23":"tag-rhone","24":"tag-societe"},"share_on_mastodon":{"url":"https:\/\/pubeurope.com\/@fr\/115627787896190853","error":""},"_links":{"self":[{"href":"https:\/\/www.europesays.com\/fr\/wp-json\/wp\/v2\/posts\/564631","targetHints":{"allow":["GET"]}}],"collection":[{"href":"https:\/\/www.europesays.com\/fr\/wp-json\/wp\/v2\/posts"}],"about":[{"href":"https:\/\/www.europesays.com\/fr\/wp-json\/wp\/v2\/types\/post"}],"author":[{"embeddable":true,"href":"https:\/\/www.europesays.com\/fr\/wp-json\/wp\/v2\/users\/2"}],"replies":[{"embeddable":true,"href":"https:\/\/www.europesays.com\/fr\/wp-json\/wp\/v2\/comments?post=564631"}],"version-history":[{"count":0,"href":"https:\/\/www.europesays.com\/fr\/wp-json\/wp\/v2\/posts\/564631\/revisions"}],"wp:featuredmedia":[{"embeddable":true,"href":"https:\/\/www.europesays.com\/fr\/wp-json\/wp\/v2\/media\/564632"}],"wp:attachment":[{"href":"https:\/\/www.europesays.com\/fr\/wp-json\/wp\/v2\/media?parent=564631"}],"wp:term":[{"taxonomy":"category","embeddable":true,"href":"https:\/\/www.europesays.com\/fr\/wp-json\/wp\/v2\/categories?post=564631"},{"taxonomy":"post_tag","embeddable":true,"href":"https:\/\/www.europesays.com\/fr\/wp-json\/wp\/v2\/tags?post=564631"}],"curies":[{"name":"wp","href":"https:\/\/api.w.org\/{rel}","templated":true}]}}