{"id":564636,"date":"2025-11-28T14:31:16","date_gmt":"2025-11-28T14:31:16","guid":{"rendered":"https:\/\/www.europesays.com\/fr\/564636\/"},"modified":"2025-11-28T14:31:16","modified_gmt":"2025-11-28T14:31:16","slug":"emmanuel-macron-veut-creer-une-action-judiciaire-en-refere-contre-les-fausses-informations-sur-les-reseaux-sociaux","status":"publish","type":"post","link":"https:\/\/www.europesays.com\/fr\/564636\/","title":{"rendered":"Emmanuel Macron veut cr\u00e9er une action judiciaire \u00ab\u00a0en\u00a0r\u00e9f\u00e9r\u00e9\u00a0\u00bb contre les \u00ab\u00a0fausses informations\u00a0\u00bb sur les r\u00e9seaux sociaux"},"content":{"rendered":"<p>                      <img loading=\"lazy\" decoding=\"async\" src=\"https:\/\/www.europesays.com\/fr\/wp-content\/uploads\/2025\/11\/b1ed640_ftp-import-images-1-fofjizfxkh4m-5545890-01-06.jpg\" alt=\"Le pr\u00e9sident, Emmanuel Macron, prononce un discours lors d\u2019une rencontre avec des lecteurs s\u00e9lectionn\u00e9s du groupe de presse r\u00e9gionale Ebra, \u00e0 Mirecourt, le 28\u00a0novembre 2025.\"   width=\"664\" height=\"443\"\/>    Le pr\u00e9sident, Emmanuel Macron, prononce un discours lors d\u2019une rencontre avec des lecteurs s\u00e9lectionn\u00e9s du groupe de presse r\u00e9gionale Ebra, \u00e0 Mirecourt, le 28\u00a0novembre 2025.  S\u00c9BASTIEN BOZON \/ AFP                            <\/p>\n<p class=\"article__paragraph  \">Emmanuel Macron a dit, vendredi 28 novembre, vouloir instaurer la possibilit\u00e9 d\u2019une action judiciaire \u00ab\u00a0en r\u00e9f\u00e9r\u00e9\u00a0\u00bb contre les \u00ab\u00a0fausses informations\u00a0\u00bb ou les \u00ab\u00a0informations qui sont attentatoires\u00a0\u00bb \u00e0 la dignit\u00e9 d\u2019une personne diffus\u00e9es sur les r\u00e9seaux sociaux, pour pouvoir les bloquer en urgence.<\/p>\n<p class=\"article__paragraph  \">\u00ab\u00a0Cette semaine, j\u2019ai tenu un conseil de d\u00e9fense sur la lutte informationnelle o\u00f9 j\u2019ai demand\u00e9\u00a0\u00bb au gouvernement \u00ab\u00a0qu\u2019on ait justement un travail qui me soit rendu d\u2019ici la fin d\u2019ann\u00e9e\u00a0\u00bb, a d\u00e9clar\u00e9 le chef de l\u2019Etat lors d\u2019un \u00e9change avec les lecteurs de la presse r\u00e9gionale du groupe Ebra \u00e0 Mirecourt, dans les Vosges. Il a pr\u00e9cis\u00e9 vouloir inscrire ce nouveau \u00ab\u00a0r\u00e9f\u00e9r\u00e9\u00a0\u00bb dans le \u00ab\u00a0droit fran\u00e7ais\u00a0\u00bb, \u00ab\u00a0le plus vite possible\u00a0\u00bb.<\/p>\n<p class=\"article__paragraph  \">Apr\u00e8s Toulouse et Arras, le pr\u00e9sident a poursuivi sa tourn\u00e9e des titres de la presse r\u00e9gionale pour \u00e9changer avec les lecteurs sur le sujet de la r\u00e9gulation des r\u00e9seaux sociaux face aux risques qu\u2019ils font peser, selon lui, sur la d\u00e9mocratie.<\/p>\n<p>                      \u00ab\u00a0On est totalement d\u00e9muni\u00a0\u00bb                      <\/p>\n<p class=\"article__paragraph  \">Interrog\u00e9 par une femme qui s\u2019est dite harcel\u00e9e sur les r\u00e9seaux par un coll\u00e8gue qui a continu\u00e9 \u00e0 diffuser des images d\u2019elle d\u00e9tourn\u00e9es par l\u2019intelligence artificielle malgr\u00e9 une premi\u00e8re condamnation, Emmanuel Macron a rappel\u00e9 qu\u2019il avait lui-m\u00eame \u00e9t\u00e9 \u00ab\u00a0personnellement\u00a0\u00bb confront\u00e9 au m\u00eame genre de choses, \u00ab\u00a0et son \u00e9pouse Brigitte Macron\u00a0\u00bb encore plus.<\/p>\n<p>                                         Lire aussi |  Article r\u00e9serv\u00e9 \u00e0 nos abonn\u00e9s  <a href=\"https:\/\/www.lemonde.fr\/m-le-mag\/article\/2025\/10\/24\/la-fake-news-sur-brigitte-macron-le-cauchemar-sans-fin-du-couple-presidentiel_6649098_4500055.html\" class=\"js-article-read-also catcher--favoris__link\" data-premium=\"1\" id=\"article-title-3441676\" target=\"_blank\" rel=\"noopener\">Brigitte Macron et le cauchemar sans fin d\u2019une fake news<\/a>    <\/p>\n<p>   Lire plus tard  <\/p>\n<p class=\"article__paragraph  \">\u00ab\u00a0On est totalement d\u00e9muni. C\u2019est-\u00e0-dire que \u00e7a prend un temps fou, \u00e7a continue, les gens le voient, il y a des fadas pour penser que c\u2019est vrai. Et puis \u00e7a, \u00e7a vous mine\u00a0\u00bb, a dit le chef de l\u2019Etat. \u00ab\u00a0Et l\u00e0, on n\u2019a aucun moyen de saisir le juge. Et donc ce vers quoi il faut qu\u2019on aille, c\u2019est de mettre vraiment en place\u00a0\u00bb un syst\u00e8me \u00ab\u00a0de r\u00e9f\u00e9r\u00e9\u00a0\u00bb pour demander au juge \u00ab\u00a0de statuer en quarante-huit heures\u00a0\u00bb et \u00ab\u00a0d\u2019obliger\u00a0\u00bb le harceleur pr\u00e9sum\u00e9 \u00e0 \u00ab\u00a0fermer\u00a0\u00bb ses publications, a-t-il plaid\u00e9.<\/p>\n<p class=\"article__paragraph  \">Il a pris l\u2019exemple de ce qui existe \u00ab\u00a0dans le domaine politique\u00a0\u00bb\u00a0: \u00ab\u00a0On peut faire un r\u00e9f\u00e9r\u00e9 \u201cfausse information\u201d quand il y a une fausse information sur quelqu\u2019un, en quarante-huit heures le juge peut obliger la plateforme \u00e0 retirer parce que \u00e7a va toucher \u00e0 la sinc\u00e9rit\u00e9 du scrutin.\u00a0\u00bb<\/p>\n<p class=\"article__paragraph  \">Le couple pr\u00e9sidentiel est confront\u00e9 depuis des ann\u00e9es \u00e0 des campagnes de d\u00e9sinformation et \u00e0 des rumeurs affirmant que Brigitte Macron serait \u00ab\u00a0n\u00e9e homme\u00a0\u00bb. Il a intent\u00e9 une action judiciaire en diffamation aux Etats-Unis contre l\u2019influenceuse Candace Owens qui s\u2019est empar\u00e9e de cette infox, lui donnant un large \u00e9cho aux Etats-Unis et dans le reste du monde.<\/p>\n<p>                                         Lire aussi |  Article r\u00e9serv\u00e9 \u00e0 nos abonn\u00e9s  <a href=\"https:\/\/www.lemonde.fr\/societe\/article\/2025\/10\/29\/au-proces-pour-cyberharcelement-contre-brigitte-macron-les-prevenus-plaident-la-satire_6650102_3224.html\" class=\"js-article-read-also catcher--favoris__link\" data-premium=\"1\" id=\"article-title-3444170\" target=\"_blank\" rel=\"noopener\">Au proc\u00e8s pour cyberharc\u00e8lement contre Brigitte Macron, des pr\u00e9venus anonymes ou influenceurs de la complosph\u00e8re<\/a>    <\/p>\n<p>   Lire plus tard  <\/p>\n<p class=\"author__detail\">  Le Monde avec AFP  <\/p>\n<p>                <a href=\"https:\/\/www.lemonde.fr\/syndication\/\" class=\"reuse__content\" title=\"R\u00e9utiliser ce contenu\" target=\"_blank\" rel=\"noopener\">R\u00e9utiliser ce contenu<\/a>      <\/p>\n","protected":false},"excerpt":{"rendered":"Le pr\u00e9sident, Emmanuel Macron, prononce un discours lors d\u2019une rencontre avec des lecteurs s\u00e9lectionn\u00e9s du groupe de presse&hellip;\n","protected":false},"author":2,"featured_media":564637,"comment_status":"","ping_status":"","sticky":false,"template":"","format":"standard","meta":{"footnotes":""},"categories":[1888],"tags":[1111,1928,11,1927,1777,674,1011,27,12,1926,626,1925,25],"class_list":{"0":"post-564636","1":"post","2":"type-post","3":"status-publish","4":"format-standard","5":"has-post-thumbnail","7":"category-paris","8":"tag-actu","9":"tag-actu-paris","10":"tag-actualites","11":"tag-actualites-paris","12":"tag-eu","13":"tag-europe","14":"tag-fr","15":"tag-france","16":"tag-news","17":"tag-news-paris","18":"tag-paris","19":"tag-paris-news","20":"tag-republique-francaise"},"share_on_mastodon":{"url":"https:\/\/pubeurope.com\/@fr\/115627812195359950","error":""},"_links":{"self":[{"href":"https:\/\/www.europesays.com\/fr\/wp-json\/wp\/v2\/posts\/564636","targetHints":{"allow":["GET"]}}],"collection":[{"href":"https:\/\/www.europesays.com\/fr\/wp-json\/wp\/v2\/posts"}],"about":[{"href":"https:\/\/www.europesays.com\/fr\/wp-json\/wp\/v2\/types\/post"}],"author":[{"embeddable":true,"href":"https:\/\/www.europesays.com\/fr\/wp-json\/wp\/v2\/users\/2"}],"replies":[{"embeddable":true,"href":"https:\/\/www.europesays.com\/fr\/wp-json\/wp\/v2\/comments?post=564636"}],"version-history":[{"count":0,"href":"https:\/\/www.europesays.com\/fr\/wp-json\/wp\/v2\/posts\/564636\/revisions"}],"wp:featuredmedia":[{"embeddable":true,"href":"https:\/\/www.europesays.com\/fr\/wp-json\/wp\/v2\/media\/564637"}],"wp:attachment":[{"href":"https:\/\/www.europesays.com\/fr\/wp-json\/wp\/v2\/media?parent=564636"}],"wp:term":[{"taxonomy":"category","embeddable":true,"href":"https:\/\/www.europesays.com\/fr\/wp-json\/wp\/v2\/categories?post=564636"},{"taxonomy":"post_tag","embeddable":true,"href":"https:\/\/www.europesays.com\/fr\/wp-json\/wp\/v2\/tags?post=564636"}],"curies":[{"name":"wp","href":"https:\/\/api.w.org\/{rel}","templated":true}]}}