{"id":564638,"date":"2025-11-28T14:32:12","date_gmt":"2025-11-28T14:32:12","guid":{"rendered":"https:\/\/www.europesays.com\/fr\/564638\/"},"modified":"2025-11-28T14:32:12","modified_gmt":"2025-11-28T14:32:12","slug":"behemoth-dimmu-borgir-dark-funeral-en-concert-au-zenith-de-paris-en-octobre-2026-news-rockurlife","status":"publish","type":"post","link":"https:\/\/www.europesays.com\/fr\/564638\/","title":{"rendered":"Behemoth + Dimmu Borgir + Dark Funeral : en concert au Z\u00e9nith de Paris en octobre 2026 ! &#8211; News &#8211; RockUrLife"},"content":{"rendered":"<p>Les t\u00e9n\u00e8bres rallieront <strong>Paris<\/strong> \u00e0 l\u2019automne 2026 pour l\u2019un des \u00e9v\u00e9nements les plus imposants jamais imagin\u00e9s dans le royaume du black metal. Trois entit\u00e9s majeures du genre \u2013 <strong>Behemoth<\/strong>, <strong>Dimmu Borgir<\/strong> et <strong>Dark Funeral<\/strong> \u2013 uniront leurs forces pour la tourn\u00e9e en co-t\u00eate d\u2019affiche <strong>In League With Satan<\/strong>, qui fera halte au <strong>Z\u00e9nith Paris \u2013 La Villette<\/strong> le 16 octobre 2026. Une date qui s\u2019annonce comme une convocation historique pour tous les fid\u00e8les de l\u2019extr\u00eame !<\/p>\n<p>D\u00e8s l\u2019annonce, le ton \u00e9tait donn\u00e9 : \u201cNous avons d\u00e9cid\u00e9 de nous surpasser et d\u2019apporter le plus gros package black metal jamais assembl\u00e9 ! <strong>Behemoth<\/strong>, <strong>Dimmu Borgir<\/strong> et <strong>Dark Funeral<\/strong>\u2026 historique\u2026 biblique ! Allons \u00eatre diaboliques \u00e0 mort !\u201c, ont lanc\u00e9 <strong>Behemoth<\/strong>, revendiquant sans d\u00e9tour sa volont\u00e9 de marquer l\u2019ann\u00e9e d\u2019une empreinte au fer noirci. De son c\u00f4t\u00e9, <strong>Dimmu Borgir<\/strong> \u00e9voque \u201cune ann\u00e9e monumentale\u201d en pr\u00e9paration, affirmant avoir \u201cquelque chose de vraiment sp\u00e9cial \u00e0 r\u00e9v\u00e9ler tr\u00e8s bient\u00f4t\u201c. Le myst\u00e8re plane, mais l\u2019assurance d\u2019un nouveau chapitre majeur est d\u00e9j\u00e0 palpable.<\/p>\n<p>La dimension exceptionnelle de cette alliance prend un relief encore plus marquant avec les mots de <strong>Lord Ahriman<\/strong> (<strong>Dark Funeral<\/strong>), qui l\u00e8ve le voile sur une vision m\u00fbrie depuis longtemps : \u201cIl y a des ann\u00e9es, j\u2019ai partag\u00e9 une id\u00e9e avec <strong>Nergal<\/strong> : cr\u00e9er notre propre version d\u2019une tourn\u00e9e \u201cBig Four\u201d, centr\u00e9e sur les trois forces majeures du black metal apparues au d\u00e9but des ann\u00e9es 90. Dans mon esprit, cette trinit\u00e9 impie \u00e9tait <strong>Behemoth<\/strong>, <strong>Dimmu Borgir<\/strong> et <strong>Dark Funeral<\/strong>. Son r\u00e9ponse a \u00e9t\u00e9 imm\u00e9diate : \u201cJ\u2019adorerais faire \u00e7a.\u201d Une conversation rest\u00e9e en suspens, mais dont l\u2019\u00e9cho n\u2019a cess\u00e9 de r\u00e9sonner dans l\u2019ombre. \u201cVoir cette vision se concr\u00e9tiser aujourd\u2019hui, c\u2019est un moment d\u2019histoire en marche. Trois groupes. Une g\u00e9n\u00e9ration. Une tourn\u00e9e colossale.\u201c<\/p>\n<p>Alors que <strong>Dark Funeral<\/strong> annonce vouloir se mettre en retrait c\u00f4t\u00e9 sc\u00e8ne pour se consacrer \u00e0 la cr\u00e9ation du prochain album \u2013 \u201claisser le feu cr\u00e9atif grandir dans le silence\u201d \u2013, les Su\u00e9dois n\u2019en demeureront pas moins les invit\u00e9s sp\u00e9ciaux parfaits pour compl\u00e9ter cette \u201cUnholy Trinity\u201d in\u00e9dite. Quant \u00e0 <strong>Behemoth<\/strong> et <strong>Dimmu Borgir<\/strong>, cette tourn\u00e9e scellera une convergence rare entre deux figures qui ont red\u00e9fini les contours du black metal moderne, l\u2019un par sa f\u00e9rocit\u00e9 \u00e9sot\u00e9rique, l\u2019autre par son d\u00e9ploiement symphonique et th\u00e9\u00e2tral.<\/p>\n<p>Le 16 octobre 2026, <strong>Paris<\/strong> deviendra le th\u00e9\u00e2tre de cette messe noire titanesque, une c\u00e9l\u00e9bration o\u00f9 trois d\u00e9cennies de chaos, de grandeur et de d\u00e9votion extr\u00eame convergeront sur une m\u00eame sc\u00e8ne. Une union blasph\u00e9matoire qui promet de d\u00e9passer le simple concert pour s\u2019\u00e9lever au rang d\u2019\u00e9v\u00e9nement g\u00e9n\u00e9rationnel.<\/p>\n<p>La mise en vente des billets d\u00e9butera mercredi 3 d\u00e9cembre \u00e0 10h, <a href=\"https:\/\/l.facebook.com\/l.php?u=https%3A%2F%2Fow.ly%2Fe3c950XyJJk%3Ffbclid%3DIwZXh0bgNhZW0CMTAAYnJpZBEwcjFZRmI1cVF5TkxtRlNBTnNydGMGYXBwX2lkEDIyMjAzOTE3ODgyMDA4OTIAAR49EVkBM87mCBzc0D8a66th5k9ZHtzTO2wGYeVT52nKJWHKBlSTTtnRrfyaHA_aem_Bdx3dqoZtuk9_dDWhl2ZAQ%26brid%3DW47w1hnERgH81spNL5Wg3w&amp;h=AT1Y-zWXxSVnA8PnXBbj3SvXo6FzgUNC15oPtP-qPSGY3L95OCXrZm3ThjAhfnj7S5y1hWxqstMjdWjaajSTrePyTE0dX5GjYRYVMagz9Bp1eON9XjMODGyMfEddhyV3T-Zh443ccms8dr_0t5skfxMxpI_Lu8RNPPI&amp;__tn__=-UK-R&amp;c[0]=AT1PNKaLHZB6sppfqbThSqGe19VFM5jZD5MT3CF9Gc9NfAcWfwIhBfwFya_QFEAdhTDdP2Ve_YEnJl4EUvH0W1fGfZ9N5iCKaFtfGpIPZb6Wbf00MmxMA-OxUYjTlcYkyAdS6d3EaI7z2Ol4qaj8NcLLIKhbEmayvkxXhGQb7zD8b0sZZUM8XUWOP5hbccsAB3sVwXzvLG11I4GYrVHVgHBF-A\" target=\"_blank\" rel=\"noopener\">ici<\/a>. La liturgie sera unique. L\u2019invocation sera totale. Et la nuit parisienne s\u2019en souviendra.<\/p>\n<p><img loading=\"lazy\" decoding=\"async\" width=\"1024\" height=\"576\" src=\"https:\/\/www.europesays.com\/fr\/wp-content\/uploads\/2025\/11\/591284738_1258694122956523_1802884058133028309_n-1024x576.jpg\" alt=\"\" class=\"wp-image-229557\"\/><\/p>\n","protected":false},"excerpt":{"rendered":"Les t\u00e9n\u00e8bres rallieront Paris \u00e0 l\u2019automne 2026 pour l\u2019un des \u00e9v\u00e9nements les plus imposants jamais imagin\u00e9s dans le&hellip;\n","protected":false},"author":2,"featured_media":564639,"comment_status":"","ping_status":"","sticky":false,"template":"","format":"standard","meta":{"footnotes":""},"categories":[1888],"tags":[1111,1928,11,1927,9161,68043,68044,1777,674,1011,27,68045,12,1926,626,1925,25,13141],"class_list":{"0":"post-564638","1":"post","2":"type-post","3":"status-publish","4":"format-standard","5":"has-post-thumbnail","7":"category-paris","8":"tag-actu","9":"tag-actu-paris","10":"tag-actualites","11":"tag-actualites-paris","12":"tag-behemoth","13":"tag-dark-funeral","14":"tag-dimmu-borgir","15":"tag-eu","16":"tag-europe","17":"tag-fr","18":"tag-france","19":"tag-in-league-with-satan","20":"tag-news","21":"tag-news-paris","22":"tag-paris","23":"tag-paris-news","24":"tag-republique-francaise","25":"tag-zenith-paris-la-villette"},"share_on_mastodon":{"url":"https:\/\/pubeurope.com\/@fr\/115627816116012522","error":""},"_links":{"self":[{"href":"https:\/\/www.europesays.com\/fr\/wp-json\/wp\/v2\/posts\/564638","targetHints":{"allow":["GET"]}}],"collection":[{"href":"https:\/\/www.europesays.com\/fr\/wp-json\/wp\/v2\/posts"}],"about":[{"href":"https:\/\/www.europesays.com\/fr\/wp-json\/wp\/v2\/types\/post"}],"author":[{"embeddable":true,"href":"https:\/\/www.europesays.com\/fr\/wp-json\/wp\/v2\/users\/2"}],"replies":[{"embeddable":true,"href":"https:\/\/www.europesays.com\/fr\/wp-json\/wp\/v2\/comments?post=564638"}],"version-history":[{"count":0,"href":"https:\/\/www.europesays.com\/fr\/wp-json\/wp\/v2\/posts\/564638\/revisions"}],"wp:featuredmedia":[{"embeddable":true,"href":"https:\/\/www.europesays.com\/fr\/wp-json\/wp\/v2\/media\/564639"}],"wp:attachment":[{"href":"https:\/\/www.europesays.com\/fr\/wp-json\/wp\/v2\/media?parent=564638"}],"wp:term":[{"taxonomy":"category","embeddable":true,"href":"https:\/\/www.europesays.com\/fr\/wp-json\/wp\/v2\/categories?post=564638"},{"taxonomy":"post_tag","embeddable":true,"href":"https:\/\/www.europesays.com\/fr\/wp-json\/wp\/v2\/tags?post=564638"}],"curies":[{"name":"wp","href":"https:\/\/api.w.org\/{rel}","templated":true}]}}