{"id":564642,"date":"2025-11-28T14:34:20","date_gmt":"2025-11-28T14:34:20","guid":{"rendered":"https:\/\/www.europesays.com\/fr\/564642\/"},"modified":"2025-11-28T14:34:20","modified_gmt":"2025-11-28T14:34:20","slug":"les-spectacles-de-theatre-a-ne-pas-manquer-ce-week-end-du-28-au-30-novembre-2025","status":"publish","type":"post","link":"https:\/\/www.europesays.com\/fr\/564642\/","title":{"rendered":"Les spectacles de th\u00e9\u00e2tre \u00e0 ne pas manquer ce week-end du 28 au 30\u00a0novembre 2025\u00a0!"},"content":{"rendered":"<p>Envie de rire, de frissonner ou de vous \u00e9vader le temps d\u2019une pi\u00e8ce de th\u00e9\u00e2tre\u00a0? Ce week-end, cap sur les sc\u00e8nes parisiennes avec notre s\u00e9lection de sorties \u00e0 petit prix. Gr\u00e2ce \u00e0 <a href=\"https:\/\/www.ticketnunc.com\/?utm_source=20_minutes&amp;utm_medium=articles&amp;utm_campaign=article_20_minutes\" target=\"_blank\" class=\"c-link c-link--is-underlined\" rel=\"noopener\">TicketNunc<\/a>, profitez d\u2019offres de derni\u00e8re minute, disponibles entre 24 et 72 heures avant la repr\u00e9sentation.<\/p>\n<p>Ne manquez pas l\u2019occasion de d\u00e9couvrir Paris autrement, entre \u00e9motions, rires et belles d\u00e9couvertes artistiques. Voici notre s\u00e9lection de pi\u00e8ces \u00e0 ne pas manquer ce week-end, du 28 au 30\u00a0novembre 2025\u00a0:<\/p>\n<p>KING KONG TH\u00c9ORIE<img decoding=\"async\" alt=\"King Kong Th\u00e9orie\" class=\"c-img\" loading=\"lazy\" fetchpriority=\"auto\" width=\"718\"  src=\"https:\/\/img.20mn.fr\/p7mYFRgnSsC2o_2MhMb9Cik\/718x0\" \/>King Kong Th\u00e9orie\u2002-\u00a0TicketNunc<\/p>\n<p>\u00c0 sa sortie en\u00a02006, King Kong Th\u00e9orie s\u2019impose comme un texte choc. Virginie Despentes y interroge frontalement la condition des femmes et des hommes, et l\u2019h\u00e9ritage de la r\u00e9volution sexuelle. Dans la mise en sc\u00e8ne percutante de Vanessa Larr\u00e9, trois com\u00e9diennes et un musicien donnent vie \u00e0 ce manifeste toujours br\u00fblant d\u2019actualit\u00e9. Sans col\u00e8re mais avec une pr\u00e9cision tranchante, le texte devient un plaidoyer vif et lumineux pour un f\u00e9minisme renouvel\u00e9.<\/p>\n<ul>\n<li>Silvia Monfort, 106 Rue Brancion, 75015 Paris<\/li>\n<\/ul>\n<p><a href=\"https:\/\/www.ticketnunc.com\/spectacles\/king-kong-theorie-silvia-monfort?utm_source=20_minutes&amp;utm_medium=articles&amp;utm_campaign=article_20_minutes\" target=\"_blank\" class=\"c-link c-btn c-btn--primary\" rel=\"noopener\">Voir la pi\u00e8ce<\/a>S.H.A.K.E.S.P.E.A.R.E.<img decoding=\"async\" alt=\"S.H.A.K.E.S.P.E.A.R.E.\" class=\"c-img\" loading=\"lazy\" fetchpriority=\"auto\" width=\"718\"  src=\"https:\/\/img.20mn.fr\/5evUtUEITiaqTjCNXamRyik\/718x0\" \/>S.H.A.K.E.S.P.E.A.R.E.\u2002-\u00a0TicketNunc<\/p>\n<p>G\u00e9nie ou imposteur\u00a0? Aventurier, mari douteux, chef de troupe discret\u2026 Shakespeare reste un myst\u00e8re. Ses mots cultes \u2013 \u00ab\u00a0\u00catre ou ne pas \u00eatre\u00a0\u00bb, \u00ab\u00a0Mon royaume pour un cheval\u00a0\u00bb \u2013 traversent les si\u00e8cles pendant que ceux qui l\u2019ont c\u00f4toy\u00e9 racontent \u00ab\u00a0le divin barde\u00a0\u00bb. Sur sc\u00e8ne, trois com\u00e9diennes et un musicien plongent dans son univers pour imaginer l\u2019homme derri\u00e8re la l\u00e9gende. Un voyage th\u00e9\u00e2tral joueur et vibrant, guid\u00e9 par un seul but\u00a0: vous emporter.<\/p>\n<ul>\n<li>Ranelagh, 5 rue des vignes, 75016 Paris<\/li>\n<\/ul>\n<p><a href=\"https:\/\/www.ticketnunc.com\/spectacles\/shakespeare\" target=\"_blank\" class=\"c-link c-btn c-btn--primary\" rel=\"noopener\">Voir la pi\u00e8ce<\/a>La F\u00e9e Gel\u00e9e (ou les chroniques d\u2019une Pick-me)<img decoding=\"async\" alt=\"La F\u00e9e Gel\u00e9e (ou les chroniques d'une Pick-me)\" class=\"c-img\" loading=\"lazy\" fetchpriority=\"auto\" width=\"718\"  src=\"https:\/\/img.20mn.fr\/WQUs1fDjTAmv-ijRPy3Ehyk\/718x0-0.10002158149171271x27.351235784590244-99.8999784185083\" \/>La F\u00e9e Gel\u00e9e (ou les chroniques d&rsquo;une Pick-me)\u2002-\u00a0TicketNunc<\/p>\n<p>Pick-Me se sent trahie par les histoires d\u2019amour. Solitaire dans sa chambre, elle attend toujours \u00ab\u00a0l\u2019\u00e9lu\u00a0\u00bb, persuad\u00e9e que personne ne l\u2019aime. Jusqu\u2019au jour o\u00f9 elle tombe sur la F\u00e9e Gel\u00e9e, une influenceuse trad-wife sur TikTok, qui lui ass\u00e8ne\u00a0: \u00ab\u00a0Si aucun homme de haute valeur ne veut de toi, c\u2019est que le probl\u00e8me, c\u2019est toi.\u00a0\u00bb Le public devient t\u00e9moin (et complice) de sa qu\u00eate\u00a0: s\u00e9duire, plaire, se rebeller\u2026 ou enfin s\u2019aimer\u00a0?<\/p>\n<ul>\n<li>Th\u00e9\u00e2tre Darius Milhaud, 80 all\u00e9e Darius Milhaud, 75019 Paris<\/li>\n<\/ul>\n<p><a href=\"https:\/\/www.ticketnunc.com\/spectacles\/la-fee-gelee-ou-les-chroniques-dune-pick-me\" target=\"_blank\" class=\"c-link c-btn c-btn--primary\" rel=\"noopener\">Voir la pi\u00e8ce<\/a>Le Professeur<img decoding=\"async\" alt=\"Le Professeur\" class=\"c-img\" loading=\"lazy\" fetchpriority=\"auto\" width=\"718\"  src=\"https:\/\/img.20mn.fr\/Igbg9EllTGm71TXH7up3zik\/718x0\" \/>Le Professeur\u2002-\u00a0TicketNunc<\/p>\n<p>Une pi\u00e8ce sur les derniers jours de Samuel Paty, avec Carole Bouquet.<\/p>\n<p>Le spectacle retrace l\u2019engrenage qui a conduit au drame\u00a0: une accusation d\u2019\u00e9l\u00e8ve, un p\u00e8re qui s\u2019emporte, un homme de foi qui exige sa radiation. Les vid\u00e9os s\u2019encha\u00eenent, les menaces aussi. La rumeur enfle, les coll\u00e8gues prennent leurs distances, les r\u00e9unions se multiplient. On missionne un r\u00e9f\u00e9rent. On demande \u00e0 Samuel Paty de s\u2019excuser, alors qu\u2019il n\u2019a pourtant commis aucune faute. Une plong\u00e9e implacable dans la m\u00e9canique de la l\u00e2chet\u00e9.<\/p>\n<ul>\n<li>La Scala, 13 bd de Strasbourg, 75010 Paris<\/li>\n<\/ul>\n<p><a href=\"https:\/\/www.ticketnunc.com\/spectacles\/le-professeur?utm_source=20_minutes&amp;utm_medium=articles&amp;utm_campaign=article_20_minutes\" target=\"_blank\" class=\"c-link c-btn c-btn--primary\" rel=\"noopener\">Voir la pi\u00e8ce<\/a>Olympe(s)<img decoding=\"async\" alt=\"Olympe(s)\" class=\"c-img\" loading=\"lazy\" fetchpriority=\"auto\" width=\"718\"  src=\"https:\/\/img.20mn.fr\/a6ucGCcdTRmiH1rFFe2coSk\/718x0\" \/>Olympe(s)\u2002-\u00a0TicketNunc<\/p>\n<p>\u00c0 trois si\u00e8cles de distance, deux histoires se trouvent et se m\u00ealent pour qu\u2019au final une femme parle en son nom et au nom de toutes les autres. Un spectacle f\u00e9ministe, humaniste et amoureux sur l\u2019une des grandes figures de la R\u00e9volution fran\u00e7aise, Olympe de Gouges, pass\u00e9e par la guillotine de l\u2019histoire et de l\u2019oubli. Florence, figure plus modeste de notre histoire contemporaine, convoque les \u00e9crits d\u2019Olympe et y m\u00eale sa propre vie, ses aventures, ses combats, ceux de beaucoup de femmes encore, aujourd\u2019hui. Un spectacle joyeux et lucide.<\/p>\n<ul>\n<li>Th\u00e9\u00e2tre Essa\u00efon, 6, rue Pierre au Lard, 75004 Paris<\/li>\n<\/ul>\n<p><a href=\"https:\/\/www.ticketnunc.com\/spectacles\/olympes?utm_source=20_minutes&amp;utm_medium=articles&amp;utm_campaign=article_20_minutes\" target=\"_blank\" class=\"c-link c-btn c-btn--primary\" rel=\"noopener\">Voir la pi\u00e8ce<\/a>La Fleur au fusil<img decoding=\"async\" alt=\"La Fleur au fusil\" class=\"c-img\" loading=\"lazy\" fetchpriority=\"auto\" width=\"718\"  src=\"https:\/\/img.20mn.fr\/Q1GAV-WyQhq-aU_OiUo0Nyk\/718x0\" \/>La Fleur au fusil\u2002-\u00a0TicketNunc<\/p>\n<p>Un spectacle vibrant qui retrace la r\u00e9volution des \u0152illets du 25\u00a0avril 1974, quand le Portugal a renvers\u00e9 la plus longue dictature d\u2019Europe sans verser une goutte de sang. Port\u00e9s par l\u2019union et l\u2019espoir, des milliers de Portugais ont conquis leur libert\u00e9, une fleur \u00e0 la main. \u00c0 travers les souvenirs de C\u00e9leste, \u00e9migr\u00e9e en France, c\u2019est toute une vie marqu\u00e9e par la dictature de Salazar qui remonte, entre oppression, r\u00eaves et transmission \u00e0 son petit-fils. Un r\u00e9cit \u00e9mouvant sur un peuple qui a fait na\u00eetre la d\u00e9mocratie avec des fleurs.<\/p>\n<ul>\n<li>Com\u00e9die Bastille, 5 rue Nicolas Appert, 75011 Paris<\/li>\n<\/ul>\n<p><a href=\"https:\/\/www.ticketnunc.com\/spectacles\/la-fleur-au-fusil-comedie-bastille?utm_source=20_minutes&amp;utm_medium=articles&amp;utm_campaign=article_20_minutes\" target=\"_blank\" class=\"c-link c-btn c-btn--primary\" rel=\"noopener\">Voir la pi\u00e8ce<\/a><\/p>\n<p>Pas assez rassasi\u00e9\u00a0? Que vous ayez envie de frissons, de rigolade ou d\u2019\u00e9merveillement, TicketNunc a ce qu\u2019il vous faut\u00a0! Si la s\u00e9lection de ces spectacles ne vous convient pas, vous pouvez toujours trouver votre bonheur sur TicketNunc. R\u00e9servez d\u00e8s maintenant et laissez-vous s\u00e9duire, <a href=\"https:\/\/www.ticketnunc.com\/decouvrir?utm_source=20_minutes&amp;utm_medium=articles&amp;utm_campaign=article_20_minutes\" target=\"_blank\" class=\"c-link c-link--is-underlined\" rel=\"noopener\">cliquez ici.<\/a><\/p>\n","protected":false},"excerpt":{"rendered":"Envie de rire, de frissonner ou de vous \u00e9vader le temps d\u2019une pi\u00e8ce de th\u00e9\u00e2tre\u00a0? Ce week-end, cap&hellip;\n","protected":false},"author":2,"featured_media":564643,"comment_status":"","ping_status":"","sticky":false,"template":"","format":"standard","meta":{"footnotes":""},"categories":[1888],"tags":[11,58,1777,674,1011,27,662,1393,12,626,25,3140,1347],"class_list":{"0":"post-564642","1":"post","2":"type-post","3":"status-publish","4":"format-standard","5":"has-post-thumbnail","7":"category-paris","8":"tag-actualites","9":"tag-divertissement","10":"tag-eu","11":"tag-europe","12":"tag-fr","13":"tag-france","14":"tag-ile-de-france","15":"tag-loisirs","16":"tag-news","17":"tag-paris","18":"tag-republique-francaise","19":"tag-spectacle","20":"tag-theatre"},"share_on_mastodon":{"url":"https:\/\/pubeurope.com\/@fr\/115627825166571719","error":""},"_links":{"self":[{"href":"https:\/\/www.europesays.com\/fr\/wp-json\/wp\/v2\/posts\/564642","targetHints":{"allow":["GET"]}}],"collection":[{"href":"https:\/\/www.europesays.com\/fr\/wp-json\/wp\/v2\/posts"}],"about":[{"href":"https:\/\/www.europesays.com\/fr\/wp-json\/wp\/v2\/types\/post"}],"author":[{"embeddable":true,"href":"https:\/\/www.europesays.com\/fr\/wp-json\/wp\/v2\/users\/2"}],"replies":[{"embeddable":true,"href":"https:\/\/www.europesays.com\/fr\/wp-json\/wp\/v2\/comments?post=564642"}],"version-history":[{"count":0,"href":"https:\/\/www.europesays.com\/fr\/wp-json\/wp\/v2\/posts\/564642\/revisions"}],"wp:featuredmedia":[{"embeddable":true,"href":"https:\/\/www.europesays.com\/fr\/wp-json\/wp\/v2\/media\/564643"}],"wp:attachment":[{"href":"https:\/\/www.europesays.com\/fr\/wp-json\/wp\/v2\/media?parent=564642"}],"wp:term":[{"taxonomy":"category","embeddable":true,"href":"https:\/\/www.europesays.com\/fr\/wp-json\/wp\/v2\/categories?post=564642"},{"taxonomy":"post_tag","embeddable":true,"href":"https:\/\/www.europesays.com\/fr\/wp-json\/wp\/v2\/tags?post=564642"}],"curies":[{"name":"wp","href":"https:\/\/api.w.org\/{rel}","templated":true}]}}