{"id":564648,"date":"2025-11-28T14:37:12","date_gmt":"2025-11-28T14:37:12","guid":{"rendered":"https:\/\/www.europesays.com\/fr\/564648\/"},"modified":"2025-11-28T14:37:12","modified_gmt":"2025-11-28T14:37:12","slug":"les-chiffres-de-limmigration-aux-etats-unis","status":"publish","type":"post","link":"https:\/\/www.europesays.com\/fr\/564648\/","title":{"rendered":"les chiffres de l\u2019immigration aux \u00c9tats-Unis"},"content":{"rendered":"<p>\n    <strong>INFOGRAPHIES &#8211; <\/strong>\u00abJe vais suspendre d\u00e9finitivement l\u2019immigration en provenance de tous les pays du tiers-monde\u00bb, a annonc\u00e9 Donald Trump apr\u00e8s l\u2019attaque contre deux gardes nationaux \u00e0 Washington. Le Figaro s\u2019est pench\u00e9 sur l\u2019\u00e9volution du ph\u00e9nom\u00e8ne migratoire am\u00e9ricain ces derni\u00e8res d\u00e9cennies.<\/p>\n<p class=\"fig-paragraph\">\u00abJe vais suspendre d\u00e9finitivement l\u2019immigration en provenance de tous les pays du tiers-monde afin de permettre au syst\u00e8me am\u00e9ricain de se r\u00e9tablir compl\u00e8tement.\u00bb Apr\u00e8s\u00a0l\u2019attaque par un suspect afghan\u00a0de\u00a0deux membres de la Garde nationale \u00e0 Washington, le pr\u00e9sident am\u00e9ricain s\u2019est fendu d\u2019une nouvelle d\u00e9claration anti-immigration au vitriol sur son r\u00e9seau Truth social. Donald Trump menace m\u00eame d\u2019annuler \u00abdes millions\u00bb d\u2019admissions d\u2019\u00e9trangers accord\u00e9es sous\u00a0<a href=\"http:\/\/www.lefigaro.fr\/international\/joe-biden-a-termine-une-cure-de-radiotherapie-contre-son-cancer-de-la-prostate-annonce-sa-porte-parole-20251021\" target=\"_blank\" data-fig-type=\"NewsFlash\" rel=\"noopener\" data-gtm-custom-categorie=\"navigation\" data-gtm-custom-action=\"crossclick\" data-gtm-custom-label=\"Contextuel\" data-gtm-event=\"customEventSPE\" data-fig-domain=\"LEFIGARO\">Joe Biden<\/a>.<\/p>\n<p class=\"fig-paragraph\">Aux \u00c9tats-Unis comme en Europe, la question migratoire revient r\u00e9guli\u00e8rement sur le devant de la sc\u00e8ne, notamment \u00e0 l\u2019occasion de faits divers impliquant des immigr\u00e9s. Au point d\u2019en oublier d\u2019aborder la question dans son ensemble et avec le recul historique qui s\u2019impose. Le rejet de l\u2019immigration fut l\u2019un des ressorts principaux de l\u2019\u00e9lection de Donald Trump, en 2016 comme en 2024. Comment la situation a-t-elle \u00e9volu\u00e9 ces derni\u00e8res ann\u00e9es\u00a0?<\/p>\n<p class=\"fig-paragraph\">L\u2019histoire des \u00c9tats-Unis n\u2019est pas comparable \u00e0 celle de la France ou de l\u2019Europe\u2026<\/p>\n<p class=\"fig-premium-paywall__infos\">\n        Cet article est r\u00e9serv\u00e9 aux abonn\u00e9s.        Il vous reste 85% \u00e0 d\u00e9couvrir.\n    <\/p>\n<p>                <img  data- alt=\"Le Figaro\" class=\"fig-img--complete fig-img\"\/><\/p>\n<p class=\"fig-premium-paywall__title\">Derniers jours<\/p>\n<p class=\"fig-premium-paywall__subtitle\">-70% sur l&rsquo;abonnement num\u00e9rique<\/p>\n<p class=\"fig-premium-paywall__connect\">\n                D\u00e9j\u00e0 abonn\u00e9\u00a0?                <a class=\"fig-premium-paywall__connect-link\" href=\"https:\/\/connect.lefigaro.fr\/login?client=horizon_web&amp;type=main&amp;redirect_uri=https%3A%2F%2Fwww.lefigaro.fr%2Finternational%2Faugmentation-constante-et-changement-d-origines-les-chiffres-de-l-immigration-aux-etats-unis-20251128\" data-js-gtm=\"{&quot;customCategorie&quot;: &quot;conversion&quot;, &quot;customAction&quot;: &quot;before_Landing_Connexion_paywall_auto&quot;, &quot;customLabel&quot;: &quot;bGVmaWdhcm8uZnJfXzFmMGNjMmU3LWZhMzItNjg2OC1hN2NmLTNiNDEwM2UwNTdhN19fQXJ0aWNsZQ==_Augmentation constante et changement d\u2019origines\u00a0: les chiffres de l\u2019immigration aux \u00c9tats-Unis_79&quot;, &quot;customIDSPE&quot;: &quot;bGVmaWdhcm8uZnJfXzFmMGNjMmU3LWZhMzItNjg2OC1hN2NmLTNiNDEwM2UwNTdhN19fQXJ0aWNsZQ==&quot;, &quot;event&quot;: &quot;customEventSPE&quot;}\" target=\"_blank\" rel=\"noopener\"><br \/>\n                    Connectez-vous<br \/>\n                <\/a>\n            <\/p>\n","protected":false},"excerpt":{"rendered":"INFOGRAPHIES &#8211; \u00abJe vais suspendre d\u00e9finitivement l\u2019immigration en provenance de tous les pays du tiers-monde\u00bb, a annonc\u00e9 Donald&hellip;\n","protected":false},"author":2,"featured_media":564649,"comment_status":"","ping_status":"","sticky":false,"template":"","format":"standard","meta":{"footnotes":""},"categories":[1589],"tags":[11,75,73,1866,1061,457,12,1864,1865,1863,308],"class_list":{"0":"post-564648","1":"post","2":"type-post","3":"status-publish","4":"format-standard","5":"has-post-thumbnail","7":"category-etats-unis","8":"tag-actualites","9":"tag-donald-trump","10":"tag-etats-unis","11":"tag-etats-unis-damerique","12":"tag-immigration","13":"tag-joe-biden","14":"tag-news","15":"tag-united-states","16":"tag-united-states-of-america","17":"tag-us","18":"tag-usa"},"share_on_mastodon":{"url":"https:\/\/pubeurope.com\/@fr\/115627835153012554","error":""},"_links":{"self":[{"href":"https:\/\/www.europesays.com\/fr\/wp-json\/wp\/v2\/posts\/564648","targetHints":{"allow":["GET"]}}],"collection":[{"href":"https:\/\/www.europesays.com\/fr\/wp-json\/wp\/v2\/posts"}],"about":[{"href":"https:\/\/www.europesays.com\/fr\/wp-json\/wp\/v2\/types\/post"}],"author":[{"embeddable":true,"href":"https:\/\/www.europesays.com\/fr\/wp-json\/wp\/v2\/users\/2"}],"replies":[{"embeddable":true,"href":"https:\/\/www.europesays.com\/fr\/wp-json\/wp\/v2\/comments?post=564648"}],"version-history":[{"count":0,"href":"https:\/\/www.europesays.com\/fr\/wp-json\/wp\/v2\/posts\/564648\/revisions"}],"wp:featuredmedia":[{"embeddable":true,"href":"https:\/\/www.europesays.com\/fr\/wp-json\/wp\/v2\/media\/564649"}],"wp:attachment":[{"href":"https:\/\/www.europesays.com\/fr\/wp-json\/wp\/v2\/media?parent=564648"}],"wp:term":[{"taxonomy":"category","embeddable":true,"href":"https:\/\/www.europesays.com\/fr\/wp-json\/wp\/v2\/categories?post=564648"},{"taxonomy":"post_tag","embeddable":true,"href":"https:\/\/www.europesays.com\/fr\/wp-json\/wp\/v2\/tags?post=564648"}],"curies":[{"name":"wp","href":"https:\/\/api.w.org\/{rel}","templated":true}]}}