{"id":564673,"date":"2025-11-28T14:54:11","date_gmt":"2025-11-28T14:54:11","guid":{"rendered":"https:\/\/www.europesays.com\/fr\/564673\/"},"modified":"2025-11-28T14:54:11","modified_gmt":"2025-11-28T14:54:11","slug":"sa-maison-a-nice-ou-elle-coule-des-jours-heureux","status":"publish","type":"post","link":"https:\/\/www.europesays.com\/fr\/564673\/","title":{"rendered":"sa maison \u00e0 Nice\u202fo\u00f9 elle coule des jours heureux"},"content":{"rendered":"<p data-start=\"1156\" data-end=\"1467\">N\u00e9e \u00e0 <a href=\"https:\/\/www.lejournaldelamaison.fr\/le-journal-de-la-maison\/reportages-maisons\/maisons-reportages-maisons\/maud-fontenoy-chaque-dimanche-faisons-meme-promenade-famille-longeons-chemin-douaniers-saint-jean-cap-ferrat-sublime-maison-hauteurs-nice-528547.html\" target=\"_blank\" rel=\"noopener\"><br \/>\nNice<\/a>, Mich\u00e8le Laroque a toujours revendiqu\u00e9 son lien profond<br \/>\navec la ville. Lorsqu\u2019elle ne tourne pas, elle aime retrouver le<br \/>\ncalme de sa maison familiale, situ\u00e9e dans un quartier r\u00e9sidentiel<br \/>\nde la C\u00f4te d\u2019Azur. Pour elle, ce lieu n\u2019est pas qu\u2019une r\u00e9sidence<br \/>\nsecondaire : c\u2019est un point d\u2019ancrage, un<br \/>\ncocon.\u00a0\u201cJe suis tr\u00e8s<br \/>\nattach\u00e9e \u00e0 Nice. J\u2019ai ma famille, mes souvenirs d\u2019enfance ici.<br \/>\nC\u2019est important pour moi de revenir dans cette ville qui me<br \/>\nrecharge\u201d, confie-t-elle \u00e0 France Bleu Azur. Dans cet<br \/>\nespace, elle retrouve un \u00e9quilibre, une simplicit\u00e9 de vie et une<br \/>\n\u00e9nergie douce qui la ressource.<\/p>\n<p>Mich\u00e8le Laroque : sa maison<br \/>\ndiscr\u00e8te et baign\u00e9e de lumi\u00e8re<\/p>\n<p data-start=\"1807\" data-end=\"2069\">Loin des codes des villas<br \/>\nostentatoires, la maison de Mich\u00e8le Laroque se distingue par sa<br \/>\n<strong data-start=\"1897\" data-end=\"1909\">sobri\u00e9t\u00e9<\/strong> et sa<br \/>\n<strong data-start=\"1916\" data-end=\"1950\">lumi\u00e8re naturelle<br \/>\nomnipr\u00e9sente<\/strong>. Grandes ouvertures, teintes claires, volumes<br \/>\na\u00e9r\u00e9s : tout dans l\u2019agencement semble pens\u00e9 pour favoriser le<br \/>\nbien-\u00eatre.<\/p>\n<p data-start=\"2071\" data-end=\"2305\">La com\u00e9dienne a voulu un<br \/>\n<strong data-start=\"2096\" data-end=\"2113\">lieu de repos<\/strong>,<br \/>\nsans chichi, qui s\u2019ouvre sur la nature environnante. L\u2019int\u00e9rieur,<br \/>\nprobablement \u00e9pur\u00e9, laisse entrer la M\u00e9diterran\u00e9e par les fen\u00eatres,<br \/>\nen phase avec un art de vivre calme, solaire et discret.<\/p>\n<p>Mich\u00e8le Laroque : des d\u00e9tails<br \/>\nqui racontent une histoire familiale<\/p>\n<p data-start=\"2361\" data-end=\"2579\">Dans sa maison ni\u00e7oise, chaque<br \/>\nobjet semble porter un morceau de <strong data-start=\"2426\" data-end=\"2449\">m\u00e9moire personnelle<\/strong>. Photos anciennes,<br \/>\nmobilier choisi, souvenirs d\u2019enfance ou objets h\u00e9rit\u00e9s participent<br \/>\n\u00e0 cr\u00e9er une ambiance chaleureuse et intime.<\/p>\n<p data-start=\"2581\" data-end=\"2813\">Ce d\u00e9cor ne suit pas une<br \/>\nlogique d\u00e9corative tendance mais plut\u00f4t une <strong data-start=\"2650\" data-end=\"2676\">fid\u00e9lit\u00e9 \u00e0 ses <a href=\"https:\/\/www.lejournaldelamaison.fr\/le-journal-de-la-maison\/reportages-maisons\/maisons-campagne\/david-pujadas-debrouille-pour-aller-chaque-ete-fidelite-envers-grands-parents-jaime-vie-tranquille-maison-sud-ouest-najac-demeure-527322.html\" target=\"_blank\" rel=\"noopener\"><br \/>\nracines familiales<\/a><\/strong>. On y retrouve l\u2019\u00e2me d\u2019une maison<br \/>\nhabit\u00e9e, ancr\u00e9e dans le r\u00e9el, o\u00f9 chaque pi\u00e8ce dit quelque chose<br \/>\nd\u2019elle sans artifice ni d\u00e9monstration.<\/p>\n<blockquote class=\"instagram-media\" style=\"background: #ffffff;border: 0;margin: 1px;width: 100%;padding: 0;max-width: 500px;\" data-instgrm-permalink=\"https:\/\/www.instagram.com\/p\/CssjTS5IdV2\/\" data-instgrm-version=\"14\"\/>\n<p>Mich\u00e8le Laroque : son refuge m\u00e9diterran\u00e9en entre calme et<br \/>\nenracinement<\/p>\n<p data-start=\"2872\" data-end=\"3092\">Quand elle revient de<br \/>\ntournage, Mich\u00e8le Laroque retrouve dans sa maison ni\u00e7oise un<br \/>\n<strong data-start=\"2955\" data-end=\"2974\">\u00e9quilibre vital<\/strong>.<br \/>\nCe retour aux sources s\u2019incarne dans un rythme plus lent, une<br \/>\nproximit\u00e9 avec la mer, une fa\u00e7on de vivre plus simple.<\/p>\n<p data-start=\"3094\" data-end=\"3332\">Loin de la sc\u00e8ne, l\u00a0\u00bbamie de<br \/>\n<a href=\"https:\/\/www.lejournaldelamaison.fr\/le-journal-de-la-maison\/reportages-maisons\/maisons-reportages-maisons\/pierre-palmade-sorti-de-prison-voici-la-maison-avec-volets-gris-terrasse-vegetalisee-petit-jardin-grands-sous-sols-ou-il-va-purger-sa-peine-a-bordeaux-sous-bracelet-electronique-dans-un-q-509502.html\" target=\"_blank\" rel=\"noopener\"><br \/>\nPierre Palmade<\/a> cultive ici un lien discret \u00e0 la nature, au<br \/>\nsilence et \u00e0 ce territoire qui l\u2019a vue grandir. Sa maison \u00e0 Nice<br \/>\nn\u2019est pas une vitrine : c\u2019est un <strong data-start=\"3259\" data-end=\"3295\">reflet fid\u00e8le de sa personnalit\u00e9<\/strong> et de sa<br \/>\nmani\u00e8re d\u2019habiter le monde.<\/p>\n<p><script async src=\"\/\/www.instagram.com\/embed.js\"><\/script><\/p>\n","protected":false},"excerpt":{"rendered":"N\u00e9e \u00e0 Nice, Mich\u00e8le Laroque a toujours revendiqu\u00e9 son lien profond avec la ville. Lorsqu\u2019elle ne tourne pas,&hellip;\n","protected":false},"author":2,"featured_media":564674,"comment_status":"","ping_status":"","sticky":false,"template":"","format":"standard","meta":{"footnotes":""},"categories":[1359],"tags":[13041,47433,22343,1446,1805,58,3029,3170,59,932,13108,1011,27,68049,151,18799,2142,5875,43313,2401,10650,973,59447,68051,68050,10649,16283,4071,3476,1810,3387,9066],"class_list":{"0":"post-564673","1":"post","2":"type-post","3":"status-publish","4":"format-standard","5":"has-post-thumbnail","7":"category-people","8":"tag-a","9":"tag-aime","10":"tag-aupres","11":"tag-dans","12":"tag-de","13":"tag-divertissement","14":"tag-du","15":"tag-elle","16":"tag-entertainment","17":"tag-est","18":"tag-familiale","19":"tag-fr","20":"tag-france","21":"tag-laroque","22":"tag-les","23":"tag-magnifique","24":"tag-maison","25":"tag-mere","26":"tag-michele","27":"tag-nice","28":"tag-ou","29":"tag-people","30":"tag-regal","31":"tag-ressourcer","32":"tag-retourner","33":"tag-sa","34":"tag-se","35":"tag-sens","36":"tag-terme","37":"tag-toujours","38":"tag-tous","39":"tag-un"},"share_on_mastodon":{"url":"https:\/\/pubeurope.com\/@fr\/115627901897337318","error":""},"_links":{"self":[{"href":"https:\/\/www.europesays.com\/fr\/wp-json\/wp\/v2\/posts\/564673","targetHints":{"allow":["GET"]}}],"collection":[{"href":"https:\/\/www.europesays.com\/fr\/wp-json\/wp\/v2\/posts"}],"about":[{"href":"https:\/\/www.europesays.com\/fr\/wp-json\/wp\/v2\/types\/post"}],"author":[{"embeddable":true,"href":"https:\/\/www.europesays.com\/fr\/wp-json\/wp\/v2\/users\/2"}],"replies":[{"embeddable":true,"href":"https:\/\/www.europesays.com\/fr\/wp-json\/wp\/v2\/comments?post=564673"}],"version-history":[{"count":0,"href":"https:\/\/www.europesays.com\/fr\/wp-json\/wp\/v2\/posts\/564673\/revisions"}],"wp:featuredmedia":[{"embeddable":true,"href":"https:\/\/www.europesays.com\/fr\/wp-json\/wp\/v2\/media\/564674"}],"wp:attachment":[{"href":"https:\/\/www.europesays.com\/fr\/wp-json\/wp\/v2\/media?parent=564673"}],"wp:term":[{"taxonomy":"category","embeddable":true,"href":"https:\/\/www.europesays.com\/fr\/wp-json\/wp\/v2\/categories?post=564673"},{"taxonomy":"post_tag","embeddable":true,"href":"https:\/\/www.europesays.com\/fr\/wp-json\/wp\/v2\/tags?post=564673"}],"curies":[{"name":"wp","href":"https:\/\/api.w.org\/{rel}","templated":true}]}}