{"id":564675,"date":"2025-11-28T14:55:14","date_gmt":"2025-11-28T14:55:14","guid":{"rendered":"https:\/\/www.europesays.com\/fr\/564675\/"},"modified":"2025-11-28T14:55:14","modified_gmt":"2025-11-28T14:55:14","slug":"france-le-musee-du-louvre-augmentera-son-prix-pour-les-visiteurs-de-lexterieur-de-lunion-europeenne","status":"publish","type":"post","link":"https:\/\/www.europesays.com\/fr\/564675\/","title":{"rendered":"France | Le mus\u00e9e du Louvre augmentera son prix pour les visiteurs de l\u2019ext\u00e9rieur de l\u2019Union europ\u00e9enne"},"content":{"rendered":"<p class=\"lead textModule textModule--type-lead \" style=\"\">(Paris) Le mus\u00e9e du Louvre a approuv\u00e9 une hausse du prix d\u2019entr\u00e9e, passant de 22 \u00e0 32\u00a0euros (36 \u00e0 52\u00a0$\u202fCA), pour les visiteurs non europ\u00e9ens \u00e0 compter de janvier. Cette augmentation vise \u00e0 financer la r\u00e9novation du b\u00e2timent, dont la d\u00e9gradation a \u00e9t\u00e9 mise en \u00e9vidence par le vol des joyaux de la Couronne le 19\u00a0octobre. <\/p>\n<p>                    Publi\u00e9 \u00e0<br \/>\n    6\u00a0h\u00a037<\/p>\n<p>    <a class=\"print\" href=\"https:\/\/www.lapresse.ca\/voyage\/europe\/2025-11-28\/france\/javascript:window.print();\" title=\"Imprimer la page\" target=\"_blank\" rel=\"noopener\"><\/p>\n<p>        <img loading=\"lazy\" decoding=\"async\" width=\"16\" height=\"18\" src=\"https:\/\/www.europesays.com\/fr\/wp-content\/uploads\/2025\/04\/share-icon.png\" alt=\"Partager\"\/><\/p>\n<p class=\"paragraph textModule textModule--type-paragraph \" style=\"\">Cette mesure avait \u00e9t\u00e9 annonc\u00e9e en d\u00e9but d\u2019ann\u00e9e par le pr\u00e9sident fran\u00e7ais Emmanuel Macron, dans le cadre d\u2019un plan d\u00e9cennal de r\u00e9novation et d\u2019agrandissement du mus\u00e9e. Les failles de s\u00e9curit\u00e9 ayant permis le vol d\u2019objets d\u2019une valeur de 88\u00a0millions d\u2019euros (143 millions\u202fCA) ont soulign\u00e9 l\u2019urgence de la situation. <\/p>\n<p class=\"paragraph textModule textModule--type-paragraph \" style=\"\">\u00c0 partir du 14\u00a0janvier, les ressortissants de pays hors Union europ\u00e9enne devront payer dix euros de plus. La mesure a \u00e9t\u00e9 approuv\u00e9e jeudi par le conseil d\u2019administration du Louvre. Les ressortissants d\u2019Islande, du Liechtenstein et de Norv\u00e8ge, pays signataires de l\u2019accord sur l\u2019Espace \u00e9conomique europ\u00e9en, seront exempt\u00e9s de cette hausse. <\/p>\n<p class=\"paragraph textModule textModule--type-paragraph \" style=\"\">En 2024, le Louvre a accueilli 8,7\u00a0millions de visiteurs, dont 77\u00a0% d\u2019\u00e9trangers. Parmi les principales nationalit\u00e9s touch\u00e9es par la hausse des prix figurent les Am\u00e9ricains (13\u00a0%), les Chinois (6\u00a0%) et les Britanniques (5\u00a0%). <\/p>\n<p class=\"epigraph textModule textModule--type-epigraph \" style=\"\">Plus t\u00f4t ce mois-ci, la directrice du Louvre, Laurence des Cars, a annonc\u00e9 la mise en \u0153uvre de plus de 20\u00a0mesures d\u2019urgence dans la foul\u00e9e du vol. Elle a pr\u00e9cis\u00e9 que la derni\u00e8re r\u00e9novation du Louvre, datant des ann\u00e9es\u00a01980, est d\u00e9sormais techniquement obsol\u00e8te. <\/p>\n<p class=\"paragraph textModule textModule--type-paragraph \" style=\"\">Le co\u00fbt du projet \u00ab\u00a0Nouvelle Renaissance\u00a0\u00bb est estim\u00e9 \u00e0 800\u00a0millions d\u2019euros (1,3 milliard\u202fCA) afin de moderniser les infrastructures, de r\u00e9duire l\u2019affluence et d\u2019offrir \u00e0 la c\u00e9l\u00e8bre Joconde une galerie consacr\u00e9e \u00e0 elle d\u2019ici 2031. <\/p>\n<p class=\"paragraph textModule textModule--type-paragraph \" style=\"\">Le 19\u00a0octobre, des voleurs se sont introduits par une fen\u00eatre de la Galerie d\u2019Apollon \u00e0 l\u2019aide d\u2019un monte-charge. Ils ont utilis\u00e9 des outils \u00e9lectriques pour d\u00e9couper les vitrines et sont repartis avec le butin en moins de huit minutes. <\/p>\n<p class=\"paragraph textModule textModule--type-paragraph \" style=\"\">Mardi, le procureur de Paris a annonc\u00e9 quatre nouvelles arrestations en lien avec ce vol. La police peut maintenir en garde \u00e0 vue les deux hommes et les deux femmes jusqu\u2019\u00e0 samedi, avant qu\u2019un juge ne d\u00e9cide d\u2019engager ou non des poursuites. <\/p>\n","protected":false},"excerpt":{"rendered":"(Paris) Le mus\u00e9e du Louvre a approuv\u00e9 une hausse du prix d\u2019entr\u00e9e, passant de 22 \u00e0 32\u00a0euros (36&hellip;\n","protected":false},"author":2,"featured_media":564676,"comment_status":"","ping_status":"","sticky":false,"template":"","format":"standard","meta":{"footnotes":""},"categories":[1358],"tags":[1348,1384,1385,1386,58,59,1011,27],"class_list":{"0":"post-564675","1":"post","2":"type-post","3":"status-publish","4":"format-standard","5":"has-post-thumbnail","7":"category-arts-et-design","8":"tag-arts","9":"tag-arts-and-design","10":"tag-arts-et-design","11":"tag-design","12":"tag-divertissement","13":"tag-entertainment","14":"tag-fr","15":"tag-france"},"share_on_mastodon":{"url":"https:\/\/pubeurope.com\/@fr\/115627906455327056","error":""},"_links":{"self":[{"href":"https:\/\/www.europesays.com\/fr\/wp-json\/wp\/v2\/posts\/564675","targetHints":{"allow":["GET"]}}],"collection":[{"href":"https:\/\/www.europesays.com\/fr\/wp-json\/wp\/v2\/posts"}],"about":[{"href":"https:\/\/www.europesays.com\/fr\/wp-json\/wp\/v2\/types\/post"}],"author":[{"embeddable":true,"href":"https:\/\/www.europesays.com\/fr\/wp-json\/wp\/v2\/users\/2"}],"replies":[{"embeddable":true,"href":"https:\/\/www.europesays.com\/fr\/wp-json\/wp\/v2\/comments?post=564675"}],"version-history":[{"count":0,"href":"https:\/\/www.europesays.com\/fr\/wp-json\/wp\/v2\/posts\/564675\/revisions"}],"wp:featuredmedia":[{"embeddable":true,"href":"https:\/\/www.europesays.com\/fr\/wp-json\/wp\/v2\/media\/564676"}],"wp:attachment":[{"href":"https:\/\/www.europesays.com\/fr\/wp-json\/wp\/v2\/media?parent=564675"}],"wp:term":[{"taxonomy":"category","embeddable":true,"href":"https:\/\/www.europesays.com\/fr\/wp-json\/wp\/v2\/categories?post=564675"},{"taxonomy":"post_tag","embeddable":true,"href":"https:\/\/www.europesays.com\/fr\/wp-json\/wp\/v2\/tags?post=564675"}],"curies":[{"name":"wp","href":"https:\/\/api.w.org\/{rel}","templated":true}]}}