{"id":564690,"date":"2025-11-28T15:04:15","date_gmt":"2025-11-28T15:04:15","guid":{"rendered":"https:\/\/www.europesays.com\/fr\/564690\/"},"modified":"2025-11-28T15:04:15","modified_gmt":"2025-11-28T15:04:15","slug":"une-entreprise-francaise-visee-par-une-enquete","status":"publish","type":"post","link":"https:\/\/www.europesays.com\/fr\/564690\/","title":{"rendered":"une entreprise fran\u00e7aise vis\u00e9e par une enqu\u00eate"},"content":{"rendered":"\n<p class=\"article__paragraph  \">Une enqu\u00eate a \u00e9t\u00e9 ouverte, la semaine derni\u00e8re, concernant une entreprise bas\u00e9e \u00e0 Savigny-le-Temple, en Seine-et-Marne, qui commercialise des poup\u00e9es sexuelles \u00e0 l\u2019allure enfantine, a annonc\u00e9 le procureur de Melun, Jean-Michel Bourl\u00e8s, \u00e0 l\u2019Agence France-Presse (AFP) vendredi 28\u00a0novembre, confirmant une information du <a href=\"https:\/\/www.leparisien.fr\/seine-et-marne-77\/seine-et-marne-une-enquete-judiciaire-contre-le-revendeur-en-ligne-de-poupees-sexuelles-juveniles-28-11-2025-YSEK6VUMUZBL7CQLDMAN6HEP2U.php\" target=\"_blank\" rel=\"noopener\" title=\"Nouvelle fen\u00eatre\">Parisien<\/a>. L\u2019investigation a \u00e9t\u00e9 lanc\u00e9e apr\u00e8s un \u00ab\u00a0signalement Pharos\u00a0\u00bb, un portail num\u00e9rique du minist\u00e8re de l\u2019int\u00e9rieur o\u00f9 sont signal\u00e9s les contenus illicites disponibles sur Internet, d\u2019apr\u00e8s le magistrat.<\/p>\n<p class=\"article__paragraph  \">La haut-commissaire \u00e0 l\u2019enfance, Sarah El Ha\u00efry, a par la suite \u00e9galement saisi la justice. \u00ab\u00a0Qu\u2019il s\u2019agisse d\u2019une plateforme internationale comme Shein ou d\u2019une entreprise fran\u00e7aise, ma position est la m\u00eame\u00a0: si des contenus ou des produits p\u00e9docriminels sont identifi\u00e9s, les fournisseurs doivent transmettre le nom des acheteurs \u00e0 la justice\u00a0\u00bb, d\u00e9clare l\u2019ancienne ministre dans l\u2019article du Parisien. \u00ab\u00a0Aucune zone d\u2019ombre ne sera tol\u00e9r\u00e9e, qui plus est quand le revendeur de ces horreurs peut \u00eatre votre voisin, comme ici en Seine-et-Marne\u00a0\u00bb, ajoute-t-elle.<\/p>\n<p>                         \u00ab\u00a0No\u00a01 de la poup\u00e9e sexuelle en Europe\u00a0\u00bb                    <\/p>\n<p class=\"article__paragraph  \">En d\u00e9but de semaine, le journal <a href=\"https:\/\/actu.fr\/ile-de-france\/savigny-le-temple_77445\/apres-le-scandale-shein-un-sex-shop-en-ligne-de-seine-et-marne-a-t-il-mis-en-vente-des-poupees-enfantines_63480786.html\" target=\"_blank\" rel=\"noopener\" title=\"Nouvelle fen\u00eatre\">La R\u00e9publique de Seine-et-Marne<\/a> avait d\u00e9j\u00e0 mentionn\u00e9 dans un article cette entreprise en pr\u00e9cisant qu\u2019elle \u00e9tait \u00ab\u00a0dans le viseur\u00a0\u00bb de l\u2019association Mouv\u2019Enfants. Sur le site d\u2019ObeyMe Dolls, qui se d\u00e9finit comme \u00ab\u00a0no\u00a01 de la poup\u00e9e sexuelle \u201csex doll\u201d et \u201clove doll\u201d en France et en Europe\u00a0\u00bb, un message signale ainsi que \u00ab\u00a0certaines r\u00e9f\u00e9rences de poup\u00e9es ont \u00e9t\u00e9 retir\u00e9es [du] catalogue\u00a0\u00bb. \u00ab\u00a0Cette d\u00e9cision fait suite \u00e0 la probl\u00e9matique r\u00e9cente li\u00e9e \u00e0 la conformit\u00e9 des poup\u00e9es, \u00e9voqu\u00e9e dans les m\u00e9dias, et vise \u00e0 nous aligner strictement sur les exigences r\u00e9glementaires\u00a0\u00bb, explique la soci\u00e9t\u00e9.<\/p>\n<p class=\"article__paragraph  \">Le site propose cependant encore des produits qui peuvent pr\u00eater \u00e0 controverse. L\u2019une des poup\u00e9es vendues est, par exemple, d\u00e9crite comme \u00ab\u00a0encore mineure\u00a0\u00bb et \u00ab\u00a0\u00e0 peine entr\u00e9e dans la pubert\u00e9\u00a0\u00bb, tandis qu\u2019une cat\u00e9gorie r\u00e9unit tous les produits pour ceux voulant une \u00ab\u00a0poup\u00e9e sexuelle adolescente [qui] \u00e9voque l\u2019image de la jeunesse et de la curiosit\u00e9\u00a0\u00bb.<\/p>\n<p>                    D\u00e9lit de diffusion de l\u2019image ou de la repr\u00e9sentation d\u2019un mineur                    <\/p>\n<p class=\"article__paragraph  \">Le g\u00e9rant du site, que l\u2019AFP a cherch\u00e9 \u00e0 contacter, sans succ\u00e8s pour le moment, s\u2019est d\u00e9fendu aupr\u00e8s du Parisien\u00a0: \u00ab\u00a0Je ne propose pas de mod\u00e8les enfant et je n\u2019ai jamais pr\u00e9sent\u00e9 ces mod\u00e8les comme tels. Ils font un peu juv\u00e9niles, comme des personnages de manga, inspir\u00e9s de l\u2019imaginaire nippon. Je les ai tout simplement retir\u00e9s du site pour \u00e9viter toute confusion.\u00a0\u00bb \u00ab\u00a0C\u2019est d\u00e9j\u00e0 arriv\u00e9 que des personnes me demandent un mod\u00e8le enfant, j\u2019ai tout de suite alert\u00e9 Pharos\u00a0!\u00a0\u00bb, ajoute-t-il. Contact\u00e9 par l\u2019AFP, le minist\u00e8re du commerce n\u2019a pas encore fait de commentaire sur cette affaire.<\/p>\n<p class=\"article__paragraph  \">Une proc\u00e9dure d\u2019assignation devant le tribunal judiciaire, utilis\u00e9e contre Shein et visant \u00e0 suspendre la plateforme pour trois mois, va \u00e9galement \u00eatre ouverte par le gouvernement contre deux autres plateformes, AliExpress et Joom, pour \u00ab\u00a0ventes de poup\u00e9es p\u00e9dopornographiques\u00a0\u00bb, avait annonc\u00e9 mercredi sur TF1 le ministre du commerce, Serge Papin. L\u2019audience concernant Shein, initialement pr\u00e9vue mercredi, <a href=\"https:\/\/www.lemonde.fr\/economie\/article\/2025\/11\/26\/shein-passe-devant-le-tribunal-judiciaire-de-paris_6654886_3234.html\" target=\"_blank\" rel=\"noopener\">a \u00e9t\u00e9 renvoy\u00e9e au 5\u00a0d\u00e9cembre<\/a>.<\/p>\n<p class=\"article__paragraph  \">Ces poup\u00e9es, qui sont des jouets sexuels r\u00e9alistes, tombent sous le coup du d\u00e9lit de diffusion de l\u2019image ou de la repr\u00e9sentation d\u2019un mineur pr\u00e9sentant un caract\u00e8re pornographique, passible de cinq ans d\u2019emprisonnement et de 75\u00a0000\u00a0euros d\u2019amende.<\/p>\n<p>                                       Lire aussi |  Article r\u00e9serv\u00e9 \u00e0 nos abonn\u00e9s  <a href=\"https:\/\/www.lemonde.fr\/pixels\/article\/2025\/11\/07\/derriere-le-scandale-des-poupees-sur-shein-la-moderation-approximative-des-autres-marketplaces_6652625_4408996.html\" class=\"js-article-read-also catcher--favoris__link\" data-premium=\"1\" id=\"article-title-3445347\" target=\"_blank\" rel=\"noopener\">Derri\u00e8re le scandale des poup\u00e9es sur Shein, la mod\u00e9ration approximative des autres \u00ab\u00a0marketplaces\u00a0\u00bb<\/a>    <\/p>\n<p>   Lire plus tard  <\/p>\n<p class=\"author__detail\">  Le Monde avec AFP  <\/p>\n<p>                <a href=\"https:\/\/www.lemonde.fr\/syndication\/\" class=\"reuse__content\" title=\"R\u00e9utiliser ce contenu\" target=\"_blank\" rel=\"noopener\">R\u00e9utiliser ce contenu<\/a>      <\/p>\n","protected":false},"excerpt":{"rendered":"Une enqu\u00eate a \u00e9t\u00e9 ouverte, la semaine derni\u00e8re, concernant une entreprise bas\u00e9e \u00e0 Savigny-le-Temple, en Seine-et-Marne, qui commercialise&hellip;\n","protected":false},"author":2,"featured_media":564691,"comment_status":"","ping_status":"","sticky":false,"template":"","format":"standard","meta":{"footnotes":""},"categories":[6],"tags":[35,33,34,1011,27],"class_list":{"0":"post-564690","1":"post","2":"type-post","3":"status-publish","4":"format-standard","5":"has-post-thumbnail","7":"category-economie","8":"tag-business","9":"tag-economie","10":"tag-economy","11":"tag-fr","12":"tag-france"},"share_on_mastodon":{"url":"https:\/\/pubeurope.com\/@fr\/115627941261314524","error":""},"_links":{"self":[{"href":"https:\/\/www.europesays.com\/fr\/wp-json\/wp\/v2\/posts\/564690","targetHints":{"allow":["GET"]}}],"collection":[{"href":"https:\/\/www.europesays.com\/fr\/wp-json\/wp\/v2\/posts"}],"about":[{"href":"https:\/\/www.europesays.com\/fr\/wp-json\/wp\/v2\/types\/post"}],"author":[{"embeddable":true,"href":"https:\/\/www.europesays.com\/fr\/wp-json\/wp\/v2\/users\/2"}],"replies":[{"embeddable":true,"href":"https:\/\/www.europesays.com\/fr\/wp-json\/wp\/v2\/comments?post=564690"}],"version-history":[{"count":0,"href":"https:\/\/www.europesays.com\/fr\/wp-json\/wp\/v2\/posts\/564690\/revisions"}],"wp:featuredmedia":[{"embeddable":true,"href":"https:\/\/www.europesays.com\/fr\/wp-json\/wp\/v2\/media\/564691"}],"wp:attachment":[{"href":"https:\/\/www.europesays.com\/fr\/wp-json\/wp\/v2\/media?parent=564690"}],"wp:term":[{"taxonomy":"category","embeddable":true,"href":"https:\/\/www.europesays.com\/fr\/wp-json\/wp\/v2\/categories?post=564690"},{"taxonomy":"post_tag","embeddable":true,"href":"https:\/\/www.europesays.com\/fr\/wp-json\/wp\/v2\/tags?post=564690"}],"curies":[{"name":"wp","href":"https:\/\/api.w.org\/{rel}","templated":true}]}}