{"id":564714,"date":"2025-11-28T15:19:09","date_gmt":"2025-11-28T15:19:09","guid":{"rendered":"https:\/\/www.europesays.com\/fr\/564714\/"},"modified":"2025-11-28T15:19:09","modified_gmt":"2025-11-28T15:19:09","slug":"la-grande-fete-du-sport-grenoblois-au-parc-paul-mistral","status":"publish","type":"post","link":"https:\/\/www.europesays.com\/fr\/564714\/","title":{"rendered":"la grande f\u00eate du sport grenoblois au parc Paul-Mistral"},"content":{"rendered":"<p>Ce vendredi 28 novembre au parc Paul-Mistral se d\u00e9roulait le Cross des \u00e9coles 2025, organis\u00e9 par la Ville de Grenoble et l\u2019Usep Is\u00e8re. Plus de 1\u00a0300 \u00e9l\u00e8ves, du CE2 au CM2, ont pris le d\u00e9part sur l\u2019Anneau de vitesse. Une ambiance familiale, joyeuse et color\u00e9e, port\u00e9e par des enseignants venus\u2026 costum\u00e9s pour l\u2019occasion, et par des familles dont les encouragements ont accompagn\u00e9 chaque foul\u00e9e.<\/p>\n","protected":false},"excerpt":{"rendered":"Ce vendredi 28 novembre au parc Paul-Mistral se d\u00e9roulait le Cross des \u00e9coles 2025, organis\u00e9 par la Ville&hellip;\n","protected":false},"author":2,"featured_media":564715,"comment_status":"","ping_status":"","sticky":false,"template":"","format":"standard","meta":{"footnotes":""},"categories":[9566],"tags":[1111,11,2430,112,1057,1777,674,1011,27,5325,2798,2731,2732,108,10425,12,25,7135],"class_list":{"0":"post-564714","1":"post","2":"type-post","3":"status-publish","4":"format-standard","5":"has-post-thumbnail","7":"category-grenoble","8":"tag-actu","9":"tag-actualites","10":"tag-auvergne-rhone-alpes","11":"tag-edition-grenoble-agglomeration","12":"tag-education","13":"tag-eu","14":"tag-europe","15":"tag-fr","16":"tag-france","17":"tag-galerie-media","18":"tag-galerie-photo","19":"tag-grenoble","20":"tag-grenoble-bassin","21":"tag-isere","22":"tag-maternelle-elementaire","23":"tag-news","24":"tag-republique-francaise","25":"tag-running"},"share_on_mastodon":{"url":"https:\/\/pubeurope.com\/@fr\/115628000352478296","error":""},"_links":{"self":[{"href":"https:\/\/www.europesays.com\/fr\/wp-json\/wp\/v2\/posts\/564714","targetHints":{"allow":["GET"]}}],"collection":[{"href":"https:\/\/www.europesays.com\/fr\/wp-json\/wp\/v2\/posts"}],"about":[{"href":"https:\/\/www.europesays.com\/fr\/wp-json\/wp\/v2\/types\/post"}],"author":[{"embeddable":true,"href":"https:\/\/www.europesays.com\/fr\/wp-json\/wp\/v2\/users\/2"}],"replies":[{"embeddable":true,"href":"https:\/\/www.europesays.com\/fr\/wp-json\/wp\/v2\/comments?post=564714"}],"version-history":[{"count":0,"href":"https:\/\/www.europesays.com\/fr\/wp-json\/wp\/v2\/posts\/564714\/revisions"}],"wp:featuredmedia":[{"embeddable":true,"href":"https:\/\/www.europesays.com\/fr\/wp-json\/wp\/v2\/media\/564715"}],"wp:attachment":[{"href":"https:\/\/www.europesays.com\/fr\/wp-json\/wp\/v2\/media?parent=564714"}],"wp:term":[{"taxonomy":"category","embeddable":true,"href":"https:\/\/www.europesays.com\/fr\/wp-json\/wp\/v2\/categories?post=564714"},{"taxonomy":"post_tag","embeddable":true,"href":"https:\/\/www.europesays.com\/fr\/wp-json\/wp\/v2\/tags?post=564714"}],"curies":[{"name":"wp","href":"https:\/\/api.w.org\/{rel}","templated":true}]}}