{"id":564718,"date":"2025-11-28T15:21:20","date_gmt":"2025-11-28T15:21:20","guid":{"rendered":"https:\/\/www.europesays.com\/fr\/564718\/"},"modified":"2025-11-28T15:21:20","modified_gmt":"2025-11-28T15:21:20","slug":"urgence-climatique-engagez-vous-lors-dune-journee-participative-a-la-fac-de-droit-de","status":"publish","type":"post","link":"https:\/\/www.europesays.com\/fr\/564718\/","title":{"rendered":"Urgence climatique\u00a0: engagez-vous lors d\u2019une journ\u00e9e participative \u00e0 la fac de droit de"},"content":{"rendered":"<p>Ateliers, films, tables rondes, retour de la COP 30 : c\u2019est une riche journ\u00e9e que proposent l\u2019association des Semaines sociales de Bretagne et l\u2019Alliance des g\u00e9n\u00e9rations pour le climat, vendredi 5 d\u00e9cembre 2025, \u00e0 la facult\u00e9 de droit de l\u2019universit\u00e9 de Rennes (Ille-et-Vilaine).<\/p>\n<p>Une simple journ\u00e9e sur le climat ?<\/p>\n<p>Plus qu\u2019une conf\u00e9rence ou un forum, la journ\u00e9e organis\u00e9e par l\u2019association des Semaines sociales de Bretagne (SSB) en partenariat avec l\u2019Alliance des g\u00e9n\u00e9rations pour le climat (AGC), vendredi 5\u00a0d\u00e9cembre 2025, \u00e0 la facult\u00e9 de droit de Rennes, se veut mobilisatrice et participative. Avec un angle original, celui de<strong>\u00a0<\/strong> \u00a0la n\u00e9cessaire solidarit\u00e9 entre les g\u00e9n\u00e9rations pour agir\u00a0, souligne Didier Ovigneur, administrateur des SSB, dont les \u00e9quipes r\u00e9gionales ont travaill\u00e9 durant plusieurs mois sur les enjeux climatiques, mais aussi les d\u00e9fis pos\u00e9s par l\u2019intelligence artificielle.<\/p>\n<p>Le film Bigger than us <\/p>\n<p>Le film Bigger than us introduira la journ\u00e9e, d\u00e8s 10\u00a0h. R\u00e9alis\u00e9 par Flore Vasseur, il a d\u00e9j\u00e0 \u00e9t\u00e9 projet\u00e9 plus de 4300 fois en France et fut la base d\u2019un demi-millier de rencontres et de d\u00e9bats publics. Un film qui \u00e9claire <strong>\u00ab\u00a0l\u2019injustice climatique dans le monde. Des hommes et des femmes ont des conditions de vie devenues impossibles\u00a0\u00bb<\/strong>, rappelle Jacques Br\u00e9geon (AGC).<\/p>\n<p>Ateliers, plaidoirie\u2026<\/p>\n<p>Des ateliers ouverts \u00e0 tous, d\u00e8s 14\u00a0h\u00a030 proposeront des contributions, \u00a0on attend d\u2019eux qu\u2019ils nous bousculent dans nos certitudes\u00a0!\u00a0Lysias Rennes, l\u2019association du concours de plaidoirie et d\u2019\u00e9loquence de la facult\u00e9 de droit, apportera sa contribution. Une fresque des g\u00e9n\u00e9rations r\u00e9alis\u00e9e par des \u00e9tudiants de master de l\u2019\u00e9cole de commerce lilloise Skema sera aussi d\u00e9voil\u00e9e. \u00a0Nous voulons faire de cette journ\u00e9e une sorte de prototype qui nous voudrions reproduire ailleurs\u00a0, conc\u00e8de Jacques Br\u00e9gon.<\/p>\n<p>De retour de la COP 30<\/p>\n<p>Le temps fort de cl\u00f4ture, \u00e0 partir de 16\u00a0h\u00a030, r\u00e9unira autour de la m\u00eame table l\u2019ancienne ministre de l\u2019environnement Corinne Lepage, l\u2019archev\u00eaque de Rennes Pierre d\u2019Ornellas, et le climatologue Jean Jouzel, ex-vice pr\u00e9sident du\u00a0Groupe d\u2019experts intergouvernemental sur l\u2019\u00e9volution du climat (Giec). Ce dernier sera tout juste de retour de <a href=\"https:\/\/www.ouest-france.fr\/environnement\/cop21\/\" target=\"_blank\" rel=\"noopener\">la COP 30, la conf\u00e9rence internationale des Nations-Unies sur le climat<\/a>.<\/p>\n<p><strong>Vendredi 5\u00a0d\u00e9cembre<\/strong>, de 9\u00a0h\u00a030 \u00e0 19\u00a0h\u00a030, \u00e0 la facult\u00e9 de droit de Rennes. <a href=\"https:\/\/doodle.com\/sign-up-sheet\/participate\/d663f17d-1e69-4e49-bd66-d5285640a4b5\/select?fbclid=IwY2xjawOVXtdleHRuA2FlbQIxMABzcnRjBmFwcF9pZBAyMjIwMzkxNzg4MjAwODkyAAEe1HO07vhqYRDX3g6ZYQoF7O6fOCzY2Swra1dh7U1xI1QE3L93AbtHGHE0vGI_aem_E9mH4gmoc1G5IURHg3Q-9A\" target=\"_blank\" rel=\"noopener\">Inscriptions n\u00e9cessaires via ce lien<\/a>.<\/p>\n<p>\u00a0<\/p>\n","protected":false},"excerpt":{"rendered":"Ateliers, films, tables rondes, retour de la COP 30 : c\u2019est une riche journ\u00e9e que proposent l\u2019association des&hellip;\n","protected":false},"author":2,"featured_media":564719,"comment_status":"","ping_status":"","sticky":false,"template":"","format":"standard","meta":{"footnotes":""},"categories":[2821],"tags":[1111,11,829,18877,6084,68052,1777,674,25982,1011,27,3465,7826,12,31748,584,25,4937,3083],"class_list":{"0":"post-564718","1":"post","2":"type-post","3":"status-publish","4":"format-standard","5":"has-post-thumbnail","7":"category-rennes","8":"tag-actu","9":"tag-actualites","10":"tag-bretagne","11":"tag-climatique","12":"tag-droit","13":"tag-engagez-vous","14":"tag-eu","15":"tag-europe","16":"tag-fac","17":"tag-fr","18":"tag-france","19":"tag-journee","20":"tag-lors","21":"tag-news","22":"tag-participative","23":"tag-rennes","24":"tag-republique-francaise","25":"tag-saint-brieuc","26":"tag-urgence"},"share_on_mastodon":{"url":"https:\/\/pubeurope.com\/@fr\/115628008106596543","error":""},"_links":{"self":[{"href":"https:\/\/www.europesays.com\/fr\/wp-json\/wp\/v2\/posts\/564718","targetHints":{"allow":["GET"]}}],"collection":[{"href":"https:\/\/www.europesays.com\/fr\/wp-json\/wp\/v2\/posts"}],"about":[{"href":"https:\/\/www.europesays.com\/fr\/wp-json\/wp\/v2\/types\/post"}],"author":[{"embeddable":true,"href":"https:\/\/www.europesays.com\/fr\/wp-json\/wp\/v2\/users\/2"}],"replies":[{"embeddable":true,"href":"https:\/\/www.europesays.com\/fr\/wp-json\/wp\/v2\/comments?post=564718"}],"version-history":[{"count":0,"href":"https:\/\/www.europesays.com\/fr\/wp-json\/wp\/v2\/posts\/564718\/revisions"}],"wp:featuredmedia":[{"embeddable":true,"href":"https:\/\/www.europesays.com\/fr\/wp-json\/wp\/v2\/media\/564719"}],"wp:attachment":[{"href":"https:\/\/www.europesays.com\/fr\/wp-json\/wp\/v2\/media?parent=564718"}],"wp:term":[{"taxonomy":"category","embeddable":true,"href":"https:\/\/www.europesays.com\/fr\/wp-json\/wp\/v2\/categories?post=564718"},{"taxonomy":"post_tag","embeddable":true,"href":"https:\/\/www.europesays.com\/fr\/wp-json\/wp\/v2\/tags?post=564718"}],"curies":[{"name":"wp","href":"https:\/\/api.w.org\/{rel}","templated":true}]}}