{"id":564722,"date":"2025-11-28T15:23:17","date_gmt":"2025-11-28T15:23:17","guid":{"rendered":"https:\/\/www.europesays.com\/fr\/564722\/"},"modified":"2025-11-28T15:23:17","modified_gmt":"2025-11-28T15:23:17","slug":"ouverture-des-candidatures-aux-trophees-des-schwalmele-2026-collectivite-europeenne-dalsace","status":"publish","type":"post","link":"https:\/\/www.europesays.com\/fr\/564722\/","title":{"rendered":"Ouverture des candidatures aux Troph\u00e9es des Schw\u00e4lmele 2026 &#8211; Collectivit\u00e9 europ\u00e9enne d&rsquo;Alsace"},"content":{"rendered":"<p>Toute personne, association, entreprise ou commune qui <strong>s&rsquo;investit au quotidien pour la langue r\u00e9gionale d&rsquo;Alsace et de Moselle<\/strong> (alsacien, platt et welche) est susceptible d&rsquo;\u00eatre honor\u00e9e dans l&rsquo;une des <strong>5 cat\u00e9gories<\/strong> propos\u00e9es :<\/p>\n<ul>\n<li>individuels<\/li>\n<li>initiatives \u00ab\u00a0jeunes\u00a0\u00bb<\/li>\n<li>associations<\/li>\n<li>entreprises<\/li>\n<li>communes<\/li>\n<\/ul>\n<p>Les candidatures devront \u00eatre soumises par un tiers au comit\u00e9 de l&rsquo;association Friehjohr. Ainsi, tout un chacun peut proposer une personne, structure, entreprise ou commune qu&rsquo;il estime m\u00e9ritante, \u00e0 la condition qu\u2019elle n&rsquo;ait jamais obtenu le prix.<\/p>\n","protected":false},"excerpt":{"rendered":"Toute personne, association, entreprise ou commune qui s&rsquo;investit au quotidien pour la langue r\u00e9gionale d&rsquo;Alsace et de Moselle&hellip;\n","protected":false},"author":2,"featured_media":564723,"comment_status":"","ping_status":"","sticky":false,"template":"","format":"standard","meta":{"footnotes":""},"categories":[2820],"tags":[1111,11,59650,68053,47636,68056,1777,674,1011,27,775,12,68054,25,640,68055],"class_list":{"0":"post-564722","1":"post","2":"type-post","3":"status-publish","4":"format-standard","5":"has-post-thumbnail","7":"category-strasbourg","8":"tag-actu","9":"tag-actualites","10":"tag-alsacien","11":"tag-bilinguisme","12":"tag-candidature","13":"tag-e-friehjohr-fer-unseri-sproch","14":"tag-eu","15":"tag-europe","16":"tag-fr","17":"tag-france","18":"tag-grand-est","19":"tag-news","20":"tag-opla","21":"tag-republique-francaise","22":"tag-strasbourg","23":"tag-trophes-des-schlmele"},"share_on_mastodon":{"url":"https:\/\/pubeurope.com\/@fr\/115628016056930527","error":""},"_links":{"self":[{"href":"https:\/\/www.europesays.com\/fr\/wp-json\/wp\/v2\/posts\/564722","targetHints":{"allow":["GET"]}}],"collection":[{"href":"https:\/\/www.europesays.com\/fr\/wp-json\/wp\/v2\/posts"}],"about":[{"href":"https:\/\/www.europesays.com\/fr\/wp-json\/wp\/v2\/types\/post"}],"author":[{"embeddable":true,"href":"https:\/\/www.europesays.com\/fr\/wp-json\/wp\/v2\/users\/2"}],"replies":[{"embeddable":true,"href":"https:\/\/www.europesays.com\/fr\/wp-json\/wp\/v2\/comments?post=564722"}],"version-history":[{"count":0,"href":"https:\/\/www.europesays.com\/fr\/wp-json\/wp\/v2\/posts\/564722\/revisions"}],"wp:featuredmedia":[{"embeddable":true,"href":"https:\/\/www.europesays.com\/fr\/wp-json\/wp\/v2\/media\/564723"}],"wp:attachment":[{"href":"https:\/\/www.europesays.com\/fr\/wp-json\/wp\/v2\/media?parent=564722"}],"wp:term":[{"taxonomy":"category","embeddable":true,"href":"https:\/\/www.europesays.com\/fr\/wp-json\/wp\/v2\/categories?post=564722"},{"taxonomy":"post_tag","embeddable":true,"href":"https:\/\/www.europesays.com\/fr\/wp-json\/wp\/v2\/tags?post=564722"}],"curies":[{"name":"wp","href":"https:\/\/api.w.org\/{rel}","templated":true}]}}