{"id":564724,"date":"2025-11-28T15:24:34","date_gmt":"2025-11-28T15:24:34","guid":{"rendered":"https:\/\/www.europesays.com\/fr\/564724\/"},"modified":"2025-11-28T15:24:34","modified_gmt":"2025-11-28T15:24:34","slug":"strasbourg-troisieme-club-francais-a-remporter-une-coupe-deurope","status":"publish","type":"post","link":"https:\/\/www.europesays.com\/fr\/564724\/","title":{"rendered":"Strasbourg, troisi\u00e8me club fran\u00e7ais \u00e0 remporter une Coupe d&rsquo;Europe ?"},"content":{"rendered":"<p><b>Avec une belle victoire contre Crystal Palace, le Racing<br \/>\nclub de Strasbourg se hisse \u00e0 la deuxi\u00e8me place du classement de la Conf\u00e9rence<br \/>\nLeague. Avec un effectif large cette saison, Liam Rosenior peut avoir de<br \/>\ngrandes ambitions dans cette comp\u00e9tition. <\/b><\/p>\n<p>C\u2019est l\u2019adversaire le plus coriace de la poule pour le<br \/>\nRacing club de Strasbourg. Les Alsaciens ont dispos\u00e9 de Crystal Palace ce jeudi<br \/>\nen Conference League 2-1. Men\u00e9s en d\u00e9but de rencontre, les hommes de <a href=\"https:\/\/www.foot01.com\/strasbourg\" target=\"_self\" rel=\"noopener\">Liam<br \/>\nRosenior<\/a> ont invers\u00e9 la tendance et se hissent \u00e0 la deuxi\u00e8me place du<br \/>\nclassement \u00e0 deux journ\u00e9es de la fin du championnat. Gr\u00e2ce \u00e0 ce succ\u00e8s, le RCSA<br \/>\nest \u00e0 minima qualifi\u00e9 pour les barrages. Mais l\u2019ambition des Alsaciens est plus<br \/>\nforte. Dans un premier temps, Strasbourg veut garder sa place dans le haut du<br \/>\nclassement.Strasbourg doit aller au bout<\/p>\n<p>Mais certains suiveurs pensent que Strasbourg a les armes<br \/>\npour remporter cette Conference League. C\u2019est le cas d\u2019Etienne Moatti. Sur le<br \/>\nplateau de l\u2019Equipe du soir, le journaliste y croit dur comme fer, Strasbourg a<br \/>\ntout pour aller au bout. \u00ab Mais connaissez-vous l\u2019ambition de Strasbourg<br \/>\ndans cette comp\u00e9tition\u00a0? Pour moi, c\u2019est d\u2019aller au bout. Peut-\u00eatre qu\u2019ils<br \/>\nn\u2019ont pas envie de le crier sur tous les toits, mais je peux vous dire qu\u2019\u00e0<br \/>\nStrasbourg, ils y pensent. C\u2019est une comp\u00e9tition qui est \u00e0 la port\u00e9e d\u2019une<br \/>\n\u00e9quipe fran\u00e7aise avec les moyens de Strasbourg,\u00a0\u00bb explique-t-il.<\/p>\n<p>Une<br \/>\nvictoire en Conference League marquerait l\u2019arriv\u00e9e de BlueCo dans le paysage<br \/>\nalsacien. De plus, une victoire strasbourgeoise serait une aubaine pour<br \/>\nl\u2019indice UEFA fran\u00e7ais. Une occasion en or d\u2019accrocher une quatri\u00e8me coupe<br \/>\nd\u2019Europe dans l\u2019histoire du championnat fran\u00e7ais, apr\u00e8s celle de l&rsquo;OM et les deux du PSG. Reste \u00e0 savoir si Liam<br \/>\nRosenior a l&rsquo;effectif suffisant pour jouer sur plusieurs tableaux jusqu\u2019\u00e0 la<br \/>\nfin de la saison. En championnat, les Alsaciens ont l\u00e9g\u00e8rement marqu\u00e9 le pas<br \/>\nsur ce mois de novembre.<\/p>\n<p><img decoding=\"async\" src=\"https:\/\/www.europesays.com\/fr\/wp-content\/uploads\/2025\/10\/686.png\" alt=\"Strasbourg\" class=\"w-12 h-12 object-contain\"\/><img decoding=\"async\" class=\"w-4 h-4 left-[1.67px] top-[1.67px] absolute\" src=\"https:\/\/www.europesays.com\/fr\/wp-content\/uploads\/2025\/09\/301.png\" alt=\"Ligue 1\"\/><\/p>\n<p>Ligue 1<\/p>\n<p>27 novembre 2025 \u00e0 21:00<\/p>\n<p>Europa Conference League<\/p>\n<p>22 novembre 2025 \u00e0 17:00<\/p>\n<p>Ligue 1<\/p>\n<p><img decoding=\"async\" src=\"https:\/\/www.europesays.com\/fr\/wp-content\/uploads\/2025\/10\/37663291.png\" alt=\"J. Panichelli\" class=\"w-16 h-16 object-cover rounded-full\"\/><\/p>\n<p>9.J. Panichelli<\/p>\n<p><img decoding=\"async\" src=\"https:\/\/www.europesays.com\/fr\/wp-content\/uploads\/2025\/09\/ar.png\" alt=\"ARG\" class=\"w-6 h-4 object-cover\"\/>ARG \u2022 \u00c2ge 23 \u2022 Attaquant<img decoding=\"async\" src=\"https:\/\/www.europesays.com\/fr\/wp-content\/uploads\/2025\/10\/37400423.png\" alt=\"E. Esseh Emegha\" class=\"w-16 h-16 object-cover rounded-full\"\/><\/p>\n<p>10.E. Esseh Emegha<\/p>\n<p><img decoding=\"async\" src=\"https:\/\/www.europesays.com\/fr\/wp-content\/uploads\/2025\/10\/nl.png\" alt=\"NED\" class=\"w-6 h-4 object-cover\"\/>NED \u2022 \u00c2ge 22 \u2022 Attaquant<\/p>\n","protected":false},"excerpt":{"rendered":"Avec une belle victoire contre Crystal Palace, le Racing club de Strasbourg se hisse \u00e0 la deuxi\u00e8me place&hellip;\n","protected":false},"author":2,"featured_media":564725,"comment_status":"","ping_status":"","sticky":false,"template":"","format":"standard","meta":{"footnotes":""},"categories":[2820],"tags":[1111,11,1777,68057,674,1011,27,775,12,24894,25,640],"class_list":{"0":"post-564724","1":"post","2":"type-post","3":"status-publish","4":"format-standard","5":"has-post-thumbnail","7":"category-strasbourg","8":"tag-actu","9":"tag-actualites","10":"tag-eu","11":"tag-europa-conference-league","12":"tag-europe","13":"tag-fr","14":"tag-france","15":"tag-grand-est","16":"tag-news","17":"tag-rcsa","18":"tag-republique-francaise","19":"tag-strasbourg"},"share_on_mastodon":{"url":"https:\/\/pubeurope.com\/@fr\/115628021028335345","error":""},"_links":{"self":[{"href":"https:\/\/www.europesays.com\/fr\/wp-json\/wp\/v2\/posts\/564724","targetHints":{"allow":["GET"]}}],"collection":[{"href":"https:\/\/www.europesays.com\/fr\/wp-json\/wp\/v2\/posts"}],"about":[{"href":"https:\/\/www.europesays.com\/fr\/wp-json\/wp\/v2\/types\/post"}],"author":[{"embeddable":true,"href":"https:\/\/www.europesays.com\/fr\/wp-json\/wp\/v2\/users\/2"}],"replies":[{"embeddable":true,"href":"https:\/\/www.europesays.com\/fr\/wp-json\/wp\/v2\/comments?post=564724"}],"version-history":[{"count":0,"href":"https:\/\/www.europesays.com\/fr\/wp-json\/wp\/v2\/posts\/564724\/revisions"}],"wp:featuredmedia":[{"embeddable":true,"href":"https:\/\/www.europesays.com\/fr\/wp-json\/wp\/v2\/media\/564725"}],"wp:attachment":[{"href":"https:\/\/www.europesays.com\/fr\/wp-json\/wp\/v2\/media?parent=564724"}],"wp:term":[{"taxonomy":"category","embeddable":true,"href":"https:\/\/www.europesays.com\/fr\/wp-json\/wp\/v2\/categories?post=564724"},{"taxonomy":"post_tag","embeddable":true,"href":"https:\/\/www.europesays.com\/fr\/wp-json\/wp\/v2\/tags?post=564724"}],"curies":[{"name":"wp","href":"https:\/\/api.w.org\/{rel}","templated":true}]}}