{"id":564726,"date":"2025-11-28T15:25:11","date_gmt":"2025-11-28T15:25:11","guid":{"rendered":"https:\/\/www.europesays.com\/fr\/564726\/"},"modified":"2025-11-28T15:25:11","modified_gmt":"2025-11-28T15:25:11","slug":"nice-jerome-a-scolarise-son-fils-dans-un-college-catholique-hors-contrat-il-sexplique","status":"publish","type":"post","link":"https:\/\/www.europesays.com\/fr\/564726\/","title":{"rendered":"Nice. J\u00e9r\u00f4me a scolaris\u00e9 son fils dans un coll\u00e8ge catholique hors contrat, il s&rsquo;explique"},"content":{"rendered":"<p>                    Par<br \/>\n        <strong><br \/>\n            <a href=\"https:\/\/actu.fr\/auteur\/ugo-maillard\" title=\"Consulter tous les articles de Ugo Maillard\" target=\"_blank\" rel=\"noopener\">Ugo Maillard<\/a><br \/>\n                    <\/strong><\/p>\n<p>        Publi\u00e9 le<\/p>\n<p>            28 nov. 2025 \u00e0 16h03        <\/p>\n<p>En France, ces \u00e9tablissements fleurissement \u00e0 vue d\u2019\u0153il. \u00c9cole primaire et maternelle, coll\u00e8ge et lyc\u00e9e, le mod\u00e8le<strong> hors contrat<\/strong> s\u00e9duit de plus en plus de parents d\u2019\u00e9l\u00e8ves. Pr\u00e8s de 110\u2009000\u00a0\u00e9l\u00e8ves sont scolaris\u00e9s dans un de ces \u00e9tablissements, au regard des donn\u00e9es en date de la rentr\u00e9e scolaire 2024. Selon une<a href=\"https:\/\/actu.fr\/societe\/derives-des-ecoles-privees-hors-contrat-ils-nous-baladent-clairement_61609705.html\" target=\"_blank\" rel=\"noopener\"> investigation r\u00e9alis\u00e9e par Enqu\u00eates d\u2019actu<\/a>, 16\u2009% des \u00e9tablissements scolaires hors contrat sont catholiques. C\u2019est le cas du <strong>coll\u00e8ge Saint-Fran\u00e7ois<\/strong> de Nice (<a href=\"https:\/\/actu.fr\/provence-alpes-cote-d-azur\/alpes-maritimes_06\" target=\"_blank\" rel=\"noopener\">Alpes-Maritimes<\/a>). Inaugur\u00e9 en septembre\u00a02025, il accueille des \u00e9tudiants dans les murs de l\u2019\u00e9glise Saint-Joseph, au c\u0153ur du quartier Riquier.<\/p>\n<p class=\" wall-content\">En avril\u00a02025, la r\u00e9daction d\u2019<a href=\"https:\/\/actu.fr\/nice\/\" target=\"_blank\" rel=\"noopener\">actu Nice<\/a> avait pu s\u2019entretenir avec le directeur du coll\u00e8ge Geoffroy De Villaines. Ce dernier d\u00e9fendait son projet\u2009: \u00ab\u2009C\u2019est un coll\u00e8ge catholique, chr\u00e9tien donc ouvert, donc le contraire du repli identitaire. Cela signifie d\u2019\u00eatre ouvert aux personnes qui ne sont pas enti\u00e8rement en accord avec les valeurs du christianisme.\u2009\u00bb<\/p>\n<p class=\" wall-content\">Quelques mois apr\u00e8s le d\u00e9but de cours, J\u00e9r\u00f4me Daher, <strong>p\u00e8re d\u2019un \u00e9l\u00e8ve<\/strong> scolaris\u00e9 \u00e0 Saint-Fran\u00e7ois, a accept\u00e9 de livrer les raisons qui l\u2019ont pouss\u00e9 vers un \u00e9tablissement hors contrat.<\/p>\n<p>L\u2019enseignement de l\u2019anglais comme facteur principal<\/p>\n<p class=\" wall-content\">Depuis le mois de septembre, <strong>Emmanuel, 11\u00a0ans<\/strong>, suit le cursus scolaire propos\u00e9 par le coll\u00e8ge Saint-Fran\u00e7ois. Un choix de ses parents.<\/p>\n<p class=\" wall-content\">\u00ab\u2009C\u2019est un pr\u00eatre qui m\u2019a parl\u00e9 de l\u2019ouverture de ce nouveau coll\u00e8ge et l\u2019une des premi\u00e8res choses que j\u2019ai apprises sur l\u2019\u00e9tablissement, c\u2019est la volont\u00e9 d\u2019un enseignement linguistique soutenu\u2009\u00bb, explique J\u00e9r\u00f4me Daher, p\u00e8re d\u2019Emmanuel.<\/p>\n<p>C&rsquo;est quoi un \u00e9tablissement \u00ab\u00a0hors contrat\u00a0\u00bb<\/p>\n<p>\u00ab\u00a0L&rsquo;\u00e9tablissement scolaire priv\u00e9 hors contrat n&rsquo;est pas oblig\u00e9 de suivre les programmes, ou de respecter les horaires de l&rsquo;enseignement public. Toutefois, il doit permettre aux enfants d&rsquo;acqu\u00e9rir les connaissances du socle commun de comp\u00e9tences. L&rsquo;\u00c9tat ne prend pas en charge la r\u00e9mun\u00e9ration des enseignants. C&rsquo;est l&rsquo;\u00e9tablissement qui recrute les enseignants et les r\u00e9mun\u00e8re\u00a0\u00bb, peut-on lire sur le site \u00e9tatique service-public.fr.<\/p>\n<p class=\" wall-content\">L\u2019accent mis sur l\u2019apprentissage des langues par la direction p\u00e9dagogique a \u00e9t\u00e9 le facteur principal de sa d\u00e9cision. \u00ab\u2009Le projet \u00e9ducatif, m\u2019a plu, principalement la place accord\u00e9e aux langues. Je viens du Liban, pays dans lequel on grandit avec trois langues (anglais, fran\u00e7ais et arabes). C\u2019est ce que je voulais pour mon fils\u2009\u00bb.<\/p>\n<p>Votre r\u00e9gion, votre actu !<\/p>\n<p>Recevez chaque jour les infos qui comptent pour vous.<\/p>\n<p>\t<a href=\"https:\/\/actu.fr\/newsletter\" class=\"ac-btn ac-btn--corner ac-btn--medium ac-btn--blue800\" target=\"_blank\" rel=\"noopener\">S&rsquo;incrire<\/a><\/p>\n<blockquote class=\"ac-article-quote wall-content\">\n<p>Dans les \u00e9tablissements sous contrat, le niveau de langue ne me satisfait pas. Il n&rsquo;y a que quatre heures d&rsquo;anglais par semaine, alors qu&rsquo;Emmanuel a sept heures d&rsquo;anglais. Il a \u00e9norm\u00e9ment progress\u00e9.<\/p>\n<p>    <strong>J\u00e9r\u00f4me Daher<\/strong>\n            <\/p><\/blockquote>\n<p class=\" wall-content\">Une volont\u00e9 de prioriser les langues qui \u00e9tait souhait\u00e9e par le directeur du coll\u00e8ge\u2009: \u00ab\u2009L\u2019anglais sera extr\u00eamement dominant dans notre approche, car nous souhaitons avoir une ouverture internationale. Les cours de sport seront en anglais par exemple.\u2009\u00bb<\/p>\n<p>Un \u00e9tablissement hors contrat peut faire peur\u2009?<\/p>\n<p class=\" wall-content\">D\u00e9barqu\u00e9e du Liban en 2021, la famille Daher s\u2019est install\u00e9e \u00e0 Nice durablement. J\u00e9r\u00f4me, le papa, assure n\u2019avoir \u00ab\u2009aucun pr\u00e9jug\u00e9\u2009\u00bb quant au syst\u00e8me \u00e9ducatif fran\u00e7ais, y compris pour les \u00e9tablissements hors contrat.<\/p>\n<blockquote class=\"ac-article-quote wall-content\">\n<p>J&rsquo;\u00e9tais en totale d\u00e9couverte de l&rsquo;enseignement en France. J&rsquo;ai compris que les hors contrats ont une certaine libert\u00e9. Je trouve que cette marge de libert\u00e9 est positive.<\/p>\n<p>    <strong>J\u00e9r\u00f4me<\/strong>\n            <\/p><\/blockquote>\n<p class=\" wall-content\">Interrog\u00e9 sur les <a href=\"https:\/\/actu.fr\/societe\/enquete-ecoles-privees-hors-contrat-pour-certains-parents-ca-a-ete-tres-violent_61533442.html\" target=\"_blank\" rel=\"noopener\">tr\u00e8s nombreuses d\u00e9rives<\/a> relev\u00e9es dans des \u00e9tablissements hors contrat, J\u00e9r\u00f4me se veut rassurant\u2009: \u00ab\u2009Sur cet \u00e9tablissement, je n\u2019ai aucune crainte, mais je ne me prononce pas sur les autres.\u2009\u00bb<\/p>\n<p>\u00ab\u2009\u00c0 c\u0153ur d\u2019avoir un enseignement religieux\u2009\u00bb<\/p>\n<p class=\" wall-content\">Si l\u2019enseignement linguistique a \u00e9t\u00e9 d\u00e9cisif dans le choix de scolariser Emmanuel \u00e0 Saint-Fran\u00e7ois, <strong>l\u2019aspect religieux demeure essentiel<\/strong>.<\/p>\n<p class=\" wall-content\">\u00ab\u2009Notre famille est catholique. Il est vrai que j\u2019avais \u00e0 c\u0153ur d\u2019avoir un enseignement religieux. C\u2019est une spiritualit\u00e9 \u00e9quilibr\u00e9e et saine. Je ne voulais pas que \u00e7a aille dans les extr\u00eames et ce n\u2019est pas le cas\u2009\u00bb, assure le p\u00e8re de famille.<\/p>\n<p class=\" wall-content\">Pour appuyer ses propos, J\u00e9r\u00f4me Daher met avant les cours dispenser chaque semaine sur les autres religions.<\/p>\n<p>\u00ab\u2009Nous sommes satisfaits\u2009\u00bb<\/p>\n<p class=\" wall-content\">Pour cette premi\u00e8re ann\u00e9e, l\u2019\u00e9tablissement accueille <strong>seulement quatre \u00e9l\u00e8ves<\/strong> dans l\u2019unique classe de sixi\u00e8me. \u00ab\u2009Une opportunit\u00e9 pour Emmanuel\u2009\u00bb, selon le p\u00e8re de famille de 50\u00a0ans.<\/p>\n<p class=\" wall-content\">\u00ab\u2009C\u2019est projet pilote pour donner envie \u00e0 d\u2019autres. De notre c\u00f4t\u00e9, avec ma femme, nous sommes satisfaits de l\u2019enseignement donn\u00e9 au coll\u00e8ge. Notre troisi\u00e8me et dernier fils, int\u00e9grera la classe de 6e l\u2019ann\u00e9e prochaine\u2009\u00bb, s\u2019impatiente J\u00e9r\u00f4me.<\/p>\n<p class=\" wall-content\">Personnalisez votre actualit\u00e9 en ajoutant vos villes et m\u00e9dias en favori avec <a href=\"https:\/\/moncompte.actu.fr\" title=\"D\u00e9couvez Mon Actu\" rel=\"nofollow noopener\" data-trk=\"{&quot;cta&quot;:{&quot;action&quot;:&quot;https:\\\/\\\/moncompte.actu.fr&quot;,&quot;category&quot;:&quot;mon compte&quot;,&quot;from&quot;:&quot;article footer&quot;,&quot;name&quot;:&quot;Mon actu&quot;,&quot;type&quot;:&quot;cta&quot;}}\" target=\"_blank\">Mon Actu<\/a>.<\/p>\n","protected":false},"excerpt":{"rendered":"Par Ugo Maillard Publi\u00e9 le 28 nov. 2025 \u00e0 16h03 En France, ces \u00e9tablissements fleurissement \u00e0 vue d\u2019\u0153il.&hellip;\n","protected":false},"author":2,"featured_media":564727,"comment_status":"","ping_status":"","sticky":false,"template":"","format":"standard","meta":{"footnotes":""},"categories":[2819],"tags":[1111,11,1057,1777,674,1011,27,12,2401,882,4020,25,104],"class_list":{"0":"post-564726","1":"post","2":"type-post","3":"status-publish","4":"format-standard","5":"has-post-thumbnail","7":"category-nice","8":"tag-actu","9":"tag-actualites","10":"tag-education","11":"tag-eu","12":"tag-europe","13":"tag-fr","14":"tag-france","15":"tag-news","16":"tag-nice","17":"tag-provence-alpes-cote-dazur","18":"tag-religion","19":"tag-republique-francaise","20":"tag-societe"},"share_on_mastodon":{"url":"https:\/\/pubeurope.com\/@fr\/115628023698399168","error":""},"_links":{"self":[{"href":"https:\/\/www.europesays.com\/fr\/wp-json\/wp\/v2\/posts\/564726","targetHints":{"allow":["GET"]}}],"collection":[{"href":"https:\/\/www.europesays.com\/fr\/wp-json\/wp\/v2\/posts"}],"about":[{"href":"https:\/\/www.europesays.com\/fr\/wp-json\/wp\/v2\/types\/post"}],"author":[{"embeddable":true,"href":"https:\/\/www.europesays.com\/fr\/wp-json\/wp\/v2\/users\/2"}],"replies":[{"embeddable":true,"href":"https:\/\/www.europesays.com\/fr\/wp-json\/wp\/v2\/comments?post=564726"}],"version-history":[{"count":0,"href":"https:\/\/www.europesays.com\/fr\/wp-json\/wp\/v2\/posts\/564726\/revisions"}],"wp:featuredmedia":[{"embeddable":true,"href":"https:\/\/www.europesays.com\/fr\/wp-json\/wp\/v2\/media\/564727"}],"wp:attachment":[{"href":"https:\/\/www.europesays.com\/fr\/wp-json\/wp\/v2\/media?parent=564726"}],"wp:term":[{"taxonomy":"category","embeddable":true,"href":"https:\/\/www.europesays.com\/fr\/wp-json\/wp\/v2\/categories?post=564726"},{"taxonomy":"post_tag","embeddable":true,"href":"https:\/\/www.europesays.com\/fr\/wp-json\/wp\/v2\/tags?post=564726"}],"curies":[{"name":"wp","href":"https:\/\/api.w.org\/{rel}","templated":true}]}}