{"id":564728,"date":"2025-11-28T15:26:13","date_gmt":"2025-11-28T15:26:13","guid":{"rendered":"https:\/\/www.europesays.com\/fr\/564728\/"},"modified":"2025-11-28T15:26:13","modified_gmt":"2025-11-28T15:26:13","slug":"estrosi-accepte-le-debat-face-au-petit-traitre-eric-ciotti-liberation","status":"publish","type":"post","link":"https:\/\/www.europesays.com\/fr\/564728\/","title":{"rendered":"Estrosi accepte le d\u00e9bat face au \u00abpetit tra\u00eetre\u00bb Eric Ciotti \u2013 Lib\u00e9ration"},"content":{"rendered":"<p class=\"sc-cPiKLX AiZTS text-element\">Il y a ces amis qui ne parviennent jamais \u00e0 accorder leurs calendriers pour s\u2019inviter. La t\u00e2che se r\u00e9v\u00e8le d\u2019autant plus ardue une fois devenus ennemis. Eric Ciotti et Christian Estrosi, qui convoitent le m\u00eame fauteuil de maire de Nice aux municipales de mars, <a href=\"https:\/\/www.liberation.fr\/politique\/municipales-a-nice-estrosi-refuse-pour-linstant-de-debattre-avec-ciotti-qui-est-sur-un-ring-ou-lui-seul-boxe-20251126_42JOVDPBXZEMBMKC5RUJOO2O64\/\" target=\"_blank\" rel=\"noopener\" title=\"https:\/\/www.liberation.fr\/politique\/municipales-a-nice-estrosi-refuse-pour-linstant-de-debattre-avec-ciotti-qui-est-sur-un-ring-ou-lui-seul-boxe-20251126_42JOVDPBXZEMBMKC5RUJOO2O64\/\">ne s\u2019entendent pas sur une date pour d\u00e9battre<\/a>. Le d\u00e9put\u00e9 UDR veut une confrontation \u00abd\u00e8s demain matin\u00bb, le maire sortant Horizons r\u00e9pond \u00able plus tard possible\u00bb. Ce vendredi 28 novembre, lors d\u2019un \u00abtemps d\u2019\u00e9change d\u00e9di\u00e9 aux seniors\u00bb auquel Lib\u00e9ration a assist\u00e9, Christian Estrosi a pos\u00e9 son \u00e9ch\u00e9ance : \u00abOn fera \u00e7a fin f\u00e9vrier.\u00bb A part les coups bas \u00e0 gogo, leurs campagnes n\u2019avancent d\u00e9cid\u00e9ment pas sur le m\u00eame tempo.<\/p>\n<p class=\"sc-cPiKLX AiZTS text-element\">\u00abIl aura son d\u00e9bat, assure Christian Estrosi \u00e0 la salle. Et il le regrettera son d\u00e9bat. Il va se retrouver, lui l\u2019\u00e9l\u00e8ve, en face du ma\u00eetre, il va \u00eatre comme \u00e7a.\u00bb Il replie ses cinq doigts pour mimer le signe de la peur. Et puis : \u00abLes coucougnettes vont s\u2019agiter dans tous les sens. \u00c7a m\u2019a fait du bien de le dire.\u00bb Rires chez les seniors.<\/p>\n<p class=\"sc-cPiKLX AiZTS text-element\">Si Estrosi joue la montre, c\u2019est aussi une question de strat\u00e9gie. Bient\u00f4t viendra le temps des f\u00eates et des galettes. Les Ni\u00e7ois ne seraient alors pas encore pr\u00eats pour les joutes politiques, croit-on savoir dans son entourage. \u00abArrivera le jour o\u00f9 ce sera le face-\u00e0-face, dit encore Estrosi. Le plus tard possible. Je ne vais pas lui d\u00e9voiler mes cartes demain.\u00bb Il a d\u00e9j\u00e0 avanc\u00e9 de plusieurs semaines son premier meeting, voyant Ciotti mener sa campagne sans m\u00e9nagement. \u00abComme il a envie d\u2019exister, il m\u2019emporte dans son truc.\u00bb<\/p>\n<p class=\"sc-cPiKLX AiZTS text-element\">Il ? Le jeu d\u00e9sormais, c\u2019est de ne jamais nommer l\u2019adversaire. Alors ce vendredi, Christian Estrosi utilise le pronom et le surnom. \u00abPinocchio\u00bb revient \u00e0 quatre reprises. Une fois c\u2019est \u00abSchtroumpf grognon\u00bb, une autre c\u2019est \u00able petit tra\u00eetre\u00bb. Comment s\u2019interpelleront-ils quand viendra l\u2019heure du d\u00e9bat ?<\/p>\n","protected":false},"excerpt":{"rendered":"Il y a ces amis qui ne parviennent jamais \u00e0 accorder leurs calendriers pour s\u2019inviter. La t\u00e2che se&hellip;\n","protected":false},"author":2,"featured_media":564729,"comment_status":"","ping_status":"","sticky":false,"template":"","format":"standard","meta":{"footnotes":""},"categories":[2819],"tags":[1111,11,2397,1777,674,1011,27,3228,5945,12,2401,882,25,2848],"class_list":{"0":"post-564728","1":"post","2":"type-post","3":"status-publish","4":"format-standard","5":"has-post-thumbnail","7":"category-nice","8":"tag-actu","9":"tag-actualites","10":"tag-christian-estrosi","11":"tag-eu","12":"tag-europe","13":"tag-fr","14":"tag-france","15":"tag-lr","16":"tag-municipales-elections","17":"tag-news","18":"tag-nice","19":"tag-provence-alpes-cote-dazur","20":"tag-republique-francaise","21":"tag-rn"},"share_on_mastodon":{"url":"","error":""},"_links":{"self":[{"href":"https:\/\/www.europesays.com\/fr\/wp-json\/wp\/v2\/posts\/564728","targetHints":{"allow":["GET"]}}],"collection":[{"href":"https:\/\/www.europesays.com\/fr\/wp-json\/wp\/v2\/posts"}],"about":[{"href":"https:\/\/www.europesays.com\/fr\/wp-json\/wp\/v2\/types\/post"}],"author":[{"embeddable":true,"href":"https:\/\/www.europesays.com\/fr\/wp-json\/wp\/v2\/users\/2"}],"replies":[{"embeddable":true,"href":"https:\/\/www.europesays.com\/fr\/wp-json\/wp\/v2\/comments?post=564728"}],"version-history":[{"count":0,"href":"https:\/\/www.europesays.com\/fr\/wp-json\/wp\/v2\/posts\/564728\/revisions"}],"wp:featuredmedia":[{"embeddable":true,"href":"https:\/\/www.europesays.com\/fr\/wp-json\/wp\/v2\/media\/564729"}],"wp:attachment":[{"href":"https:\/\/www.europesays.com\/fr\/wp-json\/wp\/v2\/media?parent=564728"}],"wp:term":[{"taxonomy":"category","embeddable":true,"href":"https:\/\/www.europesays.com\/fr\/wp-json\/wp\/v2\/categories?post=564728"},{"taxonomy":"post_tag","embeddable":true,"href":"https:\/\/www.europesays.com\/fr\/wp-json\/wp\/v2\/tags?post=564728"}],"curies":[{"name":"wp","href":"https:\/\/api.w.org\/{rel}","templated":true}]}}