{"id":564730,"date":"2025-11-28T15:27:13","date_gmt":"2025-11-28T15:27:13","guid":{"rendered":"https:\/\/www.europesays.com\/fr\/564730\/"},"modified":"2025-11-28T15:27:13","modified_gmt":"2025-11-28T15:27:13","slug":"la-prefecture-de-loire-atlantique-interdit-la-peche-de-coquilles-saint-jacques-en-zone-nord","status":"publish","type":"post","link":"https:\/\/www.europesays.com\/fr\/564730\/","title":{"rendered":"La pr\u00e9fecture de Loire-Atlantique interdit la p\u00eache de coquilles Saint-Jacques en zone nord"},"content":{"rendered":"<p>                    Par<br \/>\n        <strong><br \/>\n            <a href=\"https:\/\/actu.fr\/auteur\/louis-chauvin\" title=\"Consulter tous les articles de Louis Chauvin\" target=\"_blank\" rel=\"noopener\">Louis Chauvin<\/a><br \/>\n                    <\/strong><\/p>\n<p>        Publi\u00e9 le<\/p>\n<p>            28 nov. 2025 \u00e0 16h02        <\/p>\n<p>Rangez les \u00e9puisettes. Il est d\u00e9sormais impossible, et ce, jusqu\u2019\u00e0 nouvel ordre, de p\u00eacher, m\u00eame \u00e0 titre de loisir, des <b>coquilles Saint-Jacques<\/b> entre <a href=\"https:\/\/actu.fr\/pays-de-la-loire\/saint-brevin-les-pins_44154\" target=\"_blank\" rel=\"noopener\"><b>Saint-Brevin<\/b> (Loire-Atlantique)<\/a> et <a href=\"https:\/\/actu.fr\/pays-de-la-loire\/saint-nazaire_44184\" target=\"_blank\" rel=\"noopener\"><b>Saint-Nazaire<\/b><\/a>.<\/p>\n<p>Des taux au-dessus des seuils sanitaires<\/p>\n<p class=\" wall-content\">En effet, une analyse a \u00e9t\u00e9 effectu\u00e9e le 21\u00a0novembre 2025 par le laboratoire <b>Inovalys<\/b> sur la chair desdits coquillages dans la zone Loire-Atlantique Nord (allant de la <b>for\u00eat de la Pierre Attel\u00e9e<\/b> \u00e0 Saint-Brevin \u00e0 la <b>plage du Ch\u00e9moulin<\/b> \u00e0 Saint-Nazaire).<\/p>\n<p class=\" wall-content\">\u00c0 la suite de cette derni\u00e8re, a \u00e9t\u00e9 d\u00e9tect\u00e9e la pr\u00e9sence de <b>phycotoxines lipophiles<\/b> et de <b>phycotoxines amn\u00e9siantes<\/b> \u00e0 des taux exc\u00e9dant les seuils sanitaires r\u00e9glementaires.<\/p>\n<p>Interdiction par arr\u00eat\u00e9<\/p>\n<p class=\" wall-content\">Par cons\u00e9quent, \u00e0 compter de la date de pr\u00e9l\u00e8vement, la pr\u00e9fecture de Loire-Atlantique consid\u00e8re \u00ab\u2009les coquillages de ces zones [\u2026] susceptibles d\u2019entra\u00eener un risque pour la sant\u00e9 humaine en cas d\u2019ingestion\u2009\u00bb.<\/p>\n<p class=\" wall-content\">Ce faisant, elle interdit, par arr\u00eat\u00e9 pr\u00e9fectoral en date de jeudi 27\u00a0novembre 2025, \u00ab\u2009la p\u00eache maritime professionnelle, le ramassage, le transport, le stockage, l\u2019exp\u00e9dition, la vente et la commercialisation des coquillages de taille marchande provenant du domaine public maritime et des eaux maritimes ainsi que le pompage de l\u2019eau de mer \u00e0 des fins aquacoles\u2009\u00bb.<\/p>\n<p>Vid\u00e9os : en ce moment sur ActuLa p\u00eache de loisir \u00e9galement concern\u00e9e<\/p>\n<p class=\" wall-content\">Elle ajoute\u2009:<\/p>\n<blockquote class=\"ac-article-quote wall-content\">\n<p>Tout professionnel qui aurait, depuis cette date, commercialis\u00e9 ces coquillages doit engager imm\u00e9diatement sous sa responsabilit\u00e9 leur retrait du march\u00e9 et leur rappel [\u2026] et en informer la direction d\u00e9partementale de la protection des populations.<\/p>\n<\/blockquote>\n<p>Votre r\u00e9gion, votre actu !<\/p>\n<p>Recevez chaque jour les infos qui comptent pour vous.<\/p>\n<p>\t<a href=\"https:\/\/actu.fr\/newsletter\" class=\"ac-btn ac-btn--corner ac-btn--medium ac-btn--blue800\" target=\"_blank\" rel=\"noopener\">S&rsquo;incrire<\/a><\/p>\n<p class=\" wall-content\">Sur le volet de la p\u00eache de loisir, celle-ci se voit \u00e9galement interdite sur la zone jusqu\u2019\u00e0 la lev\u00e9e de l\u2019interdiction.<\/p>\n<p class=\" wall-content\">Personnalisez votre actualit\u00e9 en ajoutant vos villes et m\u00e9dias en favori avec <a href=\"https:\/\/moncompte.actu.fr\" title=\"D\u00e9couvez Mon Actu\" rel=\"nofollow noopener\" data-trk=\"{&quot;cta&quot;:{&quot;action&quot;:&quot;https:\\\/\\\/moncompte.actu.fr&quot;,&quot;category&quot;:&quot;mon compte&quot;,&quot;from&quot;:&quot;article footer&quot;,&quot;name&quot;:&quot;Mon actu&quot;,&quot;type&quot;:&quot;cta&quot;}}\" target=\"_blank\">Mon Actu<\/a>.<\/p>\n","protected":false},"excerpt":{"rendered":"Par Louis Chauvin Publi\u00e9 le 28 nov. 2025 \u00e0 16h02 Rangez les \u00e9puisettes. Il est d\u00e9sormais impossible, et&hellip;\n","protected":false},"author":2,"featured_media":564731,"comment_status":"","ping_status":"","sticky":false,"template":"","format":"standard","meta":{"footnotes":""},"categories":[2818],"tags":[1111,11,258,68058,1777,674,1011,27,766,12,2636,4838,52,25,71],"class_list":{"0":"post-564730","1":"post","2":"type-post","3":"status-publish","4":"format-standard","5":"has-post-thumbnail","7":"category-nantes","8":"tag-actu","9":"tag-actualites","10":"tag-alimentation","11":"tag-coquilles-saint-jacques","12":"tag-eu","13":"tag-europe","14":"tag-fr","15":"tag-france","16":"tag-nantes","17":"tag-news","18":"tag-pays-de-la-loire","19":"tag-peche","20":"tag-planete","21":"tag-republique-francaise","22":"tag-sante"},"share_on_mastodon":{"url":"https:\/\/pubeurope.com\/@fr\/115628031715918974","error":""},"_links":{"self":[{"href":"https:\/\/www.europesays.com\/fr\/wp-json\/wp\/v2\/posts\/564730","targetHints":{"allow":["GET"]}}],"collection":[{"href":"https:\/\/www.europesays.com\/fr\/wp-json\/wp\/v2\/posts"}],"about":[{"href":"https:\/\/www.europesays.com\/fr\/wp-json\/wp\/v2\/types\/post"}],"author":[{"embeddable":true,"href":"https:\/\/www.europesays.com\/fr\/wp-json\/wp\/v2\/users\/2"}],"replies":[{"embeddable":true,"href":"https:\/\/www.europesays.com\/fr\/wp-json\/wp\/v2\/comments?post=564730"}],"version-history":[{"count":0,"href":"https:\/\/www.europesays.com\/fr\/wp-json\/wp\/v2\/posts\/564730\/revisions"}],"wp:featuredmedia":[{"embeddable":true,"href":"https:\/\/www.europesays.com\/fr\/wp-json\/wp\/v2\/media\/564731"}],"wp:attachment":[{"href":"https:\/\/www.europesays.com\/fr\/wp-json\/wp\/v2\/media?parent=564730"}],"wp:term":[{"taxonomy":"category","embeddable":true,"href":"https:\/\/www.europesays.com\/fr\/wp-json\/wp\/v2\/categories?post=564730"},{"taxonomy":"post_tag","embeddable":true,"href":"https:\/\/www.europesays.com\/fr\/wp-json\/wp\/v2\/tags?post=564730"}],"curies":[{"name":"wp","href":"https:\/\/api.w.org\/{rel}","templated":true}]}}