{"id":564732,"date":"2025-11-28T15:28:23","date_gmt":"2025-11-28T15:28:23","guid":{"rendered":"https:\/\/www.europesays.com\/fr\/564732\/"},"modified":"2025-11-28T15:28:23","modified_gmt":"2025-11-28T15:28:23","slug":"mort-de-tessa-je-lui-avais-fait-la-promesse-daller-jusquau-bout-confie-sa-mere-apres-lannonce-du-proces-a-nantes","status":"publish","type":"post","link":"https:\/\/www.europesays.com\/fr\/564732\/","title":{"rendered":"Mort de Tessa\u00a0: \u00ab\u00a0Je lui avais fait la promesse d&rsquo;aller jusqu&rsquo;au bout\u00a0\u00bb, confie sa m\u00e8re apr\u00e8s l&rsquo;annonce du proc\u00e8s \u00e0 Nantes"},"content":{"rendered":"<p>Apr\u00e8s plus d&rsquo;un an de silence, la maman de Tessa Raimbault a accept\u00e9 de se confier \u00e0 ICI Loire Oc\u00e9an. On a appris cette semaine que l&rsquo;homme suspect\u00e9 d&rsquo;\u00eatre \u00e0 l&rsquo;origine de la mort de la lyc\u00e9enne doit \u00eatre jug\u00e9 le 5 janvier. Soit plus de sept ans apr\u00e8s le drame qui avait marqu\u00e9 le vignoble nantais.<\/p>\n<p>C&rsquo;est une date importante qui a \u00e9t\u00e9 annonc\u00e9e en milieu de semaine pour un drame qui a marqu\u00e9 le vignoble nantais.\u00a0<a class=\"IciLink ici-link IciArticleLink g-ici-body-regular-1 underline brand svelte-1chfe2s\" href=\"https:\/\/www.francebleu.fr\/infos\/faits-divers-justice\/mort-de-tessa-pres-de-nantes-un-an-apres-l-interpellation-d-un-suspect-de-nombreux-rebondissements-6354631\" target=\"_blank\" rel=\"noopener\">Une affaire avec de nombreux rebondissements<\/a>.\u00a0<a class=\"IciLink ici-link IciArticleLink g-ici-body-regular-1 underline brand svelte-1chfe2s\" href=\"https:\/\/www.francebleu.fr\/infos\/faits-divers-justice\/mort-de-tessa-raimbault-a-saint-julien-de-concelles-un-proces-le-5-janvier-sept-ans-apres-le-drame-7144508\" target=\"_blank\" rel=\"noopener\"><strong>Le 5 janvier prochain<\/strong><\/a><strong>, devant le tribunal correctionnel de Nantes, sera jug\u00e9 l&rsquo;homme, suspect\u00e9 d&rsquo;\u00eatre \u00e0 l&rsquo;origine de la mort de Tessa Raimbault, 17 ans<\/strong>.<\/p>\n<p><strong>Le drame remonte au 20 d\u00e9cembre 2018,<\/strong> vers 19h30, alors qu&rsquo;il fait nuit et qu&rsquo;il pleut <strong>sur la commune de Saint-Julien-de-Concelles<\/strong>, pr\u00e8s de Nantes. La lyc\u00e9enne est renvers\u00e9e par un engin de chantier. Le conducteur prend la fuite et reste longtemps introuvable. <strong>L&rsquo;affaire doit donc \u00eatre jug\u00e9e un peu plus de sept ans apr\u00e8s les faits.<\/strong>\u00a0Pendant plus d&rsquo;un an, la maman de Tessa n&rsquo;a plus voulu prendre la parole. Florence Jouve a d\u00e9cid\u00e9 de se confier \u00e0 ICI Loire Oc\u00e9an.<\/p>\n<p><strong>Ces sept derni\u00e8res ann\u00e9es repr\u00e9sentent un v\u00e9ritable ascenseur \u00e9motionnel<\/strong>, d\u00e9crit Florence Jouve. \u00ab\u00a0Cette semaine, \u00e7a a \u00e9t\u00e9, comme ces sept derni\u00e8res ann\u00e9es. Des mont\u00e9es, puis des redescentes. Les larmes sont mont\u00e9es tout de suite. J&rsquo;ai eu le souffle coup\u00e9 parce que cette nouvelle, je l&rsquo;attends depuis tellement, tellement longtemps que ouf\u00a0! C&rsquo;est comme si quelque chose l\u00e2chait \u00e0 l&rsquo;int\u00e9rieur de moi, quelque chose qui \u00e9tait retenu depuis sept ans. J&rsquo;ai toujours su que \u00e7a arriverait un jour, mais je dois dire que ma foi a \u00e9t\u00e9 mise longtemps \u00e0 rude \u00e9preuve. C&rsquo;\u00e9tait devenu presque insupportable. Cette proc\u00e9dure m&rsquo;ab\u00eemait trop. Le temps de la justice est l\u00e0, on sait comment \u00e7a se passe, un dossier en remplace un autre, etc, etc. Mais \u00e7a n&rsquo;en demeure pas moins que, pour nous, familles des victimes, l&rsquo;attente est l\u00e0. C&rsquo;est ce qu&rsquo;il y a de pire, l&rsquo;attente et le silence.\u00a0\u00bb<\/p>\n<p>La promesse faite \u00e0 Tessa<\/p>\n<p>Que l&rsquo;enqu\u00eate progresse, aboutisse \u00e0 un proc\u00e8s, Florence Jouve explique en avoir fait la promesse \u00e0 sa fille. \u00ab\u00a0C&rsquo;est important pour moi parce que c&rsquo;est ce qui m&rsquo;a tenue debout et c&rsquo;est ce qui m&rsquo;a tenue en vie les premiers mois, les premi\u00e8res ann\u00e9es. Ce truc de me dire qu&rsquo;il y avait une raison pour laquelle je devais me battre. J&rsquo;ai promis \u00e0 Tessa d&rsquo;aller jusqu&rsquo;au bout. Quoi qu&rsquo;il se passe, j&rsquo;ai toujours eu la conviction profonde, depuis le d\u00e9part, je n&rsquo;ai jamais dout\u00e9. M\u00eame si le premier enqu\u00eateur nous a dit qu&rsquo;il ne fallait pas se faire d&rsquo;illusions ou que les gens, autour de nous, nous disaient \u00ab\u00a0il faut que tu l\u00e2ches, il faut te faire une raison, moi, j&rsquo;y ai toujours cru et je n&rsquo;ai jamais rien l\u00e2ch\u00e9\u00a0\u00bb, explique Florence Jouve.<\/p>\n<p>Avec Christophe, le papa de Tessa, ils ont fait face \u00e0 une enqu\u00eate longue avec de nombreux rebondissements. <strong>L&rsquo;enqu\u00eate est\u00a0referm\u00e9e fin 2022, faute de suspect<\/strong>, et notifi\u00e9e \u00e0 la famille quelques mois plus tard. La maman de Tessa accepte alors de participer \u00e0\u00a0<a class=\"IciLink ici-link IciArticleLink g-ici-body-regular-1 underline brand svelte-1chfe2s\" href=\"https:\/\/www.francebleu.fr\/infos\/faits-divers-justice\/tessa-17-ans-mortellement-fauchee-pres-de-nantes-sa-mere-dans-l-emission-de-m6-appel-a-temoins-6755277\" target=\"_blank\" rel=\"noopener\">l&rsquo;\u00e9mission de M6 \u00ab\u00a0Appel \u00e0 t\u00e9moins\u00a0\u00bb, \u00e0 la mi-juin 2023.<\/a>\u00a0<a class=\"IciLink ici-link IciArticleLink g-ici-body-regular-1 underline brand svelte-1chfe2s\" href=\"https:\/\/www.francebleu.fr\/infos\/faits-divers-justice\/mort-de-tessa-pres-de-nantes-un-homme-de-24-ans-mis-en-examen-2178510\" target=\"_blank\" rel=\"noopener\">Un homme contacte alors les gendarmes pour d\u00e9noncer l&rsquo;un de ses amis.<\/a>\u00a0Une interpellation plus de quatre ans apr\u00e8s la mort de Tessa. Cet homme, originaire de Saint-Julien-de-Concelles, comme Tessa, avoue son implication avant de revenir sur ses aveux quelques semaines plus tard.<\/p>\n<p>\u00ab\u00a0Je maintiens le fait que je n&rsquo;ai pas de col\u00e8re contre lui\u00a0\u00bb, Florence Jouve au sujet du suspect<\/p>\n<p>Et il y a quelques jours, avant que la date du proc\u00e8s ne leur soit communiqu\u00e9e,\u00a0<a class=\"IciLink ici-link IciArticleLink g-ici-body-regular-1 underline brand svelte-1chfe2s\" href=\"https:\/\/www.francebleu.fr\/infos\/faits-divers-justice\/mort-de-tessa-raimbault-pres-de-nantes-le-suspect-retourne-en-prison-apres-une-conduite-sous-alcool-en-vendee-4090199\" target=\"_blank\" rel=\"noopener\">les parents de Tessa apprennent que le suspect est retourn\u00e9 en prison<\/a>. En octobre, sur une route de Vend\u00e9e, il est contr\u00f4l\u00e9 ivre au volant d&rsquo;une voiture alors qu&rsquo;il avait interdiction de conduire dans le cadre de son contr\u00f4le judiciaire.<\/p>\n<p><strong>Florence Jouve ne veut pas accabler le jeune homme,<\/strong> \u00e2g\u00e9 aujourd&rsquo;hui de 27 ans\u00a0: \u00ab\u00a0je ne sais pas quoi penser. Il savait qu&rsquo;il prenait le volant alors que c&rsquo;\u00e9tait interdit. Il savait qu&rsquo;il violait son contr\u00f4le judiciaire avec en plus de l&rsquo;alcool. Qu&rsquo;il assume ses responsabilit\u00e9s. Mais, je suis tr\u00e8s en compassion par tout ce qu&rsquo;il a travers\u00e9 et je maintiens le fait que je n&rsquo;ai pas de col\u00e8re contre lui.\u00a0\u00bb\u00a0Elle esp\u00e8re que \u00ab\u00a0le proc\u00e8s permettra \u00e0 chacun de s&rsquo;exprimer, que ce sera un moment r\u00e9parateur. Il faut que tout \u00e7a se termine.\u00a0\u00bb<\/p>\n","protected":false},"excerpt":{"rendered":"Apr\u00e8s plus d&rsquo;un an de silence, la maman de Tessa Raimbault a accept\u00e9 de se confier \u00e0 ICI&hellip;\n","protected":false},"author":2,"featured_media":564733,"comment_status":"","ping_status":"","sticky":false,"template":"","format":"standard","meta":{"footnotes":""},"categories":[2818],"tags":[1111,11,1777,674,1011,27,766,12,2636,25],"class_list":{"0":"post-564732","1":"post","2":"type-post","3":"status-publish","4":"format-standard","5":"has-post-thumbnail","7":"category-nantes","8":"tag-actu","9":"tag-actualites","10":"tag-eu","11":"tag-europe","12":"tag-fr","13":"tag-france","14":"tag-nantes","15":"tag-news","16":"tag-pays-de-la-loire","17":"tag-republique-francaise"},"share_on_mastodon":{"url":"https:\/\/pubeurope.com\/@fr\/115628035643244615","error":""},"_links":{"self":[{"href":"https:\/\/www.europesays.com\/fr\/wp-json\/wp\/v2\/posts\/564732","targetHints":{"allow":["GET"]}}],"collection":[{"href":"https:\/\/www.europesays.com\/fr\/wp-json\/wp\/v2\/posts"}],"about":[{"href":"https:\/\/www.europesays.com\/fr\/wp-json\/wp\/v2\/types\/post"}],"author":[{"embeddable":true,"href":"https:\/\/www.europesays.com\/fr\/wp-json\/wp\/v2\/users\/2"}],"replies":[{"embeddable":true,"href":"https:\/\/www.europesays.com\/fr\/wp-json\/wp\/v2\/comments?post=564732"}],"version-history":[{"count":0,"href":"https:\/\/www.europesays.com\/fr\/wp-json\/wp\/v2\/posts\/564732\/revisions"}],"wp:featuredmedia":[{"embeddable":true,"href":"https:\/\/www.europesays.com\/fr\/wp-json\/wp\/v2\/media\/564733"}],"wp:attachment":[{"href":"https:\/\/www.europesays.com\/fr\/wp-json\/wp\/v2\/media?parent=564732"}],"wp:term":[{"taxonomy":"category","embeddable":true,"href":"https:\/\/www.europesays.com\/fr\/wp-json\/wp\/v2\/categories?post=564732"},{"taxonomy":"post_tag","embeddable":true,"href":"https:\/\/www.europesays.com\/fr\/wp-json\/wp\/v2\/tags?post=564732"}],"curies":[{"name":"wp","href":"https:\/\/api.w.org\/{rel}","templated":true}]}}