{"id":564734,"date":"2025-11-28T15:29:17","date_gmt":"2025-11-28T15:29:17","guid":{"rendered":"https:\/\/www.europesays.com\/fr\/564734\/"},"modified":"2025-11-28T15:29:17","modified_gmt":"2025-11-28T15:29:17","slug":"le-musee-daquitaine-devoile-son-programme-du-mois-de-decembre","status":"publish","type":"post","link":"https:\/\/www.europesays.com\/fr\/564734\/","title":{"rendered":"Le mus\u00e9e d\u2019Aquitaine d\u00e9voile son programme du mois de d\u00e9cembre"},"content":{"rendered":"<p>Le<a href=\"https:\/\/www.musee-aquitaine-bordeaux.fr\" target=\"_blank\" rel=\"noreferrer noopener\"> mus\u00e9e d\u2019Aquitaine<\/a> propose un mois de d\u00e9cembre exceptionnel, rythm\u00e9 par une nouvelle exposition, des visites comment\u00e9es, des conf\u00e9rences, des exp\u00e9riences immersives et de nombreuses animations \u00e0 destination des familles. Une programmation dense, con\u00e7ue pour tous les publics, qui permet de (re)d\u00e9couvrir l\u2019histoire de Bordeaux et de l\u2019Aquitaine sous un nouveau jour.<\/p>\n<p><strong>Bordeaux Patrimoine Mondial<\/strong><\/p>\n<p style=\"font-size:16px\">D\u00e8s le<strong> 10 d\u00e9cembre<\/strong>,<strong> Bordeaux Patrimoine Mondial inaugure son tout nouvel espace d\u2019exposition au mus\u00e9e.<\/strong> Une invitation \u00e0 explorer<strong> la richesse architecturale de la ville<\/strong>, \u00e0 comprendre <strong>les transformations de son paysage urbain et \u00e0 imaginer le Bordeaux de demain.<\/strong> L\u2019<strong>entr\u00e9e est libre<\/strong> et accessible toute la semaine, <strong>sauf le lundi.<\/strong> Pour aller plus loin, <strong>deux visites comment\u00e9es anim\u00e9es par les commissaires de l\u2019exposition <\/strong>sont propos\u00e9es les<strong> 17 et 23 d\u00e9cembre, <\/strong>permettant d\u2019adopter un regard \u00e9clair\u00e9 sur cette nouvelle sc\u00e9nographie.<\/p>\n<p><img fetchpriority=\"high\" decoding=\"async\" width=\"620\" height=\"250\" src=\"https:\/\/www.europesays.com\/fr\/wp-content\/uploads\/2025\/11\/165BPM.jpeg\" alt=\"\" class=\"wp-image-87071\" style=\"width:840px;height:auto\"  \/>Plong\u00e9e au c\u0153ur de Bordeaux : la nouvelle exposition \u2018Bordeaux Patrimoine Mondial\u2019 transforme le mus\u00e9e d\u2019Aquitaine en passerelle entre pass\u00e9, pr\u00e9sent et ville de demain.<\/p>\n<p><strong>Conf\u00e9rence le massacre de Thiaroye<\/strong><\/p>\n<p style=\"font-size:16px\"><strong>Le mus\u00e9e<\/strong> accueille \u00e9galement <strong>une conf\u00e9rence marquante d\u00e9di\u00e9e au massacre de Thiaroye de 1944<\/strong>, un \u00e9pisode tragique au cours duquel des <strong>tirailleurs africains <\/strong>furent tu\u00e9s pour avoir r\u00e9clam\u00e9 leur solde. L\u2019historien <strong>Martin Mourre <\/strong>revient sur cet \u00e9v\u00e9nement dans le cadre des <strong>\u201cRendez-vous avec les Afriques\u201d<\/strong> le<strong> 11 d\u00e9cembre, <\/strong>lors d\u2019une rencontre en acc\u00e8s libre.<\/p>\n<p><strong>Space Montaigne<\/strong><\/p>\n<p style=\"font-size:16px\">Autre moment fort du mois : <strong>l\u2019exp\u00e9rience immersive\u00a0Space Montaigne<\/strong>, <strong>une plong\u00e9e dans le Bordeaux de la Renaissance et dans le cabinet de travail de Michel de Montaigne.<\/strong> Coproduite avec <a href=\"https:\/\/bibliotheque.bordeaux.fr\" target=\"_blank\" rel=\"noreferrer noopener\">la Biblioth\u00e8que de Bordeaux<\/a>, cette exp\u00e9rience sensorielle est propos\u00e9e les 30 et 31 d\u00e9cembre ainsi que le 2 janvier, sur r\u00e9servation.<\/p>\n<p><img loading=\"lazy\" decoding=\"async\" width=\"620\" height=\"250\" src=\"https:\/\/www.europesays.com\/fr\/wp-content\/uploads\/2025\/11\/165parcours-sensoriel.jpeg\" alt=\"\" class=\"wp-image-87072\" style=\"width:840px;height:auto\"  \/>Voyage dans le cabinet secret de Michel de Montaigne : une immersion unique pour red\u00e9couvrir la Renaissance comme si tu y \u00e9tais.<\/p>\n<p><strong>Semaine culture accessible : visites sensorielles<\/strong><\/p>\n<p style=\"font-size:16px\">Dans le cadre de<strong> la Semaine Bordeaux culture<\/strong> accessible, le mus\u00e9e organise<strong> des visites sensorielles, <\/strong>sp\u00e9cialement con\u00e7ues pour <strong>les personnes en situation de handicap.<\/strong> Gr\u00e2ce \u00e0 des bornes tactiles, des maquettes et des reproductions en relief, les visiteurs sont invit\u00e9s \u00e0 toucher, ressentir et red\u00e9couvrir <strong>400 000 ans d\u2019histoire de mani\u00e8re immersive.<\/strong> Ces visites auront lieu <strong>les 2 et 3 d\u00e9cembre.<\/strong><\/p>\n<p><strong>Une plantation sucri\u00e8re \u00e0 Saint-Domingue<\/strong><\/p>\n<p style=\"font-size:16px\"><strong>Comme chaque mois<\/strong>, le mus\u00e9e propose \u00e9galement<strong> ses visites comment\u00e9es du midi<\/strong>, courtes et id\u00e9ales pour une parenth\u00e8se culturelle. Les th\u00e8mes abord\u00e9s vont des plantations sucri\u00e8res de Saint-Domingue \u00e0 l\u2019\u00e9poque de l\u2019esclavage, aux myst\u00e9rieuses V\u00e9nus de Laussel, en passant par le destin de pionniers de l\u2019aviation aquitaine comme Maryse Basti\u00e9 ou Marcel Dassault. Une visite d\u00e9di\u00e9e au navire\u00a0<strong>Le Conqu\u00e9rant,<\/strong> dont la maquette date de plus de 250 ans, compl\u00e8te ce cycle.<\/p>\n<p><strong>Le Fant\u00f4me de Montaigne<\/strong><\/p>\n<p style=\"font-size:16px\"><strong>Pour une approche plus insolite,<\/strong> la visite<strong> th\u00e9\u00e2tralis\u00e9e\u00a0Le Fant\u00f4me de Montaigne<\/strong>\u00a0revient le <strong>30 d\u00e9cembre. Guid\u00e9s par un com\u00e9dien incarnant Michel de Montaigne,<\/strong> les visiteurs <strong>d\u00e9ambulent dans les collections du mus\u00e9e lors d\u2019un moment \u00e0 la fois original,<\/strong> vivant et po\u00e9tique. <strong>Le programme se poursuit aussi hors les murs, avec une balade urbaine consacr\u00e9e \u00e0 Bordeaux<\/strong> pendant la Seconde Guerre mondiale, propos\u00e9e les <strong>3 et 10 d\u00e9cembre.<\/strong><\/p>\n<p><strong>Ateliers 7-11 ans<\/strong><\/p>\n<p style=\"font-size:16px\">Les familles ne sont pas oubli\u00e9es. <strong>Le mus\u00e9e propose pour les 7\u201311 ans deux ateliers cr\u00e9atifs <\/strong>durant les <strong>vacances de No\u00ebl, <\/strong>permettant de d\u00e9couvrir la<strong> Pr\u00e9histoire ou l\u2019Antiquit\u00e9 avant de r\u00e9aliser une \u0153uvre inspir\u00e9e des techniques anciennes.<\/strong> Les plus petits, d\u00e8s un an, b\u00e9n\u00e9ficient aussi d\u2019une visite d\u00e9di\u00e9e :\u00a0Polisson, un moment tout en douceur m\u00ealant comptines, mime et d\u00e9couverte des \u0153uvres, con\u00e7u sp\u00e9cialement pour les tout-petits.<\/p>\n<p><img loading=\"lazy\" decoding=\"async\" width=\"620\" height=\"250\" src=\"https:\/\/www.europesays.com\/fr\/wp-content\/uploads\/2025\/11\/165atelier.jpeg\" alt=\"\" class=\"wp-image-87073\" style=\"width:840px;height:auto\"  \/>Cr\u00e9er comme nos anc\u00eatres : les ateliers vacances offrent aux enfants une exploration ludique de la Pr\u00e9histoire et de l\u2019Antiquit\u00e9.<\/p>\n<p style=\"font-size:16px\"><strong>Enfin, la boutique<\/strong> du mus\u00e9e constitue une source d\u2019inspiration id\u00e9ale pour les cadeaux de fin d\u2019ann\u00e9e, avec une large s\u00e9lection de livres, objets, jeux et bijoux inspir\u00e9s des collections.<\/p>\n<p style=\"font-size:16px\"><strong>Le mus\u00e9e est ouvert du mardi au dimanche, de 11 h \u00e0 18 h<\/strong>, et <strong>fermera exceptionnellement ses portes les 25 d\u00e9cembre et 1er janvier.<\/strong> Ce mois<strong> de d\u00e9cembre s\u2019annonce riche,<\/strong> vibrant et profond\u00e9ment culturel au mus\u00e9e d\u2019Aquitaine, qui confirme son r\u00f4le central dans la vie culturelle bordelaise.<\/p>\n<p style=\"font-size:16px\">\u00c0 lire aussi : <a href=\"https:\/\/www.bougerabordeaux.com\/actu\/gironde-lormont-lance-une-campagne-contre-la-consommation-de-protoxyde-dazote\/\" target=\"_blank\" rel=\"noreferrer noopener\">Gironde : Lormont lance une campagne contre la consommation de protoxyde d\u2019azote<\/a><\/p>\n","protected":false},"excerpt":{"rendered":"Le mus\u00e9e d\u2019Aquitaine propose un mois de d\u00e9cembre exceptionnel, rythm\u00e9 par une nouvelle exposition, des visites comment\u00e9es, des&hellip;\n","protected":false},"author":2,"featured_media":564735,"comment_status":"","ping_status":"","sticky":false,"template":"","format":"standard","meta":{"footnotes":""},"categories":[2817],"tags":[1111,11,1997,1777,674,1011,27,12,2219,25],"class_list":{"0":"post-564734","1":"post","2":"type-post","3":"status-publish","4":"format-standard","5":"has-post-thumbnail","7":"category-bordeaux","8":"tag-actu","9":"tag-actualites","10":"tag-bordeaux","11":"tag-eu","12":"tag-europe","13":"tag-fr","14":"tag-france","15":"tag-news","16":"tag-nouvelle-aquitaine","17":"tag-republique-francaise"},"share_on_mastodon":{"url":"https:\/\/pubeurope.com\/@fr\/115628042010876322","error":""},"_links":{"self":[{"href":"https:\/\/www.europesays.com\/fr\/wp-json\/wp\/v2\/posts\/564734","targetHints":{"allow":["GET"]}}],"collection":[{"href":"https:\/\/www.europesays.com\/fr\/wp-json\/wp\/v2\/posts"}],"about":[{"href":"https:\/\/www.europesays.com\/fr\/wp-json\/wp\/v2\/types\/post"}],"author":[{"embeddable":true,"href":"https:\/\/www.europesays.com\/fr\/wp-json\/wp\/v2\/users\/2"}],"replies":[{"embeddable":true,"href":"https:\/\/www.europesays.com\/fr\/wp-json\/wp\/v2\/comments?post=564734"}],"version-history":[{"count":0,"href":"https:\/\/www.europesays.com\/fr\/wp-json\/wp\/v2\/posts\/564734\/revisions"}],"wp:featuredmedia":[{"embeddable":true,"href":"https:\/\/www.europesays.com\/fr\/wp-json\/wp\/v2\/media\/564735"}],"wp:attachment":[{"href":"https:\/\/www.europesays.com\/fr\/wp-json\/wp\/v2\/media?parent=564734"}],"wp:term":[{"taxonomy":"category","embeddable":true,"href":"https:\/\/www.europesays.com\/fr\/wp-json\/wp\/v2\/categories?post=564734"},{"taxonomy":"post_tag","embeddable":true,"href":"https:\/\/www.europesays.com\/fr\/wp-json\/wp\/v2\/tags?post=564734"}],"curies":[{"name":"wp","href":"https:\/\/api.w.org\/{rel}","templated":true}]}}