{"id":564742,"date":"2025-11-28T15:35:23","date_gmt":"2025-11-28T15:35:23","guid":{"rendered":"https:\/\/www.europesays.com\/fr\/564742\/"},"modified":"2025-11-28T15:35:23","modified_gmt":"2025-11-28T15:35:23","slug":"pat-patrouille-tortues-ninja-les-heros-des-enfants-debarquent-a-villeneuve-dascq-ce-week-end","status":"publish","type":"post","link":"https:\/\/www.europesays.com\/fr\/564742\/","title":{"rendered":"Pat Patrouille, tortues ninja&#8230; Les h\u00e9ros des enfants d\u00e9barquent \u00e0 Villeneuve-d&rsquo;Ascq ce week-end\u00a0!"},"content":{"rendered":"<p>                    Par<br \/>\n        <strong><br \/>\n            <a href=\"https:\/\/actu.fr\/auteur\/nicolas-demollien\" title=\"Consulter tous les articles de Nicolas Demollien\" target=\"_blank\" rel=\"noopener\">Nicolas Demollien<\/a><br \/>\n                    <\/strong><\/p>\n<p>        Publi\u00e9 le<\/p>\n<p>            28 nov. 2025 \u00e0 15h18        <\/p>\n<p>Il devrait y avoir une foule d\u2019<a href=\"https:\/\/actu.fr\/tag\/enfants\" target=\"_blank\" rel=\"noopener\">enfants<\/a> ce week-end au <b>centre commercial Aushopping V2<\/b> de <a href=\"https:\/\/actu.fr\/hauts-de-france\/villeneuve-d-ascq_59009\" target=\"_blank\" rel=\"noopener\">Villeneuve-d\u2019Ascq<\/a> (Nord) ! Ces <b>samedi 29 et dimanche 30 novembre 2025<\/b>, leurs <b>plus grands h\u00e9ros<\/b> seront en effet sur place pour lancer les festivit\u00e9s de <a href=\"https:\/\/actu.fr\/hauts-de-france\/villeneuve-d-ascq_59009\" target=\"_blank\" rel=\"noopener\">No\u00ebl<\/a> !<\/p>\n<p>Pat Patrouille, Minions et tortues ninja \u00e0 Villeneuve-d\u2019Ascq<\/p>\n<p class=\" wall-content\">Vous pourrez rencontrer ces c\u00e9l\u00e8bres personnages en deux endroits du centre : face \u00e0 Maisons du Monde et face \u00e0 Nocib\u00e9.<\/p>\n<p class=\" wall-content\">Seront pr\u00e9sents samedi :\u00a0<\/p>\n<ul class=\" wall-content\">\n<li>Kevin et Stuart des Minions,<\/li>\n<li>Kung Fu Panda,<\/li>\n<li>Poppy des Trolls.<\/li>\n<\/ul>\n<p class=\" wall-content\">Leur succ\u00e8deront :\u00a0<\/p>\n<ul class=\" wall-content\">\n<li>Ruban, Chase, Stella et Marcus de la Pat Patrouille,<\/li>\n<li>Les tortues ninja.<\/li>\n<\/ul>\n<p class=\" wall-content\">Autant dire que le bonheur devrait \u00eatre \u00e0 son comble pour de nombreux enfants.<\/p>\n<p>Votre r\u00e9gion, votre actu !<\/p>\n<p>Recevez chaque jour les infos qui comptent pour vous.<\/p>\n<p>\t<a href=\"https:\/\/actu.fr\/newsletter\" class=\"ac-btn ac-btn--corner ac-btn--medium ac-btn--blue800\" target=\"_blank\" rel=\"noopener\">S&rsquo;incrire<\/a><\/p>\n<p class=\" wall-content\">Ils encha\u00eeneront les passages de 30 minutes \u00e0 11h, 12h, 14h, 15h, 16h et 17h.\u00a0<\/p>\n<p>    <a href=\"https:\/\/www.facebook.com\/plugins\/post.php?href=https%3A%2F%2Fwww.facebook.com%2FCCAushoppingV2%2Fposts%2Fpfbid0YVtHz1bQQmSRULRQe2P5TvPLfsTLBg5r634ZGhqgFNUqEpWi4kA6w1zWFKQyx4Mbl&amp;show_text=true&amp;width=350\" title=\"Ouvrie le lien\" target=\"_blank\" rel=\"noopener\">Cliquez ici pour visualiser le contenu<\/a><\/p>\n<p class=\" wall-content\">Plus d\u2019infos sur le site <a href=\"https:\/\/v2.aushopping.com\/actualites\/rencontre-avec-les-mascottes-universal-a-aushopping-v2\" target=\"_blank\" rel=\"noopener\">v2.aushopping.com<\/a><\/p>\n<p class=\" wall-content\">Personnalisez votre actualit\u00e9 en ajoutant vos villes et m\u00e9dias en favori avec <a href=\"https:\/\/moncompte.actu.fr\" title=\"D\u00e9couvez Mon Actu\" rel=\"nofollow noopener\" data-trk=\"{&quot;cta&quot;:{&quot;action&quot;:&quot;https:\\\/\\\/moncompte.actu.fr&quot;,&quot;category&quot;:&quot;mon compte&quot;,&quot;from&quot;:&quot;article footer&quot;,&quot;name&quot;:&quot;Mon actu&quot;,&quot;type&quot;:&quot;cta&quot;}}\" target=\"_blank\">Mon Actu<\/a>.<\/p>\n","protected":false},"excerpt":{"rendered":"Par Nicolas Demollien Publi\u00e9 le 28 nov. 2025 \u00e0 15h18 Il devrait y avoir une foule d\u2019enfants ce&hellip;\n","protected":false},"author":2,"featured_media":564743,"comment_status":"","ping_status":"","sticky":false,"template":"","format":"standard","meta":{"footnotes":""},"categories":[2815],"tags":[1111,11,1719,1777,674,1011,27,811,1307,1652,12,25],"class_list":{"0":"post-564742","1":"post","2":"type-post","3":"status-publish","4":"format-standard","5":"has-post-thumbnail","7":"category-lille","8":"tag-actu","9":"tag-actualites","10":"tag-enfants","11":"tag-eu","12":"tag-europe","13":"tag-fr","14":"tag-france","15":"tag-hauts-de-france","16":"tag-lille","17":"tag-loisirs-culture","18":"tag-news","19":"tag-republique-francaise"},"share_on_mastodon":{"url":"https:\/\/pubeurope.com\/@fr\/115628063150259065","error":""},"_links":{"self":[{"href":"https:\/\/www.europesays.com\/fr\/wp-json\/wp\/v2\/posts\/564742","targetHints":{"allow":["GET"]}}],"collection":[{"href":"https:\/\/www.europesays.com\/fr\/wp-json\/wp\/v2\/posts"}],"about":[{"href":"https:\/\/www.europesays.com\/fr\/wp-json\/wp\/v2\/types\/post"}],"author":[{"embeddable":true,"href":"https:\/\/www.europesays.com\/fr\/wp-json\/wp\/v2\/users\/2"}],"replies":[{"embeddable":true,"href":"https:\/\/www.europesays.com\/fr\/wp-json\/wp\/v2\/comments?post=564742"}],"version-history":[{"count":0,"href":"https:\/\/www.europesays.com\/fr\/wp-json\/wp\/v2\/posts\/564742\/revisions"}],"wp:featuredmedia":[{"embeddable":true,"href":"https:\/\/www.europesays.com\/fr\/wp-json\/wp\/v2\/media\/564743"}],"wp:attachment":[{"href":"https:\/\/www.europesays.com\/fr\/wp-json\/wp\/v2\/media?parent=564742"}],"wp:term":[{"taxonomy":"category","embeddable":true,"href":"https:\/\/www.europesays.com\/fr\/wp-json\/wp\/v2\/categories?post=564742"},{"taxonomy":"post_tag","embeddable":true,"href":"https:\/\/www.europesays.com\/fr\/wp-json\/wp\/v2\/tags?post=564742"}],"curies":[{"name":"wp","href":"https:\/\/api.w.org\/{rel}","templated":true}]}}