{"id":564744,"date":"2025-11-28T15:36:50","date_gmt":"2025-11-28T15:36:50","guid":{"rendered":"https:\/\/www.europesays.com\/fr\/564744\/"},"modified":"2025-11-28T15:36:50","modified_gmt":"2025-11-28T15:36:50","slug":"zero-dechet-le-toulousain-drive-tout-nu-essaime-ses-superettes-a-lille-et-rennes","status":"publish","type":"post","link":"https:\/\/www.europesays.com\/fr\/564744\/","title":{"rendered":"Z\u00e9ro d\u00e9chet : le toulousain Drive tout nu essaime ses sup\u00e9rettes \u00e0 Lille et Rennes"},"content":{"rendered":"<p>\t\t\t\t\t<a href=\"https:\/\/gazette-du-midi.fr\/au-sommaire\/entreprises\/\" class=\"rubrique-lien rubrique-courante\" target=\"_blank\" rel=\"noopener\">Entreprises<\/a><\/p>\n<p><strong>Distribution. <\/strong> Apr\u00e8s une lev\u00e9e de fonds r\u00e9ussie de 7 M\u20ac en juin, Le Drive tout nu passe \u00e0 l\u2019offensive. Sp\u00e9cialis\u00e9e dans la vente en vrac, l\u2019enseigne annonce l\u2019ouverture de deux nouvelles petites surfaces, \u00e0 Lille et Rennes. Un d\u00e9ploiement align\u00e9 sur les objectifs que le couple s\u2019est fix\u00e9s, \u00e0 savoir ouvrir 25 points de vente suppl\u00e9mentaires d\u2019ici \u00e0 2027.<\/p>\n<ul class=\"list-inline\">\n<li class=\"list-inline-item\">\n  Publi\u00e9 le 28 novembre 2025\n<\/li>\n<li class=\"list-inline-item d-none d-md-inline info-separateur\"><\/li>\n<li class=\"list-inline-item d-block mt-2 d-md-inline mt-md-0 info-auteur\">\n<p>R\u00e9daction GdM\n<\/li>\n<\/ul>\n<p><img decoding=\"async\" src=\"https:\/\/www.europesays.com\/fr\/wp-content\/uploads\/2025\/11\/5c74f21dc6188e2d97f764b21f157d.jpg\" alt=\"\" width=\"1052\" height=\"701\" fetchpriority=\"low\" loading=\"lazy\"\/><\/p>\n<p>Salom\u00e9 et Pierre G\u00e9raud ont fond\u00e9 en 2018 \u00e0 Toulouse le Drive tout nu, une enseigne d\u00e9di\u00e9e au commerce en vrac. Apr\u00e8s Lab\u00e8ge en mars 2024, elle vient d\u2019ouvrir \u00e0 Lille sa deuxi\u00e8me sup\u00e9rette. Une troisi\u00e8me ouvrira \u00e0 Rennes en d\u00e9cembre. (\u00a9Drive tout nu)<\/p>\n<p>Le <a href=\"https:\/\/ledrivetoutnu.com\/\" class=\"spip_out\" rel=\"external noopener\" target=\"_blank\">Drive tout nu<\/a> va d\u00e9cid\u00e9ment vite en besogne. L\u2019enseigne toulousaine sp\u00e9cialis\u00e9e dans la vente en vrac de produits alimentaires, d\u2019hygi\u00e8ne et d\u2019entretien a lev\u00e9 7 M\u20ac en juin dernier pour acc\u00e9l\u00e9rer le <strong>d\u00e9ploiement de son r\u00e9seau de magasins \u00e0 travers la France<\/strong>. Cinq mois \u00e0 peine apr\u00e8s le succ\u00e8s de ce deuxi\u00e8me tour de table, elle vient de proc\u00e9der \u00e0 l\u2019ouverture d\u00e9but novembre d\u2019une sup\u00e9rette \u00e0 Marquette-lez-Lille dans la m\u00e9tropole lilloise (Nord) et programme l\u2019inauguration d\u2019une seconde le 11 d\u00e9cembre prochain \u00e0 <strong>Rennes<\/strong>, en Ile-et-Vilaine.<\/p>\n<p>Le \u00ab\u00a0<strong>Super tout nu<\/strong>\u00a0\u00bb breton sera donc le troisi\u00e8me ouvert sur ce mod\u00e8le apr\u00e8s celui lanc\u00e9 \u00e0 Lab\u00e8ge en mars 2024. Comme ce dernier, les deux nouveaux magasins de 200 et 320 m2 proposent quelque <strong>3 000 r\u00e9f\u00e9rences<\/strong>\u00a0: fruits et l\u00e9gumes, cr\u00e8merie \u00e0 la d\u00e9coupe, boucherie, \u00e9picerie, snacking, produits m\u00e9nagers et d\u2019hygi\u00e8ne.<\/p>\n<p>D\u00e9mocratiser le z\u00e9ro d\u00e9chet<\/p>\n<p>Des produits, conditionn\u00e9s dans des <strong>bocaux en verre<\/strong> ou des <strong>sacs en toile consign\u00e9s<\/strong>, que l\u2019enseigne devrait sourcer <strong>\u00e0 moins de 100 km<\/strong> autour de la m\u00e9tropole bretillienne. L\u2019entreprise, qui s\u2019appuie sur un r\u00e9seau de <strong>300 fournisseurs<\/strong>, entend ainsi r\u00e9duire le recours \u00e0 des interm\u00e9diaires et ainsi mieux <strong>ma\u00eetriser le prix de ses produits<\/strong>. Une mani\u00e8re aussi de diminuer l\u2019<strong>impact environnemental<\/strong> de ces activit\u00e9s.<\/p>\n<p>\t\t\u00c0 lire aussi<\/p>\n<p>\t<a href=\"https:\/\/gazette-du-midi.fr\/au-sommaire\/entreprises\/le-drive-tout-nu-leve-7-meur-pour-renforcer-son-maillage-national\" target=\"_blank\" rel=\"noopener\">Le Drive tout nu l\u00e8ve 7 M\u20ac pour ouvrir 25 nouveaux drives et supermarch\u00e9s partout en France<\/a><\/p>\n<p>Fond\u00e9 \u00e0 Toulouse en 2018 par <strong>Pierre et Salom\u00e9 G\u00e9raud<\/strong>, le Drive tout nu poursuit de fait un objectif ambitieux\u00a0: d\u00e9mocratiser le <strong>z\u00e9ro d\u00e9chet<\/strong>. Un mode de consommation qui gagne des clients malgr\u00e9 la baisse de la fr\u00e9quentation qui en 2024 a touch\u00e9 toutes les enseignes du fait de l\u2019inflation. En 2025, plus de <strong>40\u00a0% des foyers fran\u00e7ais<\/strong> ont achet\u00e9 au moins un produit en vrac, un chiffre en hausse de 3,2\u00a0% par rapport \u00e0 l\u2019ann\u00e9e pr\u00e9c\u00e9dente, plus de 70\u00a0% de ces achats \u00e9tant r\u00e9alis\u00e9s dans des <strong>enseignes sp\u00e9cialis\u00e9es<\/strong>.<\/p>\n<p>De quoi conforter les cr\u00e9ateurs du Drive tout nu dans leur d\u00e9marche. \u00ab\u00a0L\u2019ouverture de ce premier Super tout nu dans la r\u00e9gion va permettre aux Rennais de d\u00e9couvrir la diversit\u00e9 de nos produits et de se rendre compte de la praticit\u00e9 d\u2019usage de la consigne, que nous mettons \u00e0 disposition par cette nouvelle g\u00e9n\u00e9ration de supermarch\u00e9s\u00a0\u00bb, pr\u00e9cise Salom\u00e9 G\u00e9raud.<\/p>\n<p>Six ouvertures pr\u00e9vues en 2026<\/p>\n<p>L\u2019enseigne a b\u00e2ti son succ\u00e8s sur le <strong>concept de drive<\/strong> qui permet aux consommateurs, apr\u00e8s avoir pass\u00e9 leurs commandes en ligne, de r\u00e9cup\u00e9rer leurs courses dans des points de collecte. Elle en compte aujourd\u2019hui <strong>une vingtaine<\/strong> autour de <strong>Toulouse, Bordeaux et Lille<\/strong>. Mais depuis un an, le couple d\u2019entrepreneurs est pass\u00e9 \u00e0 la vitesse sup\u00e9rieure en lan\u00e7ant en banlieue toulousaine le <strong>premier \u00ab\u00a0supermarch\u00e9\u00a0\u00bb sans emballages<\/strong>.<\/p>\n<p>\t\t\u00c0 lire aussi<\/p>\n<p>\t<a href=\"https:\/\/gazette-du-midi.fr\/au-sommaire\/entreprises\/l-enseigne-du-drive-tout-nu-ouvre-a-toulouse-le-premier-supermarche-zero-dechet\" target=\"_blank\" rel=\"noopener\">L\u2019enseigne du Drive tout nu ouvre \u00e0 Toulouse le premier supermarch\u00e9 z\u00e9ro d\u00e9chet de France<\/a><\/p>\n<p>Gr\u00e2ce \u00e0 la lev\u00e9e de fonds r\u00e9alis\u00e9e au d\u00e9but de l\u2019\u00e9t\u00e9, l\u2019enseigne a la volont\u00e9 d\u2019ouvrir <strong>25 nouveaux drives et supermarch\u00e9s<\/strong> dans plusieurs r\u00e9gions de France (Occitanie, Nouvelle Aquitaine, Pays de la Loire, Bretagne, Hauts-de-France et Auvergne-Rh\u00f4ne Alpes) et ce, d\u2019ici \u00e0 <strong>2027<\/strong>. Forte de 60 collaborateurs et d\u2019un chiffre d\u2019affaires attendu de <strong>4,6 M\u20ac en 2025<\/strong> (versus 3,1 M\u20ac en 2024), l\u2019entreprise pr\u00e9voit <strong>six autres ouvertures en 2026<\/strong>.<\/p>\n<p>En parall\u00e8le, comme \u00e0 Toulouse, Bordeaux et Lille, l\u2019entreprise pr\u00e9voit de d\u00e9velopper autour de Rennes son <strong>r\u00e9seau de drives et de points de collectes<\/strong> \u00ab\u00a0o\u00f9 les clients pourront r\u00e9cup\u00e9rer leurs commandes, sous le format qui leur conviendra le mieux\u00a0\u00bb, conclut la cofondatrice.<\/p>\n","protected":false},"excerpt":{"rendered":"Entreprises Distribution. Apr\u00e8s une lev\u00e9e de fonds r\u00e9ussie de 7 M\u20ac en juin, Le Drive tout nu passe&hellip;\n","protected":false},"author":2,"featured_media":564745,"comment_status":"","ping_status":"","sticky":false,"template":"","format":"standard","meta":{"footnotes":""},"categories":[2815],"tags":[1111,11,1777,674,1011,27,811,1307,12,25],"class_list":{"0":"post-564744","1":"post","2":"type-post","3":"status-publish","4":"format-standard","5":"has-post-thumbnail","7":"category-lille","8":"tag-actu","9":"tag-actualites","10":"tag-eu","11":"tag-europe","12":"tag-fr","13":"tag-france","14":"tag-hauts-de-france","15":"tag-lille","16":"tag-news","17":"tag-republique-francaise"},"share_on_mastodon":{"url":"https:\/\/pubeurope.com\/@fr\/115628071749582852","error":""},"_links":{"self":[{"href":"https:\/\/www.europesays.com\/fr\/wp-json\/wp\/v2\/posts\/564744","targetHints":{"allow":["GET"]}}],"collection":[{"href":"https:\/\/www.europesays.com\/fr\/wp-json\/wp\/v2\/posts"}],"about":[{"href":"https:\/\/www.europesays.com\/fr\/wp-json\/wp\/v2\/types\/post"}],"author":[{"embeddable":true,"href":"https:\/\/www.europesays.com\/fr\/wp-json\/wp\/v2\/users\/2"}],"replies":[{"embeddable":true,"href":"https:\/\/www.europesays.com\/fr\/wp-json\/wp\/v2\/comments?post=564744"}],"version-history":[{"count":0,"href":"https:\/\/www.europesays.com\/fr\/wp-json\/wp\/v2\/posts\/564744\/revisions"}],"wp:featuredmedia":[{"embeddable":true,"href":"https:\/\/www.europesays.com\/fr\/wp-json\/wp\/v2\/media\/564745"}],"wp:attachment":[{"href":"https:\/\/www.europesays.com\/fr\/wp-json\/wp\/v2\/media?parent=564744"}],"wp:term":[{"taxonomy":"category","embeddable":true,"href":"https:\/\/www.europesays.com\/fr\/wp-json\/wp\/v2\/categories?post=564744"},{"taxonomy":"post_tag","embeddable":true,"href":"https:\/\/www.europesays.com\/fr\/wp-json\/wp\/v2\/tags?post=564744"}],"curies":[{"name":"wp","href":"https:\/\/api.w.org\/{rel}","templated":true}]}}