{"id":564753,"date":"2025-11-28T15:43:13","date_gmt":"2025-11-28T15:43:13","guid":{"rendered":"https:\/\/www.europesays.com\/fr\/564753\/"},"modified":"2025-11-28T15:43:13","modified_gmt":"2025-11-28T15:43:13","slug":"le-tirage-des-32es-de-finale-ligue-de-paris-ile-de-france","status":"publish","type":"post","link":"https:\/\/www.europesays.com\/fr\/564753\/","title":{"rendered":"LE TIRAGE DES 32ES DE FINALE \u2013 LIGUE DE PARIS ILE-DE-FRANCE"},"content":{"rendered":"<p>                    <img width=\"611\" height=\"378\" src=\"https:\/\/www.europesays.com\/fr\/wp-content\/uploads\/2025\/11\/DSC_0129-611x378.jpg\" class=\"vignette-large wp-post-image\" alt=\"\" decoding=\"async\" fetchpriority=\"high\"  \/>                    <\/p>\n<p>\n                        COUPE NIKE F\u00c9MININE U18 : LE TIRAGE DES 32ES DE FINALE\n                    <\/p>\n<p style=\"text-align: justify;\">Le tirage des 32\u00e8mes de finale de la Coupe Nike F\u00e9minine U18 a eu lieu hier au si\u00e8ge de la FFF.<\/p>\n<p style=\"text-align: justify;\"><strong>Huit \u00e9quipes d\u2019\u00cele-de-France<\/strong> sont encore en lice dans cette comp\u00e9tition, deux s\u2019affronteront en 32\u00e8me de finale : Paris So Coeur et le FC Rueil-Malmaison. Les rencontres auront lieu le dimanche 14 d\u00e9cembre.<\/p>\n<p><strong>Le tirage des \u00e9quipes franciliennes<\/strong> :<\/p>\n<p style=\"text-align: justify;\">USL Dunkerque \u2013 Paris FC<br \/>VGA Saint-Maur FF \u2013 AJ Auxerre<br \/>US Torcy PVM \u2013 RC Lens<br \/>Stade Rennais \u2013 FC Fleury 91<br \/>AAS Sarcelles \u2013 Quevilly RM<br \/>AG Caen Football \u2013 Paris Saint-Germain<br \/>Paris So Coeur \u2013 Rueil-Malmaison FC<\/p>\n<p>&gt; <a href=\"https:\/\/www.fff.fr\/article\/15844-le-tirage-integral-des-32es-de-finale.html\" target=\"_blank\" rel=\"noopener\">Le tirage int\u00e9gral<\/a><\/p>\n<p>Par<br \/>\n                     Florent<br \/>\n                     PIASECKI\n                <\/p>\n","protected":false},"excerpt":{"rendered":"COUPE NIKE F\u00c9MININE U18 : LE TIRAGE DES 32ES DE FINALE Le tirage des 32\u00e8mes de finale de&hellip;\n","protected":false},"author":2,"featured_media":564754,"comment_status":"","ping_status":"","sticky":false,"template":"","format":"standard","meta":{"footnotes":""},"categories":[1592],"tags":[1111,11,1777,674,1011,27,662,12,626,25],"class_list":{"0":"post-564753","1":"post","2":"type-post","3":"status-publish","4":"format-standard","5":"has-post-thumbnail","7":"category-ile-de-france","8":"tag-actu","9":"tag-actualites","10":"tag-eu","11":"tag-europe","12":"tag-fr","13":"tag-france","14":"tag-ile-de-france","15":"tag-news","16":"tag-paris","17":"tag-republique-francaise"},"share_on_mastodon":{"url":"https:\/\/pubeurope.com\/@fr\/115628096033251383","error":""},"_links":{"self":[{"href":"https:\/\/www.europesays.com\/fr\/wp-json\/wp\/v2\/posts\/564753","targetHints":{"allow":["GET"]}}],"collection":[{"href":"https:\/\/www.europesays.com\/fr\/wp-json\/wp\/v2\/posts"}],"about":[{"href":"https:\/\/www.europesays.com\/fr\/wp-json\/wp\/v2\/types\/post"}],"author":[{"embeddable":true,"href":"https:\/\/www.europesays.com\/fr\/wp-json\/wp\/v2\/users\/2"}],"replies":[{"embeddable":true,"href":"https:\/\/www.europesays.com\/fr\/wp-json\/wp\/v2\/comments?post=564753"}],"version-history":[{"count":0,"href":"https:\/\/www.europesays.com\/fr\/wp-json\/wp\/v2\/posts\/564753\/revisions"}],"wp:featuredmedia":[{"embeddable":true,"href":"https:\/\/www.europesays.com\/fr\/wp-json\/wp\/v2\/media\/564754"}],"wp:attachment":[{"href":"https:\/\/www.europesays.com\/fr\/wp-json\/wp\/v2\/media?parent=564753"}],"wp:term":[{"taxonomy":"category","embeddable":true,"href":"https:\/\/www.europesays.com\/fr\/wp-json\/wp\/v2\/categories?post=564753"},{"taxonomy":"post_tag","embeddable":true,"href":"https:\/\/www.europesays.com\/fr\/wp-json\/wp\/v2\/tags?post=564753"}],"curies":[{"name":"wp","href":"https:\/\/api.w.org\/{rel}","templated":true}]}}