{"id":564755,"date":"2025-11-28T15:44:11","date_gmt":"2025-11-28T15:44:11","guid":{"rendered":"https:\/\/www.europesays.com\/fr\/564755\/"},"modified":"2025-11-28T15:44:11","modified_gmt":"2025-11-28T15:44:11","slug":"le-quatrieme-membre-presume-du-commando-mis-en-examen","status":"publish","type":"post","link":"https:\/\/www.europesays.com\/fr\/564755\/","title":{"rendered":"le quatri\u00e8me membre pr\u00e9sum\u00e9 du commando mis en examen"},"content":{"rendered":"<p>                    Par<br \/>\n        <strong><br \/>\n            <a href=\"https:\/\/actu.fr\/auteur\/antoine-blanchet\" title=\"Consulter tous les articles de Antoine Blanchet\" target=\"_blank\" rel=\"noopener\">Antoine Blanchet<\/a><br \/>\n                    <\/strong><\/p>\n<p>        Publi\u00e9 le<\/p>\n<p>            28 nov. 2025 \u00e0 15h59        <\/p>\n<p>Le commando complet bient\u00f4t derri\u00e8re les barreaux\u2009? Ce vendredi 28\u00a0novembre 2025, un homme de 39\u00a0ans a \u00e9t\u00e9 mis en examen, suspect\u00e9 d\u2019avoir particip\u00e9<strong> au <a href=\"https:\/\/actu.fr\/histoire-patrimoine\/bijoux-tableaux-quels-sont-ces-chefs-d-oeuvre-de-l-histoire-voles-et-jamais-retrouves_63322417.html\" target=\"_blank\" rel=\"noopener\">vol rocambolesque<\/a> commis au <a href=\"https:\/\/actu.fr\/tag\/musee-du-louvre\" target=\"_blank\" rel=\"noopener\">mus\u00e9e du Louvre<\/a><\/strong> en octobre dernier, nous indique le parquet de <a href=\"https:\/\/actu.fr\/paris\/\" target=\"_blank\" rel=\"noopener\">Paris<\/a>. Son placement en <strong>d\u00e9tention provisoire<\/strong> a \u00e9t\u00e9 requis.<\/p>\n<p>Un casier charg\u00e9<\/p>\n<p class=\" wall-content\">Originaire de Seine-Saint-Denis, l\u2019individu, <a href=\"https:\/\/actu.fr\/ile-de-france\/paris_75056\/casse-du-siecle-au-musee-du-louvre-nouveau-coup-de-filet-quatre-personnes-interpellees_63485190.html\" target=\"_blank\" rel=\"noopener\">interpell\u00e9 mardi<\/a>, est tr\u00e8s d\u00e9favorablement connu de la justice. Son casier compte des mentions vari\u00e9es, allant du prox\u00e9n\u00e9tisme \u00e0 la conduite sans permis. Dans l\u2019affaire du Louvre, il est poursuivi pour vol en bande organis\u00e9e et association de malfaiteurs en vue de la pr\u00e9paration d\u2019un crime. Il encourt<strong> jusqu\u2019\u00e0 15\u00a0ans de r\u00e9clusion criminelle.<\/strong><\/p>\n<p>Quatre personnes d\u00e9j\u00e0 incarc\u00e9r\u00e9es<\/p>\n<p class=\" wall-content\">Depuis la commission de ce larcin \u00e0 plusieurs o\u00f9 quatre hommes ont d\u00e9rob\u00e9 des bijoux inestimables dans la galerie Apollon, les coups de filet se sont encha\u00een\u00e9s. L\u2019enqu\u00eate, men\u00e9e par la <a href=\"https:\/\/actu.fr\/ile-de-france\/paris_75056\/braquages-home-jackings-dans-les-coulisses-de-la-mythique-brigade-de-repression-du-banditisme-de-paris_62212063.html\" target=\"_blank\" rel=\"noopener\"><strong>brigade de r\u00e9pression du banditisme<\/strong><\/a> de la PJ parisienne et <strong>l\u2019Office central de lutte contre le trafic de biens culturels<\/strong>, quatre personnes ont \u00e9t\u00e9 interpell\u00e9es et plac\u00e9es en d\u00e9tention provisoire. Parmi elles, trois hommes qui auraient fait partie de l\u2019exp\u00e9dition.<\/p>\n<p class=\" wall-content\">Pour l\u2019heure, les bijoux n\u2019ont pas \u00e9t\u00e9 retrouv\u00e9s. Le commanditaire pr\u00e9sum\u00e9 est quant \u00e0 lui toujours dans la nature.<\/p>\n<p class=\" wall-content\">Personnalisez votre actualit\u00e9 en ajoutant vos villes et m\u00e9dias en favori avec <a href=\"https:\/\/moncompte.actu.fr\" title=\"D\u00e9couvez Mon Actu\" rel=\"nofollow noopener\" data-trk=\"{&quot;cta&quot;:{&quot;action&quot;:&quot;https:\\\/\\\/moncompte.actu.fr&quot;,&quot;category&quot;:&quot;mon compte&quot;,&quot;from&quot;:&quot;article footer&quot;,&quot;name&quot;:&quot;Mon actu&quot;,&quot;type&quot;:&quot;cta&quot;}}\" target=\"_blank\">Mon Actu<\/a>.<\/p>\n","protected":false},"excerpt":{"rendered":"Par Antoine Blanchet Publi\u00e9 le 28 nov. 2025 \u00e0 15h59 Le commando complet bient\u00f4t derri\u00e8re les barreaux\u2009? Ce&hellip;\n","protected":false},"author":2,"featured_media":564756,"comment_status":"","ping_status":"","sticky":false,"template":"","format":"standard","meta":{"footnotes":""},"categories":[1888],"tags":[1111,1928,11,1927,1174,1777,674,118,1011,27,3094,12,1926,626,1925,25],"class_list":{"0":"post-564755","1":"post","2":"type-post","3":"status-publish","4":"format-standard","5":"has-post-thumbnail","7":"category-paris","8":"tag-actu","9":"tag-actu-paris","10":"tag-actualites","11":"tag-actualites-paris","12":"tag-cambriolage","13":"tag-eu","14":"tag-europe","15":"tag-faits-divers","16":"tag-fr","17":"tag-france","18":"tag-musee-du-louvre","19":"tag-news","20":"tag-news-paris","21":"tag-paris","22":"tag-paris-news","23":"tag-republique-francaise"},"share_on_mastodon":{"url":"https:\/\/pubeurope.com\/@fr\/115628098647610601","error":""},"_links":{"self":[{"href":"https:\/\/www.europesays.com\/fr\/wp-json\/wp\/v2\/posts\/564755","targetHints":{"allow":["GET"]}}],"collection":[{"href":"https:\/\/www.europesays.com\/fr\/wp-json\/wp\/v2\/posts"}],"about":[{"href":"https:\/\/www.europesays.com\/fr\/wp-json\/wp\/v2\/types\/post"}],"author":[{"embeddable":true,"href":"https:\/\/www.europesays.com\/fr\/wp-json\/wp\/v2\/users\/2"}],"replies":[{"embeddable":true,"href":"https:\/\/www.europesays.com\/fr\/wp-json\/wp\/v2\/comments?post=564755"}],"version-history":[{"count":0,"href":"https:\/\/www.europesays.com\/fr\/wp-json\/wp\/v2\/posts\/564755\/revisions"}],"wp:featuredmedia":[{"embeddable":true,"href":"https:\/\/www.europesays.com\/fr\/wp-json\/wp\/v2\/media\/564756"}],"wp:attachment":[{"href":"https:\/\/www.europesays.com\/fr\/wp-json\/wp\/v2\/media?parent=564755"}],"wp:term":[{"taxonomy":"category","embeddable":true,"href":"https:\/\/www.europesays.com\/fr\/wp-json\/wp\/v2\/categories?post=564755"},{"taxonomy":"post_tag","embeddable":true,"href":"https:\/\/www.europesays.com\/fr\/wp-json\/wp\/v2\/tags?post=564755"}],"curies":[{"name":"wp","href":"https:\/\/api.w.org\/{rel}","templated":true}]}}