{"id":564757,"date":"2025-11-28T15:45:25","date_gmt":"2025-11-28T15:45:25","guid":{"rendered":"https:\/\/www.europesays.com\/fr\/564757\/"},"modified":"2025-11-28T15:45:25","modified_gmt":"2025-11-28T15:45:25","slug":"sorties-a-paris-les-spectacles-de-theatre-a-ne-pas-manquer-ce-week-end-du-28-au-30-novembre-2025","status":"publish","type":"post","link":"https:\/\/www.europesays.com\/fr\/564757\/","title":{"rendered":"Sorties \u00e0 Paris : Les spectacles de th\u00e9\u00e2tre \u00e0 ne pas manquer ce week-end du 28 au 30 novembre 2025 !"},"content":{"rendered":"<p class=\"mb-4 text-lg md:leading-8 break-words\"><strong>id\u00e9es de sorties &#8211; La sc\u00e8ne parisienne vous attend\u00a0! Du 28 au 30\u00a0novembre 2025, d\u00e9couvrez notre s\u00e9lection de pi\u00e8ces \u00e0 voir ce week-end pour une sortie culturelle r\u00e9ussie, sans vous ruiner.<\/strong><\/p>\n<p class=\"mb-4 text-lg md:leading-8 break-words\">Envie de rire, de frissonner ou de vous \u00e9vader le temps d\u2019une pi\u00e8ce de th\u00e9\u00e2tre\u00a0? Ce week-end, cap sur les sc\u00e8nes parisiennes avec notre s\u00e9lection de sorties \u00e0 petit prix. Gr\u00e2ce \u00e0 <a href=\"https:\/\/www.ticketnunc.com\/?utm_source=20_minutes&amp;utm_medium=articles&amp;utm_campaign=article_20_minutes&amp;at_medium=RSS%20feed&amp;at_campaign=ynews&amp;utm_source=yahoo&amp;utm_medium=rss&amp;utm_campaign=news_feed&amp;utm_content=in_article_link\" rel=\"nofollow noopener\" target=\"_blank\" data-ylk=\"slk:TicketNunc;elm:context_link;itc:0;sec:content-canvas\" class=\"link \">TicketNunc<\/a>, profitez d\u2019offres de derni\u00e8re minute, disponibles entre 24 et 72 heures avant la repr\u00e9sentation.<\/p>\n<p class=\"mb-4 text-lg md:leading-8 break-words\">Ne manquez pas l\u2019occasion de d\u00e9couvrir Paris autrement, entre \u00e9motions, rires et belles d\u00e9couvertes artistiques. Voici notre s\u00e9lection de pi\u00e8ces \u00e0 ne pas manquer ce week-end, du 28 au 30\u00a0novembre 2025\u00a0:<\/p>\n<p>KING KONG TH\u00c9ORIE<img alt=\"[object Object]\" loading=\"lazy\" width=\"500\" height=\"333\" decoding=\"async\" data-nimg=\"1\" class=\"rounded-lg\" style=\"color:transparent\" src=\"https:\/\/www.europesays.com\/fr\/wp-content\/uploads\/2025\/11\/e2e6297f92327f58affcf7b9748336e2.jpeg\"\/><\/p>\n<p>[object Object]<\/p>\n<p class=\"mb-4 text-lg md:leading-8 break-words\">\u00c0 sa sortie en\u00a02006, King Kong Th\u00e9orie s\u2019impose comme un texte choc. Virginie Despentes y interroge frontalement la condition des femmes et des hommes, et l\u2019h\u00e9ritage de la r\u00e9volution sexuelle. Dans la mise en sc\u00e8ne percutante de Vanessa Larr\u00e9, trois com\u00e9diennes et un musicien donnent vie \u00e0 ce manifeste toujours br\u00fblant d\u2019actualit\u00e9. Sans col\u00e8re mais avec une pr\u00e9cision tranchante, le texte devient un plaidoyer vif et lumineux pour un f\u00e9minisme renouvel\u00e9.<\/p>\n<ul class=\"mb-4\">\n<li class=\"ml-4 list-disc\">\n<p class=\"mb-4 text-lg md:leading-8 break-words\">Silvia Monfort, 106 Rue Brancion, 75015 Paris<\/p>\n<\/li>\n<\/ul>\n<p><a href=\"https:\/\/www.ticketnunc.com\/spectacles\/king-kong-theorie-silvia-monfort?utm_source=20_minutes&amp;utm_medium=articles&amp;utm_campaign=article_20_minutes\" rel=\"nofollow noopener\" target=\"_blank\" data-ylk=\"slk:Voir la pi\u00e8ce;elm:context_link;itc:0;sec:content-canvas\" class=\"link \">Voir la pi\u00e8ce<\/a>S.H.A.K.E.S.P.E.A.R.E.<img alt=\"[object Object]\" loading=\"lazy\" width=\"500\" height=\"705\" decoding=\"async\" data-nimg=\"1\" class=\"rounded-lg\" style=\"color:transparent\" src=\"https:\/\/www.europesays.com\/fr\/wp-content\/uploads\/2025\/11\/65497b4317d2d06eded1b4cc91ab2c1e.jpeg\"\/><\/p>\n<p>[object Object]<\/p>\n<p class=\"mb-4 text-lg md:leading-8 break-words\">G\u00e9nie ou imposteur\u00a0? Aventurier, mari douteux, chef de troupe discret\u2026 Shakespeare reste un myst\u00e8re. Ses mots cultes \u2013 \u00ab\u00a0\u00catre ou ne pas \u00eatre\u00a0\u00bb, \u00ab\u00a0Mon royaume pour un cheval\u00a0\u00bb \u2013 traversent les si\u00e8cles pendant que ceux qui l\u2019ont c\u00f4toy\u00e9 racontent \u00ab\u00a0le divin barde\u00a0\u00bb. Sur sc\u00e8ne, trois com\u00e9diennes et un musicien plongent dans son univers pour imaginer l\u2019homme derri\u00e8re la l\u00e9gende. Un voyage th\u00e9\u00e2tral joueur et vibrant, guid\u00e9 par un seul but\u00a0: vous emporter.<\/p>\n<p class=\"mb-4 text-lg md:leading-8 break-words\">Rane(&#8230;)<\/p>\n<p class=\"mb-4 text-lg md:leading-8 break-words\"><a href=\"https:\/\/www.20minutes.fr\/arts-stars\/loisirs\/4188583-20251128-sorties-paris-spectacles-theatre-manquer-week-end-28-30-novembre-2025?at_medium=RSS%20feed&amp;at_campaign=ynews&amp;utm_source=yahoo&amp;utm_medium=rss&amp;utm_campaign=news_feed&amp;utm_content=read_more_link&quot;\" rel=\"nofollow noopener\" target=\"_blank\" data-ylk=\"slk:Lire la suite sur 20minutes;elm:context_link;itc:0;sec:content-canvas\" class=\"link \">Lire la suite sur 20minutes<\/a><\/p>\n<p>\u00c0 lire aussi :<br \/><a href=\"https:\/\/www.20minutes.fr\/arts-stars\/television\/4187864-20251128-offrir-emotion-bonheur-gens-intemporel-isabelle-ithurburu-relance-stars-domicile-tf1?at_medium=RSS%20feed&amp;at_campaign=ynews&amp;utm_source=yahoo&amp;utm_medium=rss&amp;utm_campaign=news_feed&amp;utm_content=related_content_link\" rel=\"nofollow noopener\" target=\"_blank\" data-ylk=\"slk:\u00ab\u00a0Offrir de l\u2019\u00e9motion et du bonheur aux gens, c\u2019est intemporel\u00a0\u00bb\u2026 Isabelle Ithurburu\u00a0relance Stars \u00e0 domicile\u00a0sur TF1;elm:context_link;itc:0;sec:content-canvas\" class=\"link \">\u00ab\u00a0Offrir de l\u2019\u00e9motion et du bonheur aux gens, c\u2019est intemporel\u00a0\u00bb\u2026 Isabelle Ithurburu\u00a0relance Stars \u00e0 domicile\u00a0sur TF1<\/a><br \/><a href=\"https:\/\/www.20minutes.fr\/arts-stars\/insolite\/4188391-20251127-defile-insolite-new-york-mannequins-portaient-vetements-concus-uniquement-laine-moutons-gays?at_medium=RSS%20feed&amp;at_campaign=ynews&amp;utm_source=yahoo&amp;utm_medium=rss&amp;utm_campaign=news_feed&amp;utm_content=related_content_link\" rel=\"nofollow noopener\" target=\"_blank\" data-ylk=\"slk:Les mannequins de ce d\u00e9fil\u00e9 portaient des v\u00eatements con\u00e7us uniquement avec de la laine de moutons homosexuels;elm:context_link;itc:0;sec:content-canvas\" class=\"link \">Les mannequins de ce d\u00e9fil\u00e9 portaient des v\u00eatements con\u00e7us uniquement avec de la laine de moutons homosexuels<\/a><\/p>\n","protected":false},"excerpt":{"rendered":"id\u00e9es de sorties &#8211; La sc\u00e8ne parisienne vous attend\u00a0! Du 28 au 30\u00a0novembre 2025, d\u00e9couvrez notre s\u00e9lection de&hellip;\n","protected":false},"author":2,"featured_media":564758,"comment_status":"","ping_status":"","sticky":false,"template":"","format":"standard","meta":{"footnotes":""},"categories":[1888],"tags":[1111,1928,11,1927,68064,1777,674,1011,27,26316,12,1926,24649,626,1925,30016,25,68063],"class_list":{"0":"post-564757","1":"post","2":"type-post","3":"status-publish","4":"format-standard","5":"has-post-thumbnail","7":"category-paris","8":"tag-actu","9":"tag-actu-paris","10":"tag-actualites","11":"tag-actualites-paris","12":"tag-etre-ou-ne-pas-etre","13":"tag-eu","14":"tag-europe","15":"tag-fr","16":"tag-france","17":"tag-idees-de-sorties","18":"tag-news","19":"tag-news-paris","20":"tag-novembre","21":"tag-paris","22":"tag-paris-news","23":"tag-piece-de-theatre","24":"tag-republique-francaise","25":"tag-virginie-despentes"},"share_on_mastodon":{"url":"https:\/\/pubeurope.com\/@fr\/115628103430398123","error":""},"_links":{"self":[{"href":"https:\/\/www.europesays.com\/fr\/wp-json\/wp\/v2\/posts\/564757","targetHints":{"allow":["GET"]}}],"collection":[{"href":"https:\/\/www.europesays.com\/fr\/wp-json\/wp\/v2\/posts"}],"about":[{"href":"https:\/\/www.europesays.com\/fr\/wp-json\/wp\/v2\/types\/post"}],"author":[{"embeddable":true,"href":"https:\/\/www.europesays.com\/fr\/wp-json\/wp\/v2\/users\/2"}],"replies":[{"embeddable":true,"href":"https:\/\/www.europesays.com\/fr\/wp-json\/wp\/v2\/comments?post=564757"}],"version-history":[{"count":0,"href":"https:\/\/www.europesays.com\/fr\/wp-json\/wp\/v2\/posts\/564757\/revisions"}],"wp:featuredmedia":[{"embeddable":true,"href":"https:\/\/www.europesays.com\/fr\/wp-json\/wp\/v2\/media\/564758"}],"wp:attachment":[{"href":"https:\/\/www.europesays.com\/fr\/wp-json\/wp\/v2\/media?parent=564757"}],"wp:term":[{"taxonomy":"category","embeddable":true,"href":"https:\/\/www.europesays.com\/fr\/wp-json\/wp\/v2\/categories?post=564757"},{"taxonomy":"post_tag","embeddable":true,"href":"https:\/\/www.europesays.com\/fr\/wp-json\/wp\/v2\/tags?post=564757"}],"curies":[{"name":"wp","href":"https:\/\/api.w.org\/{rel}","templated":true}]}}