{"id":564759,"date":"2025-11-28T15:46:13","date_gmt":"2025-11-28T15:46:13","guid":{"rendered":"https:\/\/www.europesays.com\/fr\/564759\/"},"modified":"2025-11-28T15:46:13","modified_gmt":"2025-11-28T15:46:13","slug":"ikks-le-tribunal-des-activites-economiques-renvoie-son-delibere-au-12-decembre","status":"publish","type":"post","link":"https:\/\/www.europesays.com\/fr\/564759\/","title":{"rendered":"IKKS: le tribunal des activit\u00e9s \u00e9conomiques renvoie son d\u00e9lib\u00e9r\u00e9 au 12 d\u00e9cembre"},"content":{"rendered":"<p>\n                                    <b>Publi\u00e9 le<\/b><br \/>\n                                    <\/p>\n<p>                                        28 novembre 2025<\/p>\n<p class=\"article-content col-md-8 offset-md-1\">\n                                Les salari\u00e9s d&rsquo;<a class=\"fnwAddLinks\" href=\"https:\/\/ma.fashionnetwork.com\/tags-ikks\" title=\"IKKS\" target=\"_blank\" rel=\"noopener\">IKKS<\/a> devront attendre jusqu&rsquo;au 12 d\u00e9cembre pour conna\u00eetre la d\u00e9cision du tribunal des activit\u00e9s \u00e9conomiques de Paris quant \u00e0 l&rsquo;avenir de l&rsquo;enseigne premium fran\u00e7aise selon une source syndicale \u00e0 l&rsquo;issue de l&rsquo;audience de 28 novembre.\u00a0<\/p>\n<p><img decoding=\"async\" class=\"news-image\" style=\"width:100%;\" src=\"https:\/\/www.europesays.com\/fr\/wp-content\/uploads\/2025\/11\/cab0.jpg\" alt=\"\" loading=\"lazy\"\/><\/p>\n<p class=\"col-md-8 offset-md-1 article-content--texte\">La soci\u00e9t\u00e9, qui fin 2024 comptait 550 points de vente dans neuf pays, dont 230 affili\u00e9s, et environ 1.300 salari\u00e9s, a \u00e9t\u00e9 plac\u00e9e en redressement judiciaire d\u00e9but octobre, alors que ses principaux propri\u00e9taires, les groupes am\u00e9ricains Avenue Capital, CarVal Investors et Marathon Asset Management, souhaitaient c\u00e9der la soci\u00e9t\u00e9 depuis plusieurs mois.<\/p>\n<p><a href=\"https:\/\/fr.fashionnetwork.com\/news\/Ikks-les-noms-du-retail-francais-sur-les-rangs-pour-reprendre-la-marque,1781316.html\" target=\"_blank\" rel=\"noopener\">Une dizaine d&rsquo;offres de reprise avaient initialement \u00e9t\u00e9 formul\u00e9e<\/a>s, notamment par des acteurs fran\u00e7ais du retail qui ont pr\u00e9sent\u00e9 des propositions de reprises partielles des actifs, des stocks, du r\u00e9seau et des salari\u00e9s. Des offres qui ont \u00e9t\u00e9 affin\u00e9es et pr\u00e9sent\u00e9es aux repr\u00e9sentants des salari\u00e9s ces derniers jours.<\/p>\n<p class=\"col-md-8 offset-md-1 article-content--texte\">Le tribunal des activit\u00e9s \u00e9conomiques a donc fix\u00e9 ce 28 novembre la date de rendu de son d\u00e9lib\u00e9r\u00e9 au 12 d\u00e9cembre.\n                            <\/p>\n<p>\n                                Tous droits de reproduction et de repr\u00e9sentation r\u00e9serv\u00e9s.<br \/>\u00a9 2025 FashionNetwork.com\n                            <\/p>\n","protected":false},"excerpt":{"rendered":"Publi\u00e9 le 28 novembre 2025 Les salari\u00e9s d&rsquo;IKKS devront attendre jusqu&rsquo;au 12 d\u00e9cembre pour conna\u00eetre la d\u00e9cision du&hellip;\n","protected":false},"author":2,"featured_media":564760,"comment_status":"","ping_status":"","sticky":false,"template":"","format":"standard","meta":{"footnotes":""},"categories":[1888],"tags":[11,2424,537,2423,1777,674,1011,27,56818,2425,985,12,2298,626,2426,2427,25,2421,2422],"class_list":{"0":"post-564759","1":"post","2":"type-post","3":"status-publish","4":"format-standard","5":"has-post-thumbnail","7":"category-paris","8":"tag-actualites","9":"tag-beaute","10":"tag-contact","11":"tag-cosmetiques","12":"tag-eu","13":"tag-europe","14":"tag-fr","15":"tag-france","16":"tag-ikks","17":"tag-luxe","18":"tag-mode","19":"tag-news","20":"tag-parfum","21":"tag-paris","22":"tag-professionnel","23":"tag-professionnels","24":"tag-republique-francaise","25":"tag-reseau","26":"tag-textile"},"share_on_mastodon":{"url":"https:\/\/pubeurope.com\/@fr\/115628106532842409","error":""},"_links":{"self":[{"href":"https:\/\/www.europesays.com\/fr\/wp-json\/wp\/v2\/posts\/564759","targetHints":{"allow":["GET"]}}],"collection":[{"href":"https:\/\/www.europesays.com\/fr\/wp-json\/wp\/v2\/posts"}],"about":[{"href":"https:\/\/www.europesays.com\/fr\/wp-json\/wp\/v2\/types\/post"}],"author":[{"embeddable":true,"href":"https:\/\/www.europesays.com\/fr\/wp-json\/wp\/v2\/users\/2"}],"replies":[{"embeddable":true,"href":"https:\/\/www.europesays.com\/fr\/wp-json\/wp\/v2\/comments?post=564759"}],"version-history":[{"count":0,"href":"https:\/\/www.europesays.com\/fr\/wp-json\/wp\/v2\/posts\/564759\/revisions"}],"wp:featuredmedia":[{"embeddable":true,"href":"https:\/\/www.europesays.com\/fr\/wp-json\/wp\/v2\/media\/564760"}],"wp:attachment":[{"href":"https:\/\/www.europesays.com\/fr\/wp-json\/wp\/v2\/media?parent=564759"}],"wp:term":[{"taxonomy":"category","embeddable":true,"href":"https:\/\/www.europesays.com\/fr\/wp-json\/wp\/v2\/categories?post=564759"},{"taxonomy":"post_tag","embeddable":true,"href":"https:\/\/www.europesays.com\/fr\/wp-json\/wp\/v2\/tags?post=564759"}],"curies":[{"name":"wp","href":"https:\/\/api.w.org\/{rel}","templated":true}]}}