{"id":564771,"date":"2025-11-28T15:52:13","date_gmt":"2025-11-28T15:52:13","guid":{"rendered":"https:\/\/www.europesays.com\/fr\/564771\/"},"modified":"2025-11-28T15:52:13","modified_gmt":"2025-11-28T15:52:13","slug":"indicateur-du-jour-linflation-france-et-allemagne-de-novembre-28-11","status":"publish","type":"post","link":"https:\/\/www.europesays.com\/fr\/564771\/","title":{"rendered":"Indicateur du jour, l&rsquo;inflation France et Allemagne de novembre \u2013 28\/11"},"content":{"rendered":"<p>Ce vendredi 28 novembre, Hugo Voillaume, co-g\u00e9rant analyste financier chez Gay-Lussac Gestion, \u00e9tait l&rsquo;invit\u00e9 de l&rsquo;\u00e9mission BFM Bourse pr\u00e9sent\u00e9e par Guillaume Sommerer. BFM Bourse est \u00e0 voir ou \u00e9couter du lundi au vendredi sur BFM Business.<\/p>\n<p>Ce vendredi 28 novembre, Thierry Gautier, directeur g\u00e9n\u00e9ral de GSD Gestion, s&rsquo;est pench\u00e9 sur le lancement d&rsquo;un processus de cession de SMCP, le recrutement d&rsquo;une personne chez Renault par Luca de Meo, et le potentiel de Valneva, dans l&rsquo;\u00e9mission BFM Bourse pr\u00e9sent\u00e9e par Guillaume Sommerer. BFM Bourse est \u00e0 voir ou \u00e9couter du lundi au vendredi sur BFM Business.<\/p>\n<p>Ce vendredi 28 novembre, Antoine Larigaudrie, journaliste BFM Business, John Plassard, associ\u00e9, responsable de la strat\u00e9gie d&rsquo;investissement de Cit\u00e9 Gestion, Ivo Mertens, directeur des march\u00e9s et revenus chez iBanFirst, et Olivier Malteste, directeur des investissements de Altheis by Yomoni, \u00e9taient les invit\u00e9s de l&rsquo;\u00e9mission BFM Bourse pr\u00e9sent\u00e9e par Guillaume Sommerer. BFM Bourse est \u00e0 voir ou \u00e9couter du lundi au vendredi sur BFM Business.<\/p>\n<p>Ce vendredi 28 novembre, Ivo Mertens, directeur des march\u00e9s et revenus chez iBanFirst, s&rsquo;est pench\u00e9 sur le possible rebondissement du dollar en 2026 dans l&rsquo;\u00e9mission BFM Bourse pr\u00e9sent\u00e9e par Guillaume Sommerer. BFM Bourse est \u00e0 voir ou \u00e9couter du lundi au vendredi sur BFM Business.<\/p>\n<p>Ce vendredi 28 novembre, Olivier Maltese, directeur des Investissements de Alth\u00e9is by Yomoni, s&rsquo;est pench\u00e9 sur les flux globaux observ\u00e9s en novembre, l&rsquo;int\u00e9r\u00eat des investisseurs sur les ETF eau, ainsi que l&rsquo;incidence de la m\u00e9t\u00e9o et de l&rsquo;IA sur les ETF eau, dans la chronique Culture ETF pr\u00e9sent\u00e9e par Julie Cohen-Heurton. BFM Bourse est \u00e0 voir ou \u00e9couter du lundi au vendredi sur BFM Business.<\/p>\n<p>Ce vendredi 28 novembre, dans sa chronique USA Today, John Plassard, associ\u00e9, responsable de la strat\u00e9gie d\u2019investissement de Cit\u00e9 Gestion, s&rsquo;est pench\u00e9 sur la panne g\u00e9ante chez CME, la perspective d&rsquo;un septi\u00e8me mois de hausse sur le S&amp;P 500, et les 38 milliards de dollars de pr\u00eats bancaires pour OpenAI. Cette chronique est \u00e0 voir ou \u00e9couter du lundi au vendredi dans l&rsquo;\u00e9mission BFM Bourse pr\u00e9sent\u00e9e par Guillaume Sommerer sur BFM Business.<\/p>\n<p>Ce jeudi 27 novembre, Antoine Larigaudrie, journaliste BFM Business, John Plassard, associ\u00e9, responsable de la strat\u00e9gie d\u2019investissement de Cit\u00e9 Gestion, Fr\u00e9d\u00e9ric Rozier, co-responsable de la gestion de portefeuille chez Mirabaud, Joffrey Ouafqa, directeur des gestions, chez Auris Gestion, Alexandre Tixier, analyste pour le site BFM Bourse, Renaud Ramette, g\u00e9rant de portefeuilles chez Tiepolo, Julien Moussavi, \u00e9conomiste chez BSI Economics et responsable Finance Durable chez FTSE Russell, F\u00e9lix Mounier, associ\u00e9 chez Alter Equity, Romain Daubry, consultant pour Bourse Direct, Sabrina Sadgui, journaliste BFM Business, Vincent Auriac, pr\u00e9sident d&rsquo;Axylia, Benjamin Louvet, directeur des gestions mati\u00e8res premi\u00e8res chez OFI Invest AM, R\u00e9gis B\u00e9gu\u00e9, partner chez Zadig Asset Management, Fran\u00e7ois Chaulet, directeur g\u00e9n\u00e9ral de Monts\u00e9gur Finance, Arnaud Morel, directeur de la gestion sous mandat chez Promepar AM, et Matthias Desmarais, responsable de l&rsquo;activit\u00e9 actions chez Oddo BHF, \u00e9taient les invit\u00e9s de l&rsquo;\u00e9mission BFM Bourse pr\u00e9sent\u00e9e par Guillaume Sommerer. BFM Bourse est \u00e0 voir ou \u00e9couter du lundi au vendredi sur BFM Business.<\/p>\n<p>Ce jeudi 27 novembre, Arnaud Morel, directeur de la gestion sous mandat chez Promepar AM, et Matthias Desmarais, responsable de l&rsquo;activit\u00e9 actions chez Oddo BHF, ont d\u00e9brief\u00e9 la s\u00e9ance du jour, dans l&rsquo;\u00e9mission BFM Bourse pr\u00e9sent\u00e9e par Guillaume Sommerer. BFM Bourse est \u00e0 voir ou \u00e9couter du lundi au vendredi sur BFM Business<\/p>\n<p>Ce jeudi 27 novembre, R\u00e9gis B\u00e9gu\u00e9, partner chez Zadig Asset Management, Fran\u00e7ois Chaulet, directeur g\u00e9n\u00e9ral de Monts\u00e9gur Finance, Antoine Larigaudrie, journaliste BFM Business, Romain Daubry, consultant pour Bourse Direct, Arnaud Morel, directeur de la gestion sous mandat chez Promepar AM, et Matthias Desmarais, responsable de l&rsquo;activit\u00e9 actions chez Oddo BHF, \u00e9taient les invit\u00e9s de l&rsquo;\u00e9mission BFM Bourse pr\u00e9sent\u00e9e par Guillaume Sommerer. BFM Bourse est \u00e0 voir ou \u00e9couter du lundi au vendredi sur BFM Business.<\/p>\n","protected":false},"excerpt":{"rendered":"Ce vendredi 28 novembre, Hugo Voillaume, co-g\u00e9rant analyste financier chez Gay-Lussac Gestion, \u00e9tait l&rsquo;invit\u00e9 de l&rsquo;\u00e9mission BFM Bourse&hellip;\n","protected":false},"author":2,"featured_media":17731,"comment_status":"","ping_status":"","sticky":false,"template":"","format":"standard","meta":{"footnotes":""},"categories":[1587],"tags":[11,672,1804,1805,1803,1777,674,1801,12,1802],"class_list":{"0":"post-564771","1":"post","2":"type-post","3":"status-publish","4":"format-standard","5":"has-post-thumbnail","7":"category-allemagne","8":"tag-actualites","9":"tag-allemagne","10":"tag-bundesrepublik-deutschland","11":"tag-de","12":"tag-deutschland","13":"tag-eu","14":"tag-europe","15":"tag-germany","16":"tag-news","17":"tag-republique-federale-dallemagne"},"share_on_mastodon":{"url":"https:\/\/pubeurope.com\/@fr\/115628130010019494","error":""},"_links":{"self":[{"href":"https:\/\/www.europesays.com\/fr\/wp-json\/wp\/v2\/posts\/564771","targetHints":{"allow":["GET"]}}],"collection":[{"href":"https:\/\/www.europesays.com\/fr\/wp-json\/wp\/v2\/posts"}],"about":[{"href":"https:\/\/www.europesays.com\/fr\/wp-json\/wp\/v2\/types\/post"}],"author":[{"embeddable":true,"href":"https:\/\/www.europesays.com\/fr\/wp-json\/wp\/v2\/users\/2"}],"replies":[{"embeddable":true,"href":"https:\/\/www.europesays.com\/fr\/wp-json\/wp\/v2\/comments?post=564771"}],"version-history":[{"count":0,"href":"https:\/\/www.europesays.com\/fr\/wp-json\/wp\/v2\/posts\/564771\/revisions"}],"wp:featuredmedia":[{"embeddable":true,"href":"https:\/\/www.europesays.com\/fr\/wp-json\/wp\/v2\/media\/17731"}],"wp:attachment":[{"href":"https:\/\/www.europesays.com\/fr\/wp-json\/wp\/v2\/media?parent=564771"}],"wp:term":[{"taxonomy":"category","embeddable":true,"href":"https:\/\/www.europesays.com\/fr\/wp-json\/wp\/v2\/categories?post=564771"},{"taxonomy":"post_tag","embeddable":true,"href":"https:\/\/www.europesays.com\/fr\/wp-json\/wp\/v2\/tags?post=564771"}],"curies":[{"name":"wp","href":"https:\/\/api.w.org\/{rel}","templated":true}]}}