{"id":564774,"date":"2025-11-28T15:54:21","date_gmt":"2025-11-28T15:54:21","guid":{"rendered":"https:\/\/www.europesays.com\/fr\/564774\/"},"modified":"2025-11-28T15:54:21","modified_gmt":"2025-11-28T15:54:21","slug":"rapport-de-la-cour-des-comptes-de-lue-beaucoup-de-dechets-beaucoup-de-recyclage","status":"publish","type":"post","link":"https:\/\/www.europesays.com\/fr\/564774\/","title":{"rendered":"Rapport de la Cour des comptes de l&rsquo;UE : beaucoup de d\u00e9chets, beaucoup de recyclage"},"content":{"rendered":"<p class=\"Paragraph_paragraph__exhQA Paragraph_paragraph--default-lg-default__8QZrI articleParagraph\">Peu d&rsquo;\u00c9tats membres de l&rsquo;UE produisent autant de d\u00e9chets par habitant que le Luxembourg: c&rsquo;est ce qui ressort d&rsquo;un r\u00e9cent <a class=\"LinkText_link-text__4lolN annotation-link_annotationLink__nXU8B\" href=\"https:\/\/www.eca.europa.eu\/de\/publications\/SR-2025-23\" target=\"_blank\" rel=\"noopener\">rapport sp\u00e9cial de la Cour des comptes europ\u00e9enne<\/a>. Seuls l&rsquo;Autriche et le Danemark produisent plus de d\u00e9chets que le Luxembourg, avec environ 800 kg de d\u00e9chets par habitant. Chez nous, 714 kilos de d\u00e9chets ont \u00e9t\u00e9 produits par personne en 2023. Le Grand-Duch\u00e9 se situe ainsi nettement au-dessus de la moyenne europ\u00e9enne de 511 kilos de d\u00e9chets par personne et par an.<\/p>\n<p><a href=\"https:\/\/www.virgule.lu\/luxembourg\/207-a-311-kilos-par-habitant-les-chiffres-du-tri-des-dechets-dans-les-communes-du-sias\/89392351.html\" class=\"RelatedTeaser_related-teaser__w3AgI RelatedTeaser_related-teaser--image__GJcRr read-more_withImage__1YJa_\" data-article-id=\"89392351\" target=\"_blank\" rel=\"noopener\"><\/p>\n<p>Lire aussi :207 \u00e0 311 kilos par habitant: les chiffres du tri des d\u00e9chets dans les communes du SIAS<\/p>\n<p><\/a><\/p>\n<p class=\"Paragraph_paragraph__exhQA Paragraph_paragraph--default-lg-default__8QZrI articleParagraph\">Dans leur rapport, les auditeurs de la Cour des comptes se r\u00e9f\u00e8rent aux donn\u00e9es de l&rsquo;autorit\u00e9 statistique europ\u00e9enne Eurostat. Pour le Luxembourg, les chiffres les plus r\u00e9cents sont disponibles pour l&rsquo;ann\u00e9e 2023.<\/p>\n<p>Beaucoup de d\u00e9chets, mais aussi beaucoup de recyclage<\/p>\n<p class=\"Paragraph_paragraph__exhQA Paragraph_paragraph--default-lg-default__8QZrI articleParagraph\">Selon ce rapport, la majeure partie des d\u00e9chets, soit environ 400 kilos par habitant, est soit recycl\u00e9e, soit compost\u00e9e au Luxembourg. Pr\u00e8s de 300 kilogrammes de la quantit\u00e9 produite par habitant finissent, par contre, \u00e0 l&rsquo;incin\u00e9ration. Tandis qu\u2019une partie nettement plus faible est mise en d\u00e9charge.<\/p>\n<p class=\"Paragraph_paragraph__exhQA Paragraph_paragraph--default-lg-default__8QZrI articleParagraph\">La part du recyclage et du compostage dans l&rsquo;ensemble de l&rsquo;\u00e9limination des d\u00e9chets est chiffr\u00e9e par Eurostat \u00e0 environ 60%. Cette valeur est donc nettement sup\u00e9rieure \u00e0 la moyenne europ\u00e9enne qui est d&rsquo;un peu plus de 50%. <\/p>\n<p class=\"Paragraph_paragraph__exhQA Paragraph_paragraph--default-lg-default__8QZrI articleParagraph\">Avec ces chiffres, le Luxembourg ne court aucun risque, selon la Cour des comptes europ\u00e9enne, de manquer l\u2019objectif fix\u00e9 par l\u2019UE en mati\u00e8re de recyclage des d\u00e9chets. Ces directives, ainsi que d\u2019autres concernant la gestion des d\u00e9chets, ont \u00e9t\u00e9 renforc\u00e9es pour la derni\u00e8re fois en 2018 par la Commission europ\u00e9enne et sont juridiquement contraignantes. <\/p>\n<p class=\"Paragraph_paragraph__exhQA Paragraph_paragraph--default-lg-default__8QZrI articleParagraph\">Un autre objectif concerne la mise en d\u00e9charge des d\u00e9chets: d\u2019ici 2035, seuls 10% des d\u00e9chets au maximum devront y \u00eatre \u00e9limin\u00e9s par cette voie. Selon les donn\u00e9es d\u2019Eurostat, le Luxembourg est d\u00e9j\u00e0 pass\u00e9 sous ce seuil en 2023.<\/p>\n<p class=\"Paragraph_paragraph__exhQA Paragraph_paragraph--default-lg-default__8QZrI articleParagraph\">En revanche, le Luxembourg doit encore progresser sur le taux de recyclage des d\u00e9chets d\u2019emballage: selon les donn\u00e9es de 2022, cette part du volume total des d\u00e9chets a m\u00eame recul\u00e9 de 5,3% par rapport \u00e0 2010 et se situait en 2023 en dessous de l\u2019objectif fix\u00e9 pour 2025. <\/p>\n<p class=\"Paragraph_paragraph__exhQA Paragraph_paragraph--default-lg-default__8QZrI articleParagraph\">Cet article a \u00e9t\u00e9 publi\u00e9 initialement\u00a0sur le site du\u00a0<a class=\"LinkText_link-text__4lolN annotation-link_annotationLink__nXU8B\" href=\"https:\/\/www.wort.lu\/politik\/luxemburg-erzeugt-pro-kopf-die-drittmeisten-abfaelle-in-der-eu\/108169472.html\" target=\"_blank\" rel=\"noopener\">Luxemburger Wort<\/a>.\u00a0Il a \u00e9t\u00e9 traduit \u00e0 l\u2019aide d\u2019outils d\u2019intelligence artificielle qui apprennent \u00e0 partir de donn\u00e9es issues de traductions humaines, puis v\u00e9rifi\u00e9 par Julien Carette.<\/p>\n","protected":false},"excerpt":{"rendered":"Peu d&rsquo;\u00c9tats membres de l&rsquo;UE produisent autant de d\u00e9chets par habitant que le Luxembourg: c&rsquo;est ce qui ressort&hellip;\n","protected":false},"author":2,"featured_media":564775,"comment_status":"","ping_status":"","sticky":false,"template":"","format":"standard","meta":{"footnotes":""},"categories":[1586],"tags":[11,1777,674,1779,1011,27,12,25,1778,364],"class_list":{"0":"post-564774","1":"post","2":"type-post","3":"status-publish","4":"format-standard","5":"has-post-thumbnail","7":"category-europe","8":"tag-actualites","9":"tag-eu","10":"tag-europe","11":"tag-european-union","12":"tag-fr","13":"tag-france","14":"tag-news","15":"tag-republique-francaise","16":"tag-ue","17":"tag-union-europeenne"},"share_on_mastodon":{"url":"https:\/\/pubeurope.com\/@fr\/115628137867113512","error":""},"_links":{"self":[{"href":"https:\/\/www.europesays.com\/fr\/wp-json\/wp\/v2\/posts\/564774","targetHints":{"allow":["GET"]}}],"collection":[{"href":"https:\/\/www.europesays.com\/fr\/wp-json\/wp\/v2\/posts"}],"about":[{"href":"https:\/\/www.europesays.com\/fr\/wp-json\/wp\/v2\/types\/post"}],"author":[{"embeddable":true,"href":"https:\/\/www.europesays.com\/fr\/wp-json\/wp\/v2\/users\/2"}],"replies":[{"embeddable":true,"href":"https:\/\/www.europesays.com\/fr\/wp-json\/wp\/v2\/comments?post=564774"}],"version-history":[{"count":0,"href":"https:\/\/www.europesays.com\/fr\/wp-json\/wp\/v2\/posts\/564774\/revisions"}],"wp:featuredmedia":[{"embeddable":true,"href":"https:\/\/www.europesays.com\/fr\/wp-json\/wp\/v2\/media\/564775"}],"wp:attachment":[{"href":"https:\/\/www.europesays.com\/fr\/wp-json\/wp\/v2\/media?parent=564774"}],"wp:term":[{"taxonomy":"category","embeddable":true,"href":"https:\/\/www.europesays.com\/fr\/wp-json\/wp\/v2\/categories?post=564774"},{"taxonomy":"post_tag","embeddable":true,"href":"https:\/\/www.europesays.com\/fr\/wp-json\/wp\/v2\/tags?post=564774"}],"curies":[{"name":"wp","href":"https:\/\/api.w.org\/{rel}","templated":true}]}}